{"id":390,"date":"2017-09-27T21:28:50","date_gmt":"2017-09-27T19:28:50","guid":{"rendered":"http:\/\/ayari-racing.com\/?p=390"},"modified":"2017-10-08T18:19:08","modified_gmt":"2017-10-08T16:19:08","slug":"le-gt4-series-sexporte-en-catalogne-ce-week-end-meeting-de-barcelone","status":"publish","type":"post","link":"https:\/\/www.ayari-racing.com\/index.php\/2017\/09\/27\/le-gt4-series-sexporte-en-catalogne-ce-week-end-meeting-de-barcelone\/","title":{"rendered":"LE GT4 SERIES S\u2019EXPORTE EN CATALOGNE CE WEEK-END : MEETING DE BARCELONE."},"content":{"rendered":"<p>&nbsp;<\/p>\n<p class=\"spip\">Avant-dernier meeting de la saison 2017, le GT4 SERIES fait ses quartiers de rentr\u00e9e sur le Circuit de Catalunya, 30 km. au nord de Barcelone. Un trac\u00e9 incontournable pour tout grand championnat qui se respecte, th\u00e9\u00e2tre notamment du GP d\u2019Espagne F1 et MotoGP.<\/p>\n<p class=\"spip\">Pour le duo Nicolas TARDIF &#8211; Soheil AYARI (Team CMR), auteur d\u2019un podium il y a trois semaines \u00e0 Magny-Cours et totalement dans le coup en termes de performances, le trac\u00e9 catalan et ses longues courbes devraient mettre en avant les qualit\u00e9s de tenue de route de la Ginetta G55.<\/p>\n<p>\u00ab\u00a0<i class=\"spip\">Il nous faut maintenant une victoire, nous avons manqu\u00e9 de r\u00e9ussite \u00e0 plusieurs reprises alors que nous \u00e9tions aux avant-postes\u00a0!<\/i>\u00a0\u00bb commentait Soheil. L\u2019\u00e9preuve est d\u2019ores et d\u00e9j\u00e0 un succ\u00e8s pour les organisateurs qui attendent quasiment 40 voitures engag\u00e9s\u00a0!<\/p>\n","protected":false},"excerpt":{"rendered":"<p>&nbsp; Avant-dernier meeting de la saison 2017, le GT4 SERIES fait ses quartiers de rentr\u00e9e sur le Circuit de Catalunya, 30 km. au nord de Barcelone. Un trac\u00e9 incontournable pour tout grand championnat qui se respecte, th\u00e9\u00e2tre notamment du GP d\u2019Espagne F1 et MotoGP. Pour&#8230;<\/p>\n","protected":false},"author":2,"featured_media":392,"comment_status":"closed","ping_status":"closed","sticky":false,"template":"","format":"standard","meta":{"_exactmetrics_skip_tracking":false,"_exactmetrics_sitenote_active":false,"_exactmetrics_sitenote_note":"","_exactmetrics_sitenote_category":0,"footnotes":""},"categories":[5],"tags":[],"yoast_head":"<!-- This site is optimized with the Yoast SEO plugin v24.5 - https:\/\/yoast.com\/wordpress\/plugins\/seo\/ -->\n<title>LE GT4 SERIES S\u2019EXPORTE EN CATALOGNE CE WEEK-END : MEETING DE BARCELONE. - ayari-racing<\/title>\n<meta name=\"robots\" content=\"index, follow, max-snippet:-1, max-image-preview:large, max-video-preview:-1\" \/>\n<link rel=\"canonical\" href=\"https:\/\/www.ayari-racing.com\/index.php\/2017\/09\/27\/le-gt4-series-sexporte-en-catalogne-ce-week-end-meeting-de-barcelone\/\" \/>\n<meta property=\"og:locale\" content=\"fr_FR\" \/>\n<meta property=\"og:type\" content=\"article\" \/>\n<meta property=\"og:title\" content=\"LE GT4 SERIES S\u2019EXPORTE EN CATALOGNE CE WEEK-END : MEETING DE BARCELONE. - ayari-racing\" \/>\n<meta property=\"og:description\" content=\"&nbsp; Avant-dernier meeting de la saison 2017, le GT4 SERIES fait ses quartiers de rentr\u00e9e sur le Circuit de Catalunya, 30 km. au nord de Barcelone. Un trac\u00e9 incontournable pour tout grand championnat qui se respecte, th\u00e9\u00e2tre notamment du GP d\u2019Espagne F1 et MotoGP. Pour...\" \/>\n<meta property=\"og:url\" content=\"https:\/\/www.ayari-racing.com\/index.php\/2017\/09\/27\/le-gt4-series-sexporte-en-catalogne-ce-week-end-meeting-de-barcelone\/\" \/>\n<meta property=\"og:site_name\" content=\"ayari-racing\" \/>\n<meta property=\"article:published_time\" content=\"2017-09-27T19:28:50+00:00\" \/>\n<meta property=\"article:modified_time\" content=\"2017-10-08T16:19:08+00:00\" \/>\n<meta property=\"og:image\" content=\"https:\/\/www.ayari-racing.com\/wp-content\/uploads\/2017\/09\/GT4_Magny-Cours_2017_043-400x267.jpg\" \/>\n\t<meta property=\"og:image:width\" content=\"400\" \/>\n\t<meta property=\"og:image:height\" content=\"267\" \/>\n\t<meta property=\"og:image:type\" content=\"image\/jpeg\" \/>\n<meta name=\"author\" content=\"stephane lecointe\" \/>\n<meta name=\"twitter:card\" content=\"summary_large_image\" \/>\n<meta name=\"twitter:label1\" content=\"\u00c9crit par\" \/>\n\t<meta name=\"twitter:data1\" content=\"stephane lecointe\" \/>\n\t<meta name=\"twitter:label2\" content=\"Dur\u00e9e de lecture estim\u00e9e\" \/>\n\t<meta name=\"twitter:data2\" content=\"1 minute\" \/>\n<script type=\"application\/ld+json\" class=\"yoast-schema-graph\">{\"@context\":\"https:\/\/schema.org\",\"@graph\":[{\"@type\":\"Article\",\"@id\":\"https:\/\/www.ayari-racing.com\/index.php\/2017\/09\/27\/le-gt4-series-sexporte-en-catalogne-ce-week-end-meeting-de-barcelone\/#article\",\"isPartOf\":{\"@id\":\"https:\/\/www.ayari-racing.com\/index.php\/2017\/09\/27\/le-gt4-series-sexporte-en-catalogne-ce-week-end-meeting-de-barcelone\/\"},\"author\":{\"name\":\"stephane lecointe\",\"@id\":\"https:\/\/www.ayari-racing.com\/#\/schema\/person\/b6bc8a03ec58a72f8dccbdba816ebb54\"},\"headline\":\"LE GT4 SERIES S\u2019EXPORTE EN CATALOGNE CE WEEK-END : MEETING DE BARCELONE.\",\"datePublished\":\"2017-09-27T19:28:50+00:00\",\"dateModified\":\"2017-10-08T16:19:08+00:00\",\"mainEntityOfPage\":{\"@id\":\"https:\/\/www.ayari-racing.com\/index.php\/2017\/09\/27\/le-gt4-series-sexporte-en-catalogne-ce-week-end-meeting-de-barcelone\/\"},\"wordCount\":150,\"publisher\":{\"@id\":\"https:\/\/www.ayari-racing.com\/#\/schema\/person\/32075f08efe1cf46ce5349d830333784\"},\"image\":{\"@id\":\"https:\/\/www.ayari-racing.com\/index.php\/2017\/09\/27\/le-gt4-series-sexporte-en-catalogne-ce-week-end-meeting-de-barcelone\/#primaryimage\"},\"thumbnailUrl\":\"https:\/\/www.ayari-racing.com\/wp-content\/uploads\/2017\/09\/GT4_Magny-Cours_2017_043-400x267.jpg\",\"articleSection\":[\"Ayari-racing\"],\"inLanguage\":\"fr-FR\"},{\"@type\":\"WebPage\",\"@id\":\"https:\/\/www.ayari-racing.com\/index.php\/2017\/09\/27\/le-gt4-series-sexporte-en-catalogne-ce-week-end-meeting-de-barcelone\/\",\"url\":\"https:\/\/www.ayari-racing.com\/index.php\/2017\/09\/27\/le-gt4-series-sexporte-en-catalogne-ce-week-end-meeting-de-barcelone\/\",\"name\":\"LE GT4 SERIES S\u2019EXPORTE EN CATALOGNE CE WEEK-END : MEETING DE BARCELONE. - ayari-racing\",\"isPartOf\":{\"@id\":\"https:\/\/www.ayari-racing.com\/#website\"},\"primaryImageOfPage\":{\"@id\":\"https:\/\/www.ayari-racing.com\/index.php\/2017\/09\/27\/le-gt4-series-sexporte-en-catalogne-ce-week-end-meeting-de-barcelone\/#primaryimage\"},\"image\":{\"@id\":\"https:\/\/www.ayari-racing.com\/index.php\/2017\/09\/27\/le-gt4-series-sexporte-en-catalogne-ce-week-end-meeting-de-barcelone\/#primaryimage\"},\"thumbnailUrl\":\"https:\/\/www.ayari-racing.com\/wp-content\/uploads\/2017\/09\/GT4_Magny-Cours_2017_043-400x267.jpg\",\"datePublished\":\"2017-09-27T19:28:50+00:00\",\"dateModified\":\"2017-10-08T16:19:08+00:00\",\"breadcrumb\":{\"@id\":\"https:\/\/www.ayari-racing.com\/index.php\/2017\/09\/27\/le-gt4-series-sexporte-en-catalogne-ce-week-end-meeting-de-barcelone\/#breadcrumb\"},\"inLanguage\":\"fr-FR\",\"potentialAction\":[{\"@type\":\"ReadAction\",\"target\":[\"https:\/\/www.ayari-racing.com\/index.php\/2017\/09\/27\/le-gt4-series-sexporte-en-catalogne-ce-week-end-meeting-de-barcelone\/\"]}]},{\"@type\":\"ImageObject\",\"inLanguage\":\"fr-FR\",\"@id\":\"https:\/\/www.ayari-racing.com\/index.php\/2017\/09\/27\/le-gt4-series-sexporte-en-catalogne-ce-week-end-meeting-de-barcelone\/#primaryimage\",\"url\":\"https:\/\/www.ayari-racing.com\/wp-content\/uploads\/2017\/09\/GT4_Magny-Cours_2017_043-400x267.jpg\",\"contentUrl\":\"https:\/\/www.ayari-racing.com\/wp-content\/uploads\/2017\/09\/GT4_Magny-Cours_2017_043-400x267.jpg\",\"width\":400,\"height\":267},{\"@type\":\"BreadcrumbList\",\"@id\":\"https:\/\/www.ayari-racing.com\/index.php\/2017\/09\/27\/le-gt4-series-sexporte-en-catalogne-ce-week-end-meeting-de-barcelone\/#breadcrumb\",\"itemListElement\":[{\"@type\":\"ListItem\",\"position\":1,\"name\":\"Home\",\"item\":\"https:\/\/www.ayari-racing.com\/\"},{\"@type\":\"ListItem\",\"position\":2,\"name\":\"LE GT4 SERIES S\u2019EXPORTE EN CATALOGNE CE WEEK-END : MEETING DE BARCELONE.\"}]},{\"@type\":\"WebSite\",\"@id\":\"https:\/\/www.ayari-racing.com\/#website\",\"url\":\"https:\/\/www.ayari-racing.com\/\",\"name\":\"ayari-racing\",\"description\":\"Soheil Ayari, pilote automobile endurance, GT, coach de pilote\",\"publisher\":{\"@id\":\"https:\/\/www.ayari-racing.com\/#\/schema\/person\/32075f08efe1cf46ce5349d830333784\"},\"potentialAction\":[{\"@type\":\"SearchAction\",\"target\":{\"@type\":\"EntryPoint\",\"urlTemplate\":\"https:\/\/www.ayari-racing.com\/?s={search_term_string}\"},\"query-input\":{\"@type\":\"PropertyValueSpecification\",\"valueRequired\":true,\"valueName\":\"search_term_string\"}}],\"inLanguage\":\"fr-FR\"},{\"@type\":[\"Person\",\"Organization\"],\"@id\":\"https:\/\/www.ayari-racing.com\/#\/schema\/person\/32075f08efe1cf46ce5349d830333784\",\"name\":\"Ayari sassan\",\"image\":{\"@type\":\"ImageObject\",\"inLanguage\":\"fr-FR\",\"@id\":\"https:\/\/www.ayari-racing.com\/#\/schema\/person\/image\/\",\"url\":\"https:\/\/secure.gravatar.com\/avatar\/635fd46f213a2db5866407af58082930?s=96&d=mm&r=g\",\"contentUrl\":\"https:\/\/secure.gravatar.com\/avatar\/635fd46f213a2db5866407af58082930?s=96&d=mm&r=g\",\"caption\":\"Ayari sassan\"},\"logo\":{\"@id\":\"https:\/\/www.ayari-racing.com\/#\/schema\/person\/image\/\"},\"sameAs\":[\"http:\/\/www.acom-evenements.com\"]},{\"@type\":\"Person\",\"@id\":\"https:\/\/www.ayari-racing.com\/#\/schema\/person\/b6bc8a03ec58a72f8dccbdba816ebb54\",\"name\":\"stephane lecointe\",\"image\":{\"@type\":\"ImageObject\",\"inLanguage\":\"fr-FR\",\"@id\":\"https:\/\/www.ayari-racing.com\/#\/schema\/person\/image\/\",\"url\":\"https:\/\/secure.gravatar.com\/avatar\/6ee1a4dd19bd28ca26388869522c4634?s=96&d=mm&r=g\",\"contentUrl\":\"https:\/\/secure.gravatar.com\/avatar\/6ee1a4dd19bd28ca26388869522c4634?s=96&d=mm&r=g\",\"caption\":\"stephane lecointe\"},\"sameAs\":[\"http:\/\/www.reve-de-design.fr\"]}]}<\/script>\n<!-- \/ Yoast SEO plugin. -->","yoast_head_json":{"title":"LE GT4 SERIES S\u2019EXPORTE EN CATALOGNE CE WEEK-END : MEETING DE BARCELONE. - ayari-racing","robots":{"index":"index","follow":"follow","max-snippet":"max-snippet:-1","max-image-preview":"max-image-preview:large","max-video-preview":"max-video-preview:-1"},"canonical":"https:\/\/www.ayari-racing.com\/index.php\/2017\/09\/27\/le-gt4-series-sexporte-en-catalogne-ce-week-end-meeting-de-barcelone\/","og_locale":"fr_FR","og_type":"article","og_title":"LE GT4 SERIES S\u2019EXPORTE EN CATALOGNE CE WEEK-END : MEETING DE BARCELONE. - ayari-racing","og_description":"&nbsp; Avant-dernier meeting de la saison 2017, le GT4 SERIES fait ses quartiers de rentr\u00e9e sur le Circuit de Catalunya, 30 km. au nord de Barcelone. Un trac\u00e9 incontournable pour tout grand championnat qui se respecte, th\u00e9\u00e2tre notamment du GP d\u2019Espagne F1 et MotoGP. Pour...","og_url":"https:\/\/www.ayari-racing.com\/index.php\/2017\/09\/27\/le-gt4-series-sexporte-en-catalogne-ce-week-end-meeting-de-barcelone\/","og_site_name":"ayari-racing","article_published_time":"2017-09-27T19:28:50+00:00","article_modified_time":"2017-10-08T16:19:08+00:00","og_image":[{"width":400,"height":267,"url":"https:\/\/www.ayari-racing.com\/wp-content\/uploads\/2017\/09\/GT4_Magny-Cours_2017_043-400x267.jpg","type":"image\/jpeg"}],"author":"stephane lecointe","twitter_card":"summary_large_image","twitter_misc":{"\u00c9crit par":"stephane lecointe","Dur\u00e9e de lecture estim\u00e9e":"1 minute"},"schema":{"@context":"https:\/\/schema.org","@graph":[{"@type":"Article","@id":"https:\/\/www.ayari-racing.com\/index.php\/2017\/09\/27\/le-gt4-series-sexporte-en-catalogne-ce-week-end-meeting-de-barcelone\/#article","isPartOf":{"@id":"https:\/\/www.ayari-racing.com\/index.php\/2017\/09\/27\/le-gt4-series-sexporte-en-catalogne-ce-week-end-meeting-de-barcelone\/"},"author":{"name":"stephane lecointe","@id":"https:\/\/www.ayari-racing.com\/#\/schema\/person\/b6bc8a03ec58a72f8dccbdba816ebb54"},"headline":"LE GT4 SERIES S\u2019EXPORTE EN CATALOGNE CE WEEK-END : MEETING DE BARCELONE.","datePublished":"2017-09-27T19:28:50+00:00","dateModified":"2017-10-08T16:19:08+00:00","mainEntityOfPage":{"@id":"https:\/\/www.ayari-racing.com\/index.php\/2017\/09\/27\/le-gt4-series-sexporte-en-catalogne-ce-week-end-meeting-de-barcelone\/"},"wordCount":150,"publisher":{"@id":"https:\/\/www.ayari-racing.com\/#\/schema\/person\/32075f08efe1cf46ce5349d830333784"},"image":{"@id":"https:\/\/www.ayari-racing.com\/index.php\/2017\/09\/27\/le-gt4-series-sexporte-en-catalogne-ce-week-end-meeting-de-barcelone\/#primaryimage"},"thumbnailUrl":"https:\/\/www.ayari-racing.com\/wp-content\/uploads\/2017\/09\/GT4_Magny-Cours_2017_043-400x267.jpg","articleSection":["Ayari-racing"],"inLanguage":"fr-FR"},{"@type":"WebPage","@id":"https:\/\/www.ayari-racing.com\/index.php\/2017\/09\/27\/le-gt4-series-sexporte-en-catalogne-ce-week-end-meeting-de-barcelone\/","url":"https:\/\/www.ayari-racing.com\/index.php\/2017\/09\/27\/le-gt4-series-sexporte-en-catalogne-ce-week-end-meeting-de-barcelone\/","name":"LE GT4 SERIES S\u2019EXPORTE EN CATALOGNE CE WEEK-END : MEETING DE BARCELONE. - ayari-racing","isPartOf":{"@id":"https:\/\/www.ayari-racing.com\/#website"},"primaryImageOfPage":{"@id":"https:\/\/www.ayari-racing.com\/index.php\/2017\/09\/27\/le-gt4-series-sexporte-en-catalogne-ce-week-end-meeting-de-barcelone\/#primaryimage"},"image":{"@id":"https:\/\/www.ayari-racing.com\/index.php\/2017\/09\/27\/le-gt4-series-sexporte-en-catalogne-ce-week-end-meeting-de-barcelone\/#primaryimage"},"thumbnailUrl":"https:\/\/www.ayari-racing.com\/wp-content\/uploads\/2017\/09\/GT4_Magny-Cours_2017_043-400x267.jpg","datePublished":"2017-09-27T19:28:50+00:00","dateModified":"2017-10-08T16:19:08+00:00","breadcrumb":{"@id":"https:\/\/www.ayari-racing.com\/index.php\/2017\/09\/27\/le-gt4-series-sexporte-en-catalogne-ce-week-end-meeting-de-barcelone\/#breadcrumb"},"inLanguage":"fr-FR","potentialAction":[{"@type":"ReadAction","target":["https:\/\/www.ayari-racing.com\/index.php\/2017\/09\/27\/le-gt4-series-sexporte-en-catalogne-ce-week-end-meeting-de-barcelone\/"]}]},{"@type":"ImageObject","inLanguage":"fr-FR","@id":"https:\/\/www.ayari-racing.com\/index.php\/2017\/09\/27\/le-gt4-series-sexporte-en-catalogne-ce-week-end-meeting-de-barcelone\/#primaryimage","url":"https:\/\/www.ayari-racing.com\/wp-content\/uploads\/2017\/09\/GT4_Magny-Cours_2017_043-400x267.jpg","contentUrl":"https:\/\/www.ayari-racing.com\/wp-content\/uploads\/2017\/09\/GT4_Magny-Cours_2017_043-400x267.jpg","width":400,"height":267},{"@type":"BreadcrumbList","@id":"https:\/\/www.ayari-racing.com\/index.php\/2017\/09\/27\/le-gt4-series-sexporte-en-catalogne-ce-week-end-meeting-de-barcelone\/#breadcrumb","itemListElement":[{"@type":"ListItem","position":1,"name":"Home","item":"https:\/\/www.ayari-racing.com\/"},{"@type":"ListItem","position":2,"name":"LE GT4 SERIES S\u2019EXPORTE EN CATALOGNE CE WEEK-END : MEETING DE BARCELONE."}]},{"@type":"WebSite","@id":"https:\/\/www.ayari-racing.com\/#website","url":"https:\/\/www.ayari-racing.com\/","name":"ayari-racing","description":"Soheil Ayari, pilote automobile endurance, GT, coach de pilote","publisher":{"@id":"https:\/\/www.ayari-racing.com\/#\/schema\/person\/32075f08efe1cf46ce5349d830333784"},"potentialAction":[{"@type":"SearchAction","target":{"@type":"EntryPoint","urlTemplate":"https:\/\/www.ayari-racing.com\/?s={search_term_string}"},"query-input":{"@type":"PropertyValueSpecification","valueRequired":true,"valueName":"search_term_string"}}],"inLanguage":"fr-FR"},{"@type":["Person","Organization"],"@id":"https:\/\/www.ayari-racing.com\/#\/schema\/person\/32075f08efe1cf46ce5349d830333784","name":"Ayari sassan","image":{"@type":"ImageObject","inLanguage":"fr-FR","@id":"https:\/\/www.ayari-racing.com\/#\/schema\/person\/image\/","url":"https:\/\/secure.gravatar.com\/avatar\/635fd46f213a2db5866407af58082930?s=96&d=mm&r=g","contentUrl":"https:\/\/secure.gravatar.com\/avatar\/635fd46f213a2db5866407af58082930?s=96&d=mm&r=g","caption":"Ayari sassan"},"logo":{"@id":"https:\/\/www.ayari-racing.com\/#\/schema\/person\/image\/"},"sameAs":["http:\/\/www.acom-evenements.com"]},{"@type":"Person","@id":"https:\/\/www.ayari-racing.com\/#\/schema\/person\/b6bc8a03ec58a72f8dccbdba816ebb54","name":"stephane lecointe","image":{"@type":"ImageObject","inLanguage":"fr-FR","@id":"https:\/\/www.ayari-racing.com\/#\/schema\/person\/image\/","url":"https:\/\/secure.gravatar.com\/avatar\/6ee1a4dd19bd28ca26388869522c4634?s=96&d=mm&r=g","contentUrl":"https:\/\/secure.gravatar.com\/avatar\/6ee1a4dd19bd28ca26388869522c4634?s=96&d=mm&r=g","caption":"stephane lecointe"},"sameAs":["http:\/\/www.reve-de-design.fr"]}]}},"_links":{"self":[{"href":"https:\/\/www.ayari-racing.com\/index.php\/wp-json\/wp\/v2\/posts\/390"}],"collection":[{"href":"https:\/\/www.ayari-racing.com\/index.php\/wp-json\/wp\/v2\/posts"}],"about":[{"href":"https:\/\/www.ayari-racing.com\/index.php\/wp-json\/wp\/v2\/types\/post"}],"author":[{"embeddable":true,"href":"https:\/\/www.ayari-racing.com\/index.php\/wp-json\/wp\/v2\/users\/2"}],"replies":[{"embeddable":true,"href":"https:\/\/www.ayari-racing.com\/index.php\/wp-json\/wp\/v2\/comments?post=390"}],"version-history":[{"count":5,"href":"https:\/\/www.ayari-racing.com\/index.php\/wp-json\/wp\/v2\/posts\/390\/revisions"}],"predecessor-version":[{"id":6302,"href":"https:\/\/www.ayari-racing.com\/index.php\/wp-json\/wp\/v2\/posts\/390\/revisions\/6302"}],"wp:featuredmedia":[{"embeddable":true,"href":"https:\/\/www.ayari-racing.com\/index.php\/wp-json\/wp\/v2\/media\/392"}],"wp:attachment":[{"href":"https:\/\/www.ayari-racing.com\/index.php\/wp-json\/wp\/v2\/media?parent=390"}],"wp:term":[{"taxonomy":"category","embeddable":true,"href":"https:\/\/www.ayari-racing.com\/index.php\/wp-json\/wp\/v2\/categories?post=390"},{"taxonomy":"post_tag","embeddable":true,"href":"https:\/\/www.ayari-racing.com\/index.php\/wp-json\/wp\/v2\/tags?post=390"}],"curies":[{"name":"wp","href":"https:\/\/api.w.org\/{rel}","templated":true}]}}