{"id":6696,"date":"2017-09-08T18:26:05","date_gmt":"2017-09-08T16:26:05","guid":{"rendered":"http:\/\/ayari-racing.com\/?p=6696"},"modified":"2017-10-08T18:40:41","modified_gmt":"2017-10-08T16:40:41","slug":"cest-la-rentree-meeting-gt-tour-de-magny-cours-8-10-septembre-2017","status":"publish","type":"post","link":"https:\/\/www.ayari-racing.com\/index.php\/2017\/09\/08\/cest-la-rentree-meeting-gt-tour-de-magny-cours-8-10-septembre-2017\/","title":{"rendered":"C\u2019EST LA RENTR\u00c9E\u00a0! MEETING GT TOUR DE MAGNY-COURS 8-10 SEPTEMBRE 2017."},"content":{"rendered":"<p class=\"spip\" style=\"text-align: center;\"><span class=\"spip_documents spip_documents_left\"><img loading=\"lazy\" decoding=\"async\" class=\"spip_logos\" src=\"http:\/\/www.ayari.com\/IMG\/AFFICHE_MAGNY_COURS_GT4-150x209.jpg\" alt=\"(JPG)\" width=\"150\" height=\"209\" \/><\/span><\/p>\n<p class=\"spip\" style=\"text-align: center;\">Retour en piste ce week-end sur le trac\u00e9 nivernais de Magny-Cours pour la trentaine de concurrents des GT4 Series.<\/p>\n<p class=\"spip\" style=\"text-align: center;\">Apr\u00e8s une premi\u00e8re partie de saison o\u00f9 il aura montr\u00e9 ses performances sans concr\u00e9tiser assez souvent, le duo Soheil AYARI &#8211; Nicolas TARDIF sur la Ginetta G55 a maintenant trois meetings (soit 6 courses) pour monter \u00e0 nouveau sur le podium du GT Tour, comme ce fut le cas dans les rues de Pau d\u00e9but mai (3e).<\/p>\n<p class=\"spip\" style=\"text-align: center;\">\u00ab\u00a0<i class=\"spip\">Nous avons fait ici une tr\u00e8s bonne s\u00e9ance d\u2019essai pour pr\u00e9parer au mieux l\u2019\u00e9preuve, nous devrions \u00eatre dans le coup sur ce trac\u00e9 faisant la part belle aux qualit\u00e9s de tenue de route de l\u2019auto, avec des virages \u00e0 long rayon. L\u2019inconnue sera notre vitesse de pointe par rapport aux autres dans la longue ligne droite du circuit qui suit le virage d\u2019Estoril.<\/i><\/p>\n<div class=\"spip_documents spip_documents_center\" style=\"text-align: center;\"><img loading=\"lazy\" decoding=\"async\" class=\"spip_logos\" src=\"http:\/\/www.ayari.com\/IMG\/GT4_Dijon_034-400x267.jpg\" alt=\"(JPG)\" width=\"400\" height=\"267\" \/><\/div>\n<p class=\"spip\" style=\"text-align: center;\"><i class=\"spip\">Il faudra \u00eatre parfait dans cette courbe pour \u00e9viter de se faire prendre l\u2019aspiration en ligne droite&#8230;<\/i>\u00a0\u00bb pr\u00e9disait Soheil.<\/p>\n<div class=\"spip_documents spip_documents_center\" style=\"text-align: center;\"><img loading=\"lazy\" decoding=\"async\" class=\"spip_logos\" src=\"http:\/\/www.ayari.com\/IMG\/Pau_GT4_011-400x267.jpg\" alt=\"(JPG)\" width=\"400\" height=\"267\" \/><\/div>\n<hr class=\"spip\" \/>\n<p class=\"spip\" style=\"text-align: center;\"><strong class=\"spip\">Les horaires du meeting de Magny-Cours\u00a0:<\/strong><\/p>\n<div class=\"spip_documents spip_documents_center\" style=\"text-align: center;\"><a href=\"http:\/\/www.ayari.com\/IMG\/Horaires_de_taille_s_Magny-Cours_FFSA_GT_projet_no2.pdf\"><img loading=\"lazy\" decoding=\"async\" class=\"spip_logos\" src=\"http:\/\/www.ayari.com\/IMG\/Horaires_de_taille_s_Magny-Cours_FFSA_GT_projet_no2_Page_1-400x482.jpg\" alt=\"PDF - 239.7 ko\" width=\"400\" height=\"482\" \/><\/a><\/div>\n<hr class=\"spip\" \/>\n<p class=\"spip\" style=\"text-align: center;\"><strong class=\"spip\">La liste des engag\u00e9s GT4 Series au meeting de Magny-Cours\u00a0:<\/strong><\/p>\n<div class=\"spip_documents spip_documents_center\" style=\"text-align: center;\"><a href=\"http:\/\/www.ayari.com\/IMG\/Horaires_de_taille_s_Magny-Cours_FFSA_GT_projet_no2.pdf\"><img loading=\"lazy\" decoding=\"async\" class=\"spip_logos\" src=\"http:\/\/www.ayari.com\/IMG\/Horaires_de_taille_s_Magny-Cours_FFSA_GT_projet_no2_Page_1-400x482.jpg\" alt=\"PDF - 239.7 ko\" width=\"400\" height=\"482\" \/><\/a><\/div>\n<hr class=\"spip\" \/>\n<p class=\"spip\" style=\"text-align: center;\"><strong class=\"spip\">Photos\u00a0<a class=\"spip_out\" href=\"http:\/\/www.photographeprofessionel-patrickhecq.com\/\">Patrick HECQ<\/a>.<\/strong><\/p>\n","protected":false},"excerpt":{"rendered":"<p>Retour en piste ce week-end sur le trac\u00e9 nivernais de Magny-Cours pour la trentaine de concurrents des GT4 Series. Apr\u00e8s une premi\u00e8re partie de saison o\u00f9 il aura montr\u00e9 ses performances sans concr\u00e9tiser assez souvent, le duo Soheil AYARI &#8211; Nicolas TARDIF sur la Ginetta&#8230;<\/p>\n","protected":false},"author":2,"featured_media":6289,"comment_status":"open","ping_status":"open","sticky":false,"template":"","format":"standard","meta":{"_exactmetrics_skip_tracking":false,"_exactmetrics_sitenote_active":false,"_exactmetrics_sitenote_note":"","_exactmetrics_sitenote_category":0,"footnotes":""},"categories":[5],"tags":[],"yoast_head":"<!-- This site is optimized with the Yoast SEO plugin v24.5 - https:\/\/yoast.com\/wordpress\/plugins\/seo\/ -->\n<title>C\u2019EST LA RENTR\u00c9E\u00a0! MEETING GT TOUR DE MAGNY-COURS 8-10 SEPTEMBRE 2017. - ayari-racing<\/title>\n<meta name=\"robots\" content=\"index, follow, max-snippet:-1, max-image-preview:large, max-video-preview:-1\" \/>\n<link rel=\"canonical\" href=\"https:\/\/www.ayari-racing.com\/index.php\/2017\/09\/08\/cest-la-rentree-meeting-gt-tour-de-magny-cours-8-10-septembre-2017\/\" \/>\n<meta property=\"og:locale\" content=\"fr_FR\" \/>\n<meta property=\"og:type\" content=\"article\" \/>\n<meta property=\"og:title\" content=\"C\u2019EST LA RENTR\u00c9E\u00a0! MEETING GT TOUR DE MAGNY-COURS 8-10 SEPTEMBRE 2017. - ayari-racing\" \/>\n<meta property=\"og:description\" content=\"Retour en piste ce week-end sur le trac\u00e9 nivernais de Magny-Cours pour la trentaine de concurrents des GT4 Series. Apr\u00e8s une premi\u00e8re partie de saison o\u00f9 il aura montr\u00e9 ses performances sans concr\u00e9tiser assez souvent, le duo Soheil AYARI &#8211; Nicolas TARDIF sur la Ginetta...\" \/>\n<meta property=\"og:url\" content=\"https:\/\/www.ayari-racing.com\/index.php\/2017\/09\/08\/cest-la-rentree-meeting-gt-tour-de-magny-cours-8-10-septembre-2017\/\" \/>\n<meta property=\"og:site_name\" content=\"ayari-racing\" \/>\n<meta property=\"article:published_time\" content=\"2017-09-08T16:26:05+00:00\" \/>\n<meta property=\"article:modified_time\" content=\"2017-10-08T16:40:41+00:00\" \/>\n<meta property=\"og:image\" content=\"https:\/\/www.ayari-racing.com\/wp-content\/uploads\/2017\/09\/GT4_MAGNY_COURS_2017.jpg\" \/>\n\t<meta property=\"og:image:width\" content=\"1300\" \/>\n\t<meta property=\"og:image:height\" content=\"866\" \/>\n\t<meta property=\"og:image:type\" content=\"image\/jpeg\" \/>\n<meta name=\"author\" content=\"stephane lecointe\" \/>\n<meta name=\"twitter:card\" content=\"summary_large_image\" \/>\n<meta name=\"twitter:label1\" content=\"\u00c9crit par\" \/>\n\t<meta name=\"twitter:data1\" content=\"stephane lecointe\" \/>\n\t<meta name=\"twitter:label2\" content=\"Dur\u00e9e de lecture estim\u00e9e\" \/>\n\t<meta name=\"twitter:data2\" content=\"1 minute\" \/>\n<script type=\"application\/ld+json\" class=\"yoast-schema-graph\">{\"@context\":\"https:\/\/schema.org\",\"@graph\":[{\"@type\":\"Article\",\"@id\":\"https:\/\/www.ayari-racing.com\/index.php\/2017\/09\/08\/cest-la-rentree-meeting-gt-tour-de-magny-cours-8-10-septembre-2017\/#article\",\"isPartOf\":{\"@id\":\"https:\/\/www.ayari-racing.com\/index.php\/2017\/09\/08\/cest-la-rentree-meeting-gt-tour-de-magny-cours-8-10-septembre-2017\/\"},\"author\":{\"name\":\"stephane lecointe\",\"@id\":\"https:\/\/www.ayari-racing.com\/#\/schema\/person\/b6bc8a03ec58a72f8dccbdba816ebb54\"},\"headline\":\"C\u2019EST LA RENTR\u00c9E\u00a0! MEETING GT TOUR DE MAGNY-COURS 8-10 SEPTEMBRE 2017.\",\"datePublished\":\"2017-09-08T16:26:05+00:00\",\"dateModified\":\"2017-10-08T16:40:41+00:00\",\"mainEntityOfPage\":{\"@id\":\"https:\/\/www.ayari-racing.com\/index.php\/2017\/09\/08\/cest-la-rentree-meeting-gt-tour-de-magny-cours-8-10-septembre-2017\/\"},\"wordCount\":202,\"commentCount\":0,\"publisher\":{\"@id\":\"https:\/\/www.ayari-racing.com\/#\/schema\/person\/32075f08efe1cf46ce5349d830333784\"},\"image\":{\"@id\":\"https:\/\/www.ayari-racing.com\/index.php\/2017\/09\/08\/cest-la-rentree-meeting-gt-tour-de-magny-cours-8-10-septembre-2017\/#primaryimage\"},\"thumbnailUrl\":\"https:\/\/www.ayari-racing.com\/wp-content\/uploads\/2017\/09\/GT4_MAGNY_COURS_2017.jpg\",\"articleSection\":[\"Ayari-racing\"],\"inLanguage\":\"fr-FR\",\"potentialAction\":[{\"@type\":\"CommentAction\",\"name\":\"Comment\",\"target\":[\"https:\/\/www.ayari-racing.com\/index.php\/2017\/09\/08\/cest-la-rentree-meeting-gt-tour-de-magny-cours-8-10-septembre-2017\/#respond\"]}]},{\"@type\":\"WebPage\",\"@id\":\"https:\/\/www.ayari-racing.com\/index.php\/2017\/09\/08\/cest-la-rentree-meeting-gt-tour-de-magny-cours-8-10-septembre-2017\/\",\"url\":\"https:\/\/www.ayari-racing.com\/index.php\/2017\/09\/08\/cest-la-rentree-meeting-gt-tour-de-magny-cours-8-10-septembre-2017\/\",\"name\":\"C\u2019EST LA RENTR\u00c9E\u00a0! MEETING GT TOUR DE MAGNY-COURS 8-10 SEPTEMBRE 2017. - ayari-racing\",\"isPartOf\":{\"@id\":\"https:\/\/www.ayari-racing.com\/#website\"},\"primaryImageOfPage\":{\"@id\":\"https:\/\/www.ayari-racing.com\/index.php\/2017\/09\/08\/cest-la-rentree-meeting-gt-tour-de-magny-cours-8-10-septembre-2017\/#primaryimage\"},\"image\":{\"@id\":\"https:\/\/www.ayari-racing.com\/index.php\/2017\/09\/08\/cest-la-rentree-meeting-gt-tour-de-magny-cours-8-10-septembre-2017\/#primaryimage\"},\"thumbnailUrl\":\"https:\/\/www.ayari-racing.com\/wp-content\/uploads\/2017\/09\/GT4_MAGNY_COURS_2017.jpg\",\"datePublished\":\"2017-09-08T16:26:05+00:00\",\"dateModified\":\"2017-10-08T16:40:41+00:00\",\"breadcrumb\":{\"@id\":\"https:\/\/www.ayari-racing.com\/index.php\/2017\/09\/08\/cest-la-rentree-meeting-gt-tour-de-magny-cours-8-10-septembre-2017\/#breadcrumb\"},\"inLanguage\":\"fr-FR\",\"potentialAction\":[{\"@type\":\"ReadAction\",\"target\":[\"https:\/\/www.ayari-racing.com\/index.php\/2017\/09\/08\/cest-la-rentree-meeting-gt-tour-de-magny-cours-8-10-septembre-2017\/\"]}]},{\"@type\":\"ImageObject\",\"inLanguage\":\"fr-FR\",\"@id\":\"https:\/\/www.ayari-racing.com\/index.php\/2017\/09\/08\/cest-la-rentree-meeting-gt-tour-de-magny-cours-8-10-septembre-2017\/#primaryimage\",\"url\":\"https:\/\/www.ayari-racing.com\/wp-content\/uploads\/2017\/09\/GT4_MAGNY_COURS_2017.jpg\",\"contentUrl\":\"https:\/\/www.ayari-racing.com\/wp-content\/uploads\/2017\/09\/GT4_MAGNY_COURS_2017.jpg\",\"width\":1300,\"height\":866,\"caption\":\"Ginetta GT4-Soheil Ayari\"},{\"@type\":\"BreadcrumbList\",\"@id\":\"https:\/\/www.ayari-racing.com\/index.php\/2017\/09\/08\/cest-la-rentree-meeting-gt-tour-de-magny-cours-8-10-septembre-2017\/#breadcrumb\",\"itemListElement\":[{\"@type\":\"ListItem\",\"position\":1,\"name\":\"Home\",\"item\":\"https:\/\/www.ayari-racing.com\/\"},{\"@type\":\"ListItem\",\"position\":2,\"name\":\"C\u2019EST LA RENTR\u00c9E\u00a0! MEETING GT TOUR DE MAGNY-COURS 8-10 SEPTEMBRE 2017.\"}]},{\"@type\":\"WebSite\",\"@id\":\"https:\/\/www.ayari-racing.com\/#website\",\"url\":\"https:\/\/www.ayari-racing.com\/\",\"name\":\"ayari-racing\",\"description\":\"Soheil Ayari, pilote automobile endurance, GT, coach de pilote\",\"publisher\":{\"@id\":\"https:\/\/www.ayari-racing.com\/#\/schema\/person\/32075f08efe1cf46ce5349d830333784\"},\"potentialAction\":[{\"@type\":\"SearchAction\",\"target\":{\"@type\":\"EntryPoint\",\"urlTemplate\":\"https:\/\/www.ayari-racing.com\/?s={search_term_string}\"},\"query-input\":{\"@type\":\"PropertyValueSpecification\",\"valueRequired\":true,\"valueName\":\"search_term_string\"}}],\"inLanguage\":\"fr-FR\"},{\"@type\":[\"Person\",\"Organization\"],\"@id\":\"https:\/\/www.ayari-racing.com\/#\/schema\/person\/32075f08efe1cf46ce5349d830333784\",\"name\":\"Ayari sassan\",\"image\":{\"@type\":\"ImageObject\",\"inLanguage\":\"fr-FR\",\"@id\":\"https:\/\/www.ayari-racing.com\/#\/schema\/person\/image\/\",\"url\":\"https:\/\/secure.gravatar.com\/avatar\/635fd46f213a2db5866407af58082930?s=96&d=mm&r=g\",\"contentUrl\":\"https:\/\/secure.gravatar.com\/avatar\/635fd46f213a2db5866407af58082930?s=96&d=mm&r=g\",\"caption\":\"Ayari sassan\"},\"logo\":{\"@id\":\"https:\/\/www.ayari-racing.com\/#\/schema\/person\/image\/\"},\"sameAs\":[\"http:\/\/www.acom-evenements.com\"]},{\"@type\":\"Person\",\"@id\":\"https:\/\/www.ayari-racing.com\/#\/schema\/person\/b6bc8a03ec58a72f8dccbdba816ebb54\",\"name\":\"stephane lecointe\",\"image\":{\"@type\":\"ImageObject\",\"inLanguage\":\"fr-FR\",\"@id\":\"https:\/\/www.ayari-racing.com\/#\/schema\/person\/image\/\",\"url\":\"https:\/\/secure.gravatar.com\/avatar\/6ee1a4dd19bd28ca26388869522c4634?s=96&d=mm&r=g\",\"contentUrl\":\"https:\/\/secure.gravatar.com\/avatar\/6ee1a4dd19bd28ca26388869522c4634?s=96&d=mm&r=g\",\"caption\":\"stephane lecointe\"},\"sameAs\":[\"http:\/\/www.reve-de-design.fr\"]}]}<\/script>\n<!-- \/ Yoast SEO plugin. -->","yoast_head_json":{"title":"C\u2019EST LA RENTR\u00c9E\u00a0! MEETING GT TOUR DE MAGNY-COURS 8-10 SEPTEMBRE 2017. - ayari-racing","robots":{"index":"index","follow":"follow","max-snippet":"max-snippet:-1","max-image-preview":"max-image-preview:large","max-video-preview":"max-video-preview:-1"},"canonical":"https:\/\/www.ayari-racing.com\/index.php\/2017\/09\/08\/cest-la-rentree-meeting-gt-tour-de-magny-cours-8-10-septembre-2017\/","og_locale":"fr_FR","og_type":"article","og_title":"C\u2019EST LA RENTR\u00c9E\u00a0! MEETING GT TOUR DE MAGNY-COURS 8-10 SEPTEMBRE 2017. - ayari-racing","og_description":"Retour en piste ce week-end sur le trac\u00e9 nivernais de Magny-Cours pour la trentaine de concurrents des GT4 Series. Apr\u00e8s une premi\u00e8re partie de saison o\u00f9 il aura montr\u00e9 ses performances sans concr\u00e9tiser assez souvent, le duo Soheil AYARI &#8211; Nicolas TARDIF sur la Ginetta...","og_url":"https:\/\/www.ayari-racing.com\/index.php\/2017\/09\/08\/cest-la-rentree-meeting-gt-tour-de-magny-cours-8-10-septembre-2017\/","og_site_name":"ayari-racing","article_published_time":"2017-09-08T16:26:05+00:00","article_modified_time":"2017-10-08T16:40:41+00:00","og_image":[{"width":1300,"height":866,"url":"https:\/\/www.ayari-racing.com\/wp-content\/uploads\/2017\/09\/GT4_MAGNY_COURS_2017.jpg","type":"image\/jpeg"}],"author":"stephane lecointe","twitter_card":"summary_large_image","twitter_misc":{"\u00c9crit par":"stephane lecointe","Dur\u00e9e de lecture estim\u00e9e":"1 minute"},"schema":{"@context":"https:\/\/schema.org","@graph":[{"@type":"Article","@id":"https:\/\/www.ayari-racing.com\/index.php\/2017\/09\/08\/cest-la-rentree-meeting-gt-tour-de-magny-cours-8-10-septembre-2017\/#article","isPartOf":{"@id":"https:\/\/www.ayari-racing.com\/index.php\/2017\/09\/08\/cest-la-rentree-meeting-gt-tour-de-magny-cours-8-10-septembre-2017\/"},"author":{"name":"stephane lecointe","@id":"https:\/\/www.ayari-racing.com\/#\/schema\/person\/b6bc8a03ec58a72f8dccbdba816ebb54"},"headline":"C\u2019EST LA RENTR\u00c9E\u00a0! MEETING GT TOUR DE MAGNY-COURS 8-10 SEPTEMBRE 2017.","datePublished":"2017-09-08T16:26:05+00:00","dateModified":"2017-10-08T16:40:41+00:00","mainEntityOfPage":{"@id":"https:\/\/www.ayari-racing.com\/index.php\/2017\/09\/08\/cest-la-rentree-meeting-gt-tour-de-magny-cours-8-10-septembre-2017\/"},"wordCount":202,"commentCount":0,"publisher":{"@id":"https:\/\/www.ayari-racing.com\/#\/schema\/person\/32075f08efe1cf46ce5349d830333784"},"image":{"@id":"https:\/\/www.ayari-racing.com\/index.php\/2017\/09\/08\/cest-la-rentree-meeting-gt-tour-de-magny-cours-8-10-septembre-2017\/#primaryimage"},"thumbnailUrl":"https:\/\/www.ayari-racing.com\/wp-content\/uploads\/2017\/09\/GT4_MAGNY_COURS_2017.jpg","articleSection":["Ayari-racing"],"inLanguage":"fr-FR","potentialAction":[{"@type":"CommentAction","name":"Comment","target":["https:\/\/www.ayari-racing.com\/index.php\/2017\/09\/08\/cest-la-rentree-meeting-gt-tour-de-magny-cours-8-10-septembre-2017\/#respond"]}]},{"@type":"WebPage","@id":"https:\/\/www.ayari-racing.com\/index.php\/2017\/09\/08\/cest-la-rentree-meeting-gt-tour-de-magny-cours-8-10-septembre-2017\/","url":"https:\/\/www.ayari-racing.com\/index.php\/2017\/09\/08\/cest-la-rentree-meeting-gt-tour-de-magny-cours-8-10-septembre-2017\/","name":"C\u2019EST LA RENTR\u00c9E\u00a0! MEETING GT TOUR DE MAGNY-COURS 8-10 SEPTEMBRE 2017. - ayari-racing","isPartOf":{"@id":"https:\/\/www.ayari-racing.com\/#website"},"primaryImageOfPage":{"@id":"https:\/\/www.ayari-racing.com\/index.php\/2017\/09\/08\/cest-la-rentree-meeting-gt-tour-de-magny-cours-8-10-septembre-2017\/#primaryimage"},"image":{"@id":"https:\/\/www.ayari-racing.com\/index.php\/2017\/09\/08\/cest-la-rentree-meeting-gt-tour-de-magny-cours-8-10-septembre-2017\/#primaryimage"},"thumbnailUrl":"https:\/\/www.ayari-racing.com\/wp-content\/uploads\/2017\/09\/GT4_MAGNY_COURS_2017.jpg","datePublished":"2017-09-08T16:26:05+00:00","dateModified":"2017-10-08T16:40:41+00:00","breadcrumb":{"@id":"https:\/\/www.ayari-racing.com\/index.php\/2017\/09\/08\/cest-la-rentree-meeting-gt-tour-de-magny-cours-8-10-septembre-2017\/#breadcrumb"},"inLanguage":"fr-FR","potentialAction":[{"@type":"ReadAction","target":["https:\/\/www.ayari-racing.com\/index.php\/2017\/09\/08\/cest-la-rentree-meeting-gt-tour-de-magny-cours-8-10-septembre-2017\/"]}]},{"@type":"ImageObject","inLanguage":"fr-FR","@id":"https:\/\/www.ayari-racing.com\/index.php\/2017\/09\/08\/cest-la-rentree-meeting-gt-tour-de-magny-cours-8-10-septembre-2017\/#primaryimage","url":"https:\/\/www.ayari-racing.com\/wp-content\/uploads\/2017\/09\/GT4_MAGNY_COURS_2017.jpg","contentUrl":"https:\/\/www.ayari-racing.com\/wp-content\/uploads\/2017\/09\/GT4_MAGNY_COURS_2017.jpg","width":1300,"height":866,"caption":"Ginetta GT4-Soheil Ayari"},{"@type":"BreadcrumbList","@id":"https:\/\/www.ayari-racing.com\/index.php\/2017\/09\/08\/cest-la-rentree-meeting-gt-tour-de-magny-cours-8-10-septembre-2017\/#breadcrumb","itemListElement":[{"@type":"ListItem","position":1,"name":"Home","item":"https:\/\/www.ayari-racing.com\/"},{"@type":"ListItem","position":2,"name":"C\u2019EST LA RENTR\u00c9E\u00a0! MEETING GT TOUR DE MAGNY-COURS 8-10 SEPTEMBRE 2017."}]},{"@type":"WebSite","@id":"https:\/\/www.ayari-racing.com\/#website","url":"https:\/\/www.ayari-racing.com\/","name":"ayari-racing","description":"Soheil Ayari, pilote automobile endurance, GT, coach de pilote","publisher":{"@id":"https:\/\/www.ayari-racing.com\/#\/schema\/person\/32075f08efe1cf46ce5349d830333784"},"potentialAction":[{"@type":"SearchAction","target":{"@type":"EntryPoint","urlTemplate":"https:\/\/www.ayari-racing.com\/?s={search_term_string}"},"query-input":{"@type":"PropertyValueSpecification","valueRequired":true,"valueName":"search_term_string"}}],"inLanguage":"fr-FR"},{"@type":["Person","Organization"],"@id":"https:\/\/www.ayari-racing.com\/#\/schema\/person\/32075f08efe1cf46ce5349d830333784","name":"Ayari sassan","image":{"@type":"ImageObject","inLanguage":"fr-FR","@id":"https:\/\/www.ayari-racing.com\/#\/schema\/person\/image\/","url":"https:\/\/secure.gravatar.com\/avatar\/635fd46f213a2db5866407af58082930?s=96&d=mm&r=g","contentUrl":"https:\/\/secure.gravatar.com\/avatar\/635fd46f213a2db5866407af58082930?s=96&d=mm&r=g","caption":"Ayari sassan"},"logo":{"@id":"https:\/\/www.ayari-racing.com\/#\/schema\/person\/image\/"},"sameAs":["http:\/\/www.acom-evenements.com"]},{"@type":"Person","@id":"https:\/\/www.ayari-racing.com\/#\/schema\/person\/b6bc8a03ec58a72f8dccbdba816ebb54","name":"stephane lecointe","image":{"@type":"ImageObject","inLanguage":"fr-FR","@id":"https:\/\/www.ayari-racing.com\/#\/schema\/person\/image\/","url":"https:\/\/secure.gravatar.com\/avatar\/6ee1a4dd19bd28ca26388869522c4634?s=96&d=mm&r=g","contentUrl":"https:\/\/secure.gravatar.com\/avatar\/6ee1a4dd19bd28ca26388869522c4634?s=96&d=mm&r=g","caption":"stephane lecointe"},"sameAs":["http:\/\/www.reve-de-design.fr"]}]}},"_links":{"self":[{"href":"https:\/\/www.ayari-racing.com\/index.php\/wp-json\/wp\/v2\/posts\/6696"}],"collection":[{"href":"https:\/\/www.ayari-racing.com\/index.php\/wp-json\/wp\/v2\/posts"}],"about":[{"href":"https:\/\/www.ayari-racing.com\/index.php\/wp-json\/wp\/v2\/types\/post"}],"author":[{"embeddable":true,"href":"https:\/\/www.ayari-racing.com\/index.php\/wp-json\/wp\/v2\/users\/2"}],"replies":[{"embeddable":true,"href":"https:\/\/www.ayari-racing.com\/index.php\/wp-json\/wp\/v2\/comments?post=6696"}],"version-history":[{"count":1,"href":"https:\/\/www.ayari-racing.com\/index.php\/wp-json\/wp\/v2\/posts\/6696\/revisions"}],"predecessor-version":[{"id":6697,"href":"https:\/\/www.ayari-racing.com\/index.php\/wp-json\/wp\/v2\/posts\/6696\/revisions\/6697"}],"wp:featuredmedia":[{"embeddable":true,"href":"https:\/\/www.ayari-racing.com\/index.php\/wp-json\/wp\/v2\/media\/6289"}],"wp:attachment":[{"href":"https:\/\/www.ayari-racing.com\/index.php\/wp-json\/wp\/v2\/media?parent=6696"}],"wp:term":[{"taxonomy":"category","embeddable":true,"href":"https:\/\/www.ayari-racing.com\/index.php\/wp-json\/wp\/v2\/categories?post=6696"},{"taxonomy":"post_tag","embeddable":true,"href":"https:\/\/www.ayari-racing.com\/index.php\/wp-json\/wp\/v2\/tags?post=6696"}],"curies":[{"name":"wp","href":"https:\/\/api.w.org\/{rel}","templated":true}]}}