{"id":6710,"date":"2017-05-16T18:50:59","date_gmt":"2017-05-16T16:50:59","guid":{"rendered":"http:\/\/ayari-racing.com\/?p=6710"},"modified":"2017-10-08T18:51:35","modified_gmt":"2017-10-08T16:51:35","slug":"soheil-et-le-gt-tour-de-retour-dans-les-rues-de-pau","status":"publish","type":"post","link":"https:\/\/www.ayari-racing.com\/index.php\/2017\/05\/16\/soheil-et-le-gt-tour-de-retour-dans-les-rues-de-pau\/","title":{"rendered":"SOHEIL ET LE GT TOUR DE RETOUR DANS LES RUES DE PAU."},"content":{"rendered":"<h3 class=\"spip\" style=\"text-align: center;\">GRAND PRIX DE PAU, 20 &amp; 21 MAI 2017\u00a0: SOHEIL ET LE GT TOUR DE RETOUR DANS LES RUES DE PAU.<\/h3>\n<p class=\"spip\" style=\"text-align: center;\">La 2e manche du GT Tour se disputera ce week-end sur le trac\u00e9 urbain de Pau. Un des \u00e9v\u00e9nements auto les plus anciens de l\u2019Hexagone puisqu\u2019il s\u2019agira de la 76e \u00e9dition\u00a0!<\/p>\n<div class=\"spip_documents spip_documents_center\" style=\"text-align: center;\"><img loading=\"lazy\" decoding=\"async\" class=\"spip_logos\" src=\"http:\/\/www.ayari.com\/IMG\/PAU_SOHEIL_AYARI_1-400x267.jpg\" alt=\"(JPG)\" width=\"400\" height=\"267\" \/><\/div>\n<p class=\"spip\" style=\"text-align: center;\">Le GP de Pau, c\u2019est avant tout une course internationale de monoplace, plus pr\u00e9cis\u00e9ment la F3. Il y plusieurs d\u00e9cennies, les F1 et F2 et des pilotes nomm\u00e9s Fanjo, Clark ou Trintignant ont fait les grandes heures du Grand Prix, et plus proche de nous les F3000 avec un certain Soheil AYARI qui a frott\u00e9 ses roues avec Juan-Pablo Montoya ou Nick Heidfeld. Le pilote d\u2019Aix-les-Bains, victorieux en F Ford, F3 et SuperTourisme dans les grandes art\u00e8res de la cit\u00e9 paloise, adore ce trac\u00e9 qu\u2019il estime \u00e0 juste titre comme l\u2019\u00e9quivalent de Monaco. \u00ab\u00a0<i class=\"spip\">Pau est un trac\u00e9 tr\u00e8s semblable \u00e0 Monte Carlo, avec autant de relief et certains encha\u00eenements tr\u00e8s rythm\u00e9s comme le Parc Beaumont ou la descente de la Statue Foch. J\u2019ai vraiment h\u00e2te de me retrouver en piste\u00a0!<\/i>\u00a0\u00bb<\/p>\n<div class=\"spip_documents spip_documents_center\" style=\"text-align: center;\"><img loading=\"lazy\" decoding=\"async\" class=\"spip_logos\" src=\"http:\/\/www.ayari.com\/IMG\/PAU_SOHEIL_AYARI_2-400x284.jpg\" alt=\"(JPG)\" width=\"400\" height=\"284\" \/><\/div>\n<p class=\"spip\" style=\"text-align: center;\">Apr\u00e8s une entr\u00e9e en mati\u00e8re difficile \u00e0 Nogaro voil\u00e0 un mois (manque de vitesse de pointe face aux voitures concurrentes\u00a0:\u00a0<strong class=\"spip\"><a class=\"spip_out\" href=\"http:\/\/www.ayari.com\/article.php3?id_article=760\">lire le communiqu\u00e9<\/a><\/strong>), esp\u00e9rons que la Ginetta G55 GT4 de Soheil AYARI \/ Nicolas TARDIF puisse concr\u00e9tiser les promesses faites \u00e0 Nogaro et montrer toutes ses performances sur ce trac\u00e9 technique qui constitue le plus lent de la saison.<\/p>\n<div class=\"spip_documents spip_documents_center\" style=\"text-align: center;\"><img loading=\"lazy\" decoding=\"async\" class=\"spip_logos\" src=\"http:\/\/www.ayari.com\/IMG\/PAU_SOHEIL_AYARI_4-400x599.jpg\" alt=\"(JPG)\" width=\"400\" height=\"599\" \/><\/div>\n<p class=\"spip\" style=\"text-align: center;\">Le charme du circuit et de la ville devrait s\u2019ajouter au spectacle en piste puisque pas moins de 35 concurrents sont attendus en GT4, avec en point d\u2019orgue une \u00e9preuve disput\u00e9e \u00e0 la nuit tombante samedi soir en guise de Course 1.<\/p>\n<div class=\"spip_documents spip_documents_center\" style=\"text-align: center;\"><img loading=\"lazy\" decoding=\"async\" class=\"spip_logos\" src=\"http:\/\/www.ayari.com\/IMG\/PAU_SOHEIL_AYARI_3-400x267.jpg\" alt=\"(JPG)\" width=\"400\" height=\"267\" \/><\/div>\n<hr class=\"spip\" \/>\n<p class=\"spip\" style=\"text-align: center;\"><strong class=\"spip\">Tout sur le Grand Prix de Pau\u00a0:<\/strong><\/p>\n<div class=\"spip_documents spip_documents_center\" style=\"text-align: center;\"><img loading=\"lazy\" decoding=\"async\" class=\"spip_logos\" src=\"http:\/\/www.ayari.com\/IMG\/PAU_SOHEIL_AYARI_3_AFFICHE_GP_PAU-400x239.jpg\" alt=\"(JPG)\" width=\"400\" height=\"239\" \/><\/div>\n<hr class=\"spip\" \/>\n<p class=\"spip\" style=\"text-align: center;\"><strong class=\"spip\">D\u00e9couvrez l\u2019interview en pages Sport National de \u00ab\u00a0Sud Ouest\u00a0\u00bb parue le mercredi 12 avril dernier \u00e0 l\u2019occasion du meeting de Nogaro\u00a0:<\/strong><\/p>\n<div class=\"spip_documents spip_documents_center\"><a href=\"http:\/\/www.ayari.com\/IMG\/ARTICLE_SUD_OUEST_GT4_NOGARO_2017_1.jpg\"><img loading=\"lazy\" decoding=\"async\" class=\"spip_logos aligncenter\" src=\"http:\/\/www.ayari.com\/IMG\/ARTICLE_SUD_OUEST_GT4_NOGARO_2017-400x290.jpg\" alt=\"JPG - 1.8 Mo\" width=\"400\" height=\"290\" \/><\/a><\/div>\n","protected":false},"excerpt":{"rendered":"<p>GRAND PRIX DE PAU, 20 &amp; 21 MAI 2017\u00a0: SOHEIL ET LE GT TOUR DE RETOUR DANS LES RUES DE PAU. La 2e manche du GT Tour se disputera ce week-end sur le trac\u00e9 urbain de Pau. Un des \u00e9v\u00e9nements auto les plus anciens de&#8230;<\/p>\n","protected":false},"author":2,"featured_media":0,"comment_status":"open","ping_status":"open","sticky":false,"template":"","format":"standard","meta":{"_exactmetrics_skip_tracking":false,"_exactmetrics_sitenote_active":false,"_exactmetrics_sitenote_note":"","_exactmetrics_sitenote_category":0,"footnotes":""},"categories":[5],"tags":[],"yoast_head":"<!-- This site is optimized with the Yoast SEO plugin v24.5 - https:\/\/yoast.com\/wordpress\/plugins\/seo\/ -->\n<title>SOHEIL ET LE GT TOUR DE RETOUR DANS LES RUES DE PAU. - ayari-racing<\/title>\n<meta name=\"robots\" content=\"index, follow, max-snippet:-1, max-image-preview:large, max-video-preview:-1\" \/>\n<link rel=\"canonical\" href=\"https:\/\/www.ayari-racing.com\/index.php\/2017\/05\/16\/soheil-et-le-gt-tour-de-retour-dans-les-rues-de-pau\/\" \/>\n<meta property=\"og:locale\" content=\"fr_FR\" \/>\n<meta property=\"og:type\" content=\"article\" \/>\n<meta property=\"og:title\" content=\"SOHEIL ET LE GT TOUR DE RETOUR DANS LES RUES DE PAU. - ayari-racing\" \/>\n<meta property=\"og:description\" content=\"GRAND PRIX DE PAU, 20 &amp; 21 MAI 2017\u00a0: SOHEIL ET LE GT TOUR DE RETOUR DANS LES RUES DE PAU. La 2e manche du GT Tour se disputera ce week-end sur le trac\u00e9 urbain de Pau. Un des \u00e9v\u00e9nements auto les plus anciens de...\" \/>\n<meta property=\"og:url\" content=\"https:\/\/www.ayari-racing.com\/index.php\/2017\/05\/16\/soheil-et-le-gt-tour-de-retour-dans-les-rues-de-pau\/\" \/>\n<meta property=\"og:site_name\" content=\"ayari-racing\" \/>\n<meta property=\"article:published_time\" content=\"2017-05-16T16:50:59+00:00\" \/>\n<meta property=\"article:modified_time\" content=\"2017-10-08T16:51:35+00:00\" \/>\n<meta property=\"og:image\" content=\"http:\/\/www.ayari.com\/IMG\/PAU_SOHEIL_AYARI_1-400x267.jpg\" \/>\n<meta name=\"author\" content=\"stephane lecointe\" \/>\n<meta name=\"twitter:card\" content=\"summary_large_image\" \/>\n<meta name=\"twitter:label1\" content=\"\u00c9crit par\" \/>\n\t<meta name=\"twitter:data1\" content=\"stephane lecointe\" \/>\n\t<meta name=\"twitter:label2\" content=\"Dur\u00e9e de lecture estim\u00e9e\" \/>\n\t<meta name=\"twitter:data2\" content=\"2 minutes\" \/>\n<script type=\"application\/ld+json\" class=\"yoast-schema-graph\">{\"@context\":\"https:\/\/schema.org\",\"@graph\":[{\"@type\":\"Article\",\"@id\":\"https:\/\/www.ayari-racing.com\/index.php\/2017\/05\/16\/soheil-et-le-gt-tour-de-retour-dans-les-rues-de-pau\/#article\",\"isPartOf\":{\"@id\":\"https:\/\/www.ayari-racing.com\/index.php\/2017\/05\/16\/soheil-et-le-gt-tour-de-retour-dans-les-rues-de-pau\/\"},\"author\":{\"name\":\"stephane lecointe\",\"@id\":\"https:\/\/www.ayari-racing.com\/#\/schema\/person\/b6bc8a03ec58a72f8dccbdba816ebb54\"},\"headline\":\"SOHEIL ET LE GT TOUR DE RETOUR DANS LES RUES DE PAU.\",\"datePublished\":\"2017-05-16T16:50:59+00:00\",\"dateModified\":\"2017-10-08T16:51:35+00:00\",\"mainEntityOfPage\":{\"@id\":\"https:\/\/www.ayari-racing.com\/index.php\/2017\/05\/16\/soheil-et-le-gt-tour-de-retour-dans-les-rues-de-pau\/\"},\"wordCount\":340,\"commentCount\":0,\"publisher\":{\"@id\":\"https:\/\/www.ayari-racing.com\/#\/schema\/person\/32075f08efe1cf46ce5349d830333784\"},\"image\":{\"@id\":\"https:\/\/www.ayari-racing.com\/index.php\/2017\/05\/16\/soheil-et-le-gt-tour-de-retour-dans-les-rues-de-pau\/#primaryimage\"},\"thumbnailUrl\":\"http:\/\/www.ayari.com\/IMG\/PAU_SOHEIL_AYARI_1-400x267.jpg\",\"articleSection\":[\"Ayari-racing\"],\"inLanguage\":\"fr-FR\",\"potentialAction\":[{\"@type\":\"CommentAction\",\"name\":\"Comment\",\"target\":[\"https:\/\/www.ayari-racing.com\/index.php\/2017\/05\/16\/soheil-et-le-gt-tour-de-retour-dans-les-rues-de-pau\/#respond\"]}]},{\"@type\":\"WebPage\",\"@id\":\"https:\/\/www.ayari-racing.com\/index.php\/2017\/05\/16\/soheil-et-le-gt-tour-de-retour-dans-les-rues-de-pau\/\",\"url\":\"https:\/\/www.ayari-racing.com\/index.php\/2017\/05\/16\/soheil-et-le-gt-tour-de-retour-dans-les-rues-de-pau\/\",\"name\":\"SOHEIL ET LE GT TOUR DE RETOUR DANS LES RUES DE PAU. - ayari-racing\",\"isPartOf\":{\"@id\":\"https:\/\/www.ayari-racing.com\/#website\"},\"primaryImageOfPage\":{\"@id\":\"https:\/\/www.ayari-racing.com\/index.php\/2017\/05\/16\/soheil-et-le-gt-tour-de-retour-dans-les-rues-de-pau\/#primaryimage\"},\"image\":{\"@id\":\"https:\/\/www.ayari-racing.com\/index.php\/2017\/05\/16\/soheil-et-le-gt-tour-de-retour-dans-les-rues-de-pau\/#primaryimage\"},\"thumbnailUrl\":\"http:\/\/www.ayari.com\/IMG\/PAU_SOHEIL_AYARI_1-400x267.jpg\",\"datePublished\":\"2017-05-16T16:50:59+00:00\",\"dateModified\":\"2017-10-08T16:51:35+00:00\",\"breadcrumb\":{\"@id\":\"https:\/\/www.ayari-racing.com\/index.php\/2017\/05\/16\/soheil-et-le-gt-tour-de-retour-dans-les-rues-de-pau\/#breadcrumb\"},\"inLanguage\":\"fr-FR\",\"potentialAction\":[{\"@type\":\"ReadAction\",\"target\":[\"https:\/\/www.ayari-racing.com\/index.php\/2017\/05\/16\/soheil-et-le-gt-tour-de-retour-dans-les-rues-de-pau\/\"]}]},{\"@type\":\"ImageObject\",\"inLanguage\":\"fr-FR\",\"@id\":\"https:\/\/www.ayari-racing.com\/index.php\/2017\/05\/16\/soheil-et-le-gt-tour-de-retour-dans-les-rues-de-pau\/#primaryimage\",\"url\":\"http:\/\/www.ayari.com\/IMG\/PAU_SOHEIL_AYARI_1-400x267.jpg\",\"contentUrl\":\"http:\/\/www.ayari.com\/IMG\/PAU_SOHEIL_AYARI_1-400x267.jpg\"},{\"@type\":\"BreadcrumbList\",\"@id\":\"https:\/\/www.ayari-racing.com\/index.php\/2017\/05\/16\/soheil-et-le-gt-tour-de-retour-dans-les-rues-de-pau\/#breadcrumb\",\"itemListElement\":[{\"@type\":\"ListItem\",\"position\":1,\"name\":\"Home\",\"item\":\"https:\/\/www.ayari-racing.com\/\"},{\"@type\":\"ListItem\",\"position\":2,\"name\":\"SOHEIL ET LE GT TOUR DE RETOUR DANS LES RUES DE PAU.\"}]},{\"@type\":\"WebSite\",\"@id\":\"https:\/\/www.ayari-racing.com\/#website\",\"url\":\"https:\/\/www.ayari-racing.com\/\",\"name\":\"ayari-racing\",\"description\":\"Soheil Ayari, pilote automobile endurance, GT, coach de pilote\",\"publisher\":{\"@id\":\"https:\/\/www.ayari-racing.com\/#\/schema\/person\/32075f08efe1cf46ce5349d830333784\"},\"potentialAction\":[{\"@type\":\"SearchAction\",\"target\":{\"@type\":\"EntryPoint\",\"urlTemplate\":\"https:\/\/www.ayari-racing.com\/?s={search_term_string}\"},\"query-input\":{\"@type\":\"PropertyValueSpecification\",\"valueRequired\":true,\"valueName\":\"search_term_string\"}}],\"inLanguage\":\"fr-FR\"},{\"@type\":[\"Person\",\"Organization\"],\"@id\":\"https:\/\/www.ayari-racing.com\/#\/schema\/person\/32075f08efe1cf46ce5349d830333784\",\"name\":\"Ayari sassan\",\"image\":{\"@type\":\"ImageObject\",\"inLanguage\":\"fr-FR\",\"@id\":\"https:\/\/www.ayari-racing.com\/#\/schema\/person\/image\/\",\"url\":\"https:\/\/secure.gravatar.com\/avatar\/635fd46f213a2db5866407af58082930?s=96&d=mm&r=g\",\"contentUrl\":\"https:\/\/secure.gravatar.com\/avatar\/635fd46f213a2db5866407af58082930?s=96&d=mm&r=g\",\"caption\":\"Ayari sassan\"},\"logo\":{\"@id\":\"https:\/\/www.ayari-racing.com\/#\/schema\/person\/image\/\"},\"sameAs\":[\"http:\/\/www.acom-evenements.com\"]},{\"@type\":\"Person\",\"@id\":\"https:\/\/www.ayari-racing.com\/#\/schema\/person\/b6bc8a03ec58a72f8dccbdba816ebb54\",\"name\":\"stephane lecointe\",\"image\":{\"@type\":\"ImageObject\",\"inLanguage\":\"fr-FR\",\"@id\":\"https:\/\/www.ayari-racing.com\/#\/schema\/person\/image\/\",\"url\":\"https:\/\/secure.gravatar.com\/avatar\/6ee1a4dd19bd28ca26388869522c4634?s=96&d=mm&r=g\",\"contentUrl\":\"https:\/\/secure.gravatar.com\/avatar\/6ee1a4dd19bd28ca26388869522c4634?s=96&d=mm&r=g\",\"caption\":\"stephane lecointe\"},\"sameAs\":[\"http:\/\/www.reve-de-design.fr\"]}]}<\/script>\n<!-- \/ Yoast SEO plugin. -->","yoast_head_json":{"title":"SOHEIL ET LE GT TOUR DE RETOUR DANS LES RUES DE PAU. - ayari-racing","robots":{"index":"index","follow":"follow","max-snippet":"max-snippet:-1","max-image-preview":"max-image-preview:large","max-video-preview":"max-video-preview:-1"},"canonical":"https:\/\/www.ayari-racing.com\/index.php\/2017\/05\/16\/soheil-et-le-gt-tour-de-retour-dans-les-rues-de-pau\/","og_locale":"fr_FR","og_type":"article","og_title":"SOHEIL ET LE GT TOUR DE RETOUR DANS LES RUES DE PAU. - ayari-racing","og_description":"GRAND PRIX DE PAU, 20 &amp; 21 MAI 2017\u00a0: SOHEIL ET LE GT TOUR DE RETOUR DANS LES RUES DE PAU. La 2e manche du GT Tour se disputera ce week-end sur le trac\u00e9 urbain de Pau. Un des \u00e9v\u00e9nements auto les plus anciens de...","og_url":"https:\/\/www.ayari-racing.com\/index.php\/2017\/05\/16\/soheil-et-le-gt-tour-de-retour-dans-les-rues-de-pau\/","og_site_name":"ayari-racing","article_published_time":"2017-05-16T16:50:59+00:00","article_modified_time":"2017-10-08T16:51:35+00:00","og_image":[{"url":"http:\/\/www.ayari.com\/IMG\/PAU_SOHEIL_AYARI_1-400x267.jpg","type":"","width":"","height":""}],"author":"stephane lecointe","twitter_card":"summary_large_image","twitter_misc":{"\u00c9crit par":"stephane lecointe","Dur\u00e9e de lecture estim\u00e9e":"2 minutes"},"schema":{"@context":"https:\/\/schema.org","@graph":[{"@type":"Article","@id":"https:\/\/www.ayari-racing.com\/index.php\/2017\/05\/16\/soheil-et-le-gt-tour-de-retour-dans-les-rues-de-pau\/#article","isPartOf":{"@id":"https:\/\/www.ayari-racing.com\/index.php\/2017\/05\/16\/soheil-et-le-gt-tour-de-retour-dans-les-rues-de-pau\/"},"author":{"name":"stephane lecointe","@id":"https:\/\/www.ayari-racing.com\/#\/schema\/person\/b6bc8a03ec58a72f8dccbdba816ebb54"},"headline":"SOHEIL ET LE GT TOUR DE RETOUR DANS LES RUES DE PAU.","datePublished":"2017-05-16T16:50:59+00:00","dateModified":"2017-10-08T16:51:35+00:00","mainEntityOfPage":{"@id":"https:\/\/www.ayari-racing.com\/index.php\/2017\/05\/16\/soheil-et-le-gt-tour-de-retour-dans-les-rues-de-pau\/"},"wordCount":340,"commentCount":0,"publisher":{"@id":"https:\/\/www.ayari-racing.com\/#\/schema\/person\/32075f08efe1cf46ce5349d830333784"},"image":{"@id":"https:\/\/www.ayari-racing.com\/index.php\/2017\/05\/16\/soheil-et-le-gt-tour-de-retour-dans-les-rues-de-pau\/#primaryimage"},"thumbnailUrl":"http:\/\/www.ayari.com\/IMG\/PAU_SOHEIL_AYARI_1-400x267.jpg","articleSection":["Ayari-racing"],"inLanguage":"fr-FR","potentialAction":[{"@type":"CommentAction","name":"Comment","target":["https:\/\/www.ayari-racing.com\/index.php\/2017\/05\/16\/soheil-et-le-gt-tour-de-retour-dans-les-rues-de-pau\/#respond"]}]},{"@type":"WebPage","@id":"https:\/\/www.ayari-racing.com\/index.php\/2017\/05\/16\/soheil-et-le-gt-tour-de-retour-dans-les-rues-de-pau\/","url":"https:\/\/www.ayari-racing.com\/index.php\/2017\/05\/16\/soheil-et-le-gt-tour-de-retour-dans-les-rues-de-pau\/","name":"SOHEIL ET LE GT TOUR DE RETOUR DANS LES RUES DE PAU. - ayari-racing","isPartOf":{"@id":"https:\/\/www.ayari-racing.com\/#website"},"primaryImageOfPage":{"@id":"https:\/\/www.ayari-racing.com\/index.php\/2017\/05\/16\/soheil-et-le-gt-tour-de-retour-dans-les-rues-de-pau\/#primaryimage"},"image":{"@id":"https:\/\/www.ayari-racing.com\/index.php\/2017\/05\/16\/soheil-et-le-gt-tour-de-retour-dans-les-rues-de-pau\/#primaryimage"},"thumbnailUrl":"http:\/\/www.ayari.com\/IMG\/PAU_SOHEIL_AYARI_1-400x267.jpg","datePublished":"2017-05-16T16:50:59+00:00","dateModified":"2017-10-08T16:51:35+00:00","breadcrumb":{"@id":"https:\/\/www.ayari-racing.com\/index.php\/2017\/05\/16\/soheil-et-le-gt-tour-de-retour-dans-les-rues-de-pau\/#breadcrumb"},"inLanguage":"fr-FR","potentialAction":[{"@type":"ReadAction","target":["https:\/\/www.ayari-racing.com\/index.php\/2017\/05\/16\/soheil-et-le-gt-tour-de-retour-dans-les-rues-de-pau\/"]}]},{"@type":"ImageObject","inLanguage":"fr-FR","@id":"https:\/\/www.ayari-racing.com\/index.php\/2017\/05\/16\/soheil-et-le-gt-tour-de-retour-dans-les-rues-de-pau\/#primaryimage","url":"http:\/\/www.ayari.com\/IMG\/PAU_SOHEIL_AYARI_1-400x267.jpg","contentUrl":"http:\/\/www.ayari.com\/IMG\/PAU_SOHEIL_AYARI_1-400x267.jpg"},{"@type":"BreadcrumbList","@id":"https:\/\/www.ayari-racing.com\/index.php\/2017\/05\/16\/soheil-et-le-gt-tour-de-retour-dans-les-rues-de-pau\/#breadcrumb","itemListElement":[{"@type":"ListItem","position":1,"name":"Home","item":"https:\/\/www.ayari-racing.com\/"},{"@type":"ListItem","position":2,"name":"SOHEIL ET LE GT TOUR DE RETOUR DANS LES RUES DE PAU."}]},{"@type":"WebSite","@id":"https:\/\/www.ayari-racing.com\/#website","url":"https:\/\/www.ayari-racing.com\/","name":"ayari-racing","description":"Soheil Ayari, pilote automobile endurance, GT, coach de pilote","publisher":{"@id":"https:\/\/www.ayari-racing.com\/#\/schema\/person\/32075f08efe1cf46ce5349d830333784"},"potentialAction":[{"@type":"SearchAction","target":{"@type":"EntryPoint","urlTemplate":"https:\/\/www.ayari-racing.com\/?s={search_term_string}"},"query-input":{"@type":"PropertyValueSpecification","valueRequired":true,"valueName":"search_term_string"}}],"inLanguage":"fr-FR"},{"@type":["Person","Organization"],"@id":"https:\/\/www.ayari-racing.com\/#\/schema\/person\/32075f08efe1cf46ce5349d830333784","name":"Ayari sassan","image":{"@type":"ImageObject","inLanguage":"fr-FR","@id":"https:\/\/www.ayari-racing.com\/#\/schema\/person\/image\/","url":"https:\/\/secure.gravatar.com\/avatar\/635fd46f213a2db5866407af58082930?s=96&d=mm&r=g","contentUrl":"https:\/\/secure.gravatar.com\/avatar\/635fd46f213a2db5866407af58082930?s=96&d=mm&r=g","caption":"Ayari sassan"},"logo":{"@id":"https:\/\/www.ayari-racing.com\/#\/schema\/person\/image\/"},"sameAs":["http:\/\/www.acom-evenements.com"]},{"@type":"Person","@id":"https:\/\/www.ayari-racing.com\/#\/schema\/person\/b6bc8a03ec58a72f8dccbdba816ebb54","name":"stephane lecointe","image":{"@type":"ImageObject","inLanguage":"fr-FR","@id":"https:\/\/www.ayari-racing.com\/#\/schema\/person\/image\/","url":"https:\/\/secure.gravatar.com\/avatar\/6ee1a4dd19bd28ca26388869522c4634?s=96&d=mm&r=g","contentUrl":"https:\/\/secure.gravatar.com\/avatar\/6ee1a4dd19bd28ca26388869522c4634?s=96&d=mm&r=g","caption":"stephane lecointe"},"sameAs":["http:\/\/www.reve-de-design.fr"]}]}},"_links":{"self":[{"href":"https:\/\/www.ayari-racing.com\/index.php\/wp-json\/wp\/v2\/posts\/6710"}],"collection":[{"href":"https:\/\/www.ayari-racing.com\/index.php\/wp-json\/wp\/v2\/posts"}],"about":[{"href":"https:\/\/www.ayari-racing.com\/index.php\/wp-json\/wp\/v2\/types\/post"}],"author":[{"embeddable":true,"href":"https:\/\/www.ayari-racing.com\/index.php\/wp-json\/wp\/v2\/users\/2"}],"replies":[{"embeddable":true,"href":"https:\/\/www.ayari-racing.com\/index.php\/wp-json\/wp\/v2\/comments?post=6710"}],"version-history":[{"count":1,"href":"https:\/\/www.ayari-racing.com\/index.php\/wp-json\/wp\/v2\/posts\/6710\/revisions"}],"predecessor-version":[{"id":6711,"href":"https:\/\/www.ayari-racing.com\/index.php\/wp-json\/wp\/v2\/posts\/6710\/revisions\/6711"}],"wp:attachment":[{"href":"https:\/\/www.ayari-racing.com\/index.php\/wp-json\/wp\/v2\/media?parent=6710"}],"wp:term":[{"taxonomy":"category","embeddable":true,"href":"https:\/\/www.ayari-racing.com\/index.php\/wp-json\/wp\/v2\/categories?post=6710"},{"taxonomy":"post_tag","embeddable":true,"href":"https:\/\/www.ayari-racing.com\/index.php\/wp-json\/wp\/v2\/tags?post=6710"}],"curies":[{"name":"wp","href":"https:\/\/api.w.org\/{rel}","templated":true}]}}