{"id":8079,"date":"2018-03-14T10:03:00","date_gmt":"2018-03-14T09:03:00","guid":{"rendered":"http:\/\/www.ayari-racing.com\/?p=8079"},"modified":"2018-03-15T09:53:54","modified_gmt":"2018-03-15T08:53:54","slug":"soheil-nicolas-tardif-debuteront-gt-tour-2018","status":"publish","type":"post","link":"https:\/\/www.ayari-racing.com\/index.php\/2018\/03\/14\/soheil-nicolas-tardif-debuteront-gt-tour-2018\/","title":{"rendered":"SOHEIL ET NICOLAS TARDIF D\u00c9BUTERONT LE GT TOUR 2018 AU VOLANT DE LA GINETTA G55 GT4"},"content":{"rendered":"<p class=\"p1\" style=\"text-align: center;\"><span style=\"font-family: impact, sans-serif; font-size: 18pt; color: #000000;\"><strong><span class=\"s1\">SOHEIL ET NICOLAS TARDIF D\u00c9BUTERONT LE GT TOUR 2018 <\/span><\/strong><\/span><\/p>\n<p class=\"p1\" style=\"text-align: center;\"><span style=\"font-family: impact, sans-serif; font-size: 18pt; color: #000000;\"><strong><span class=\"s1\">AU VOLANT DE LA GINETTA G55 GT4<\/span><\/strong><\/span><\/p>\n<p>&nbsp;<\/p>\n<p class=\"p1\" style=\"text-align: justify;\"><span class=\"s1\" style=\"color: #000000; font-size: 14pt;\">La saison 2018 du Championnat de France GT d\u00e9butera dans trois semaines \u00e0 Nogaro (Gers, du 31\/03 au 02\/04) par les traditionnelles Coupes de P\u00e2ques.<\/span><\/p>\n<p><img loading=\"lazy\" decoding=\"async\" class=\" wp-image-7448 aligncenter\" src=\"http:\/\/www.ayari-racing.com\/wp-content\/uploads\/2017\/12\/Nogaro-2017-Soheil-Ayari-013-630x300.jpg\" alt=\"\" width=\"649\" height=\"309\" \/><\/p>\n<p style=\"text-align: justify;\"><span class=\"s1\" style=\"font-size: 14pt; color: #000000;\">Le plateau GT4 s\u2019annonce au moins aussi comp\u00e9titif que l\u2019an dernier, avec pas moins de huit constructeurs pr\u00e9sents et quelque 35 concurrents au d\u00e9part. Parmi eux, le duo AYARI-TARDIF, auteur de plusieurs podiums en 2017 au volant de la Ginetta G55 du Team CMR, joueront, au moins pour les 2 premi\u00e8res \u00e9preuves, la carte de la continuit\u00e9.<\/span><\/p>\n<p class=\"p1\" style=\"text-align: justify;\"><span class=\"s1\" style=\"font-size: 14pt; color: #000000;\">Soheil\u00a0: \u00ab\u00a0<em>Nous connaissons bien l\u2019auto et les pistes de Nogaro et surtout de Pau ont des parties sinueuses qui conviennent assez bien au ch\u00e2ssis de l\u2019auto.\u00a0<\/em>\u00bb La #26 avait sign\u00e9 la pole et la seconde place dans le B\u00e9arn en mai dernier.\u00a0<\/span><\/p>\n<p><img loading=\"lazy\" decoding=\"async\" class=\"wp-image-8090 aligncenter\" src=\"http:\/\/www.ayari-racing.com\/wp-content\/uploads\/2018\/03\/GT4-Barcelone-AYARI-031.jpg\" alt=\"\" width=\"648\" height=\"391\" srcset=\"https:\/\/www.ayari-racing.com\/wp-content\/uploads\/2018\/03\/GT4-Barcelone-AYARI-031.jpg 729w, https:\/\/www.ayari-racing.com\/wp-content\/uploads\/2018\/03\/GT4-Barcelone-AYARI-031-300x181.jpg 300w, https:\/\/www.ayari-racing.com\/wp-content\/uploads\/2018\/03\/GT4-Barcelone-AYARI-031-700x422.jpg 700w\" sizes=\"(max-width: 648px) 100vw, 648px\" \/><\/p>\n<p class=\"p1\" style=\"text-align: justify;\"><span class=\"s1\" style=\"font-size: 14pt; color: #000000;\">Pour enrayer le manque de vitesse de pointe de la Ginetta par rapport \u00e0 ses concurrentes, la r\u00e9glementation a permis \u00e0 la version 2018 de gagner quelques pr\u00e9cieux chevaux. Le spectacle en piste restera privil\u00e9gi\u00e9 et la balance des performances entre les diff\u00e9rentes marques respect\u00e9es puisqu\u2019\u00e0 cela s\u2019ajoutera une hauteur de caisse l\u00e9g\u00e8rement relev\u00e9e pour la Ginetta entrainant un peu moins d\u2019efficacit\u00e9 ch\u00e2ssis qu\u2019auparavant, ce qui constituait son point fort.<\/span><\/p>\n<p style=\"text-align: justify;\"><img loading=\"lazy\" decoding=\"async\" class=\"wp-image-8089 aligncenter\" src=\"http:\/\/www.ayari-racing.com\/wp-content\/uploads\/2018\/03\/CALENDRIER-GT-TOUR-GT4-2018.jpg\" alt=\"\" width=\"702\" height=\"569\" srcset=\"https:\/\/www.ayari-racing.com\/wp-content\/uploads\/2018\/03\/CALENDRIER-GT-TOUR-GT4-2018.jpg 800w, https:\/\/www.ayari-racing.com\/wp-content\/uploads\/2018\/03\/CALENDRIER-GT-TOUR-GT4-2018-300x243.jpg 300w, https:\/\/www.ayari-racing.com\/wp-content\/uploads\/2018\/03\/CALENDRIER-GT-TOUR-GT4-2018-768x622.jpg 768w, https:\/\/www.ayari-racing.com\/wp-content\/uploads\/2018\/03\/CALENDRIER-GT-TOUR-GT4-2018-700x567.jpg 700w\" sizes=\"(max-width: 702px) 100vw, 702px\" \/><\/p>\n<p>&nbsp;<\/p>\n","protected":false},"excerpt":{"rendered":"<p>SOHEIL ET NICOLAS TARDIF D\u00c9BUTERONT LE GT TOUR 2018 AU VOLANT DE LA GINETTA G55 GT4 &nbsp; La saison 2018 du Championnat de France GT d\u00e9butera dans trois semaines \u00e0 Nogaro (Gers, du 31\/03 au 02\/04) par les traditionnelles Coupes de P\u00e2ques. Le plateau GT4&#8230;<\/p>\n","protected":false},"author":2,"featured_media":8074,"comment_status":"open","ping_status":"open","sticky":false,"template":"","format":"standard","meta":{"_exactmetrics_skip_tracking":false,"_exactmetrics_sitenote_active":false,"_exactmetrics_sitenote_note":"","_exactmetrics_sitenote_category":0,"footnotes":""},"categories":[5],"tags":[],"yoast_head":"<!-- This site is optimized with the Yoast SEO plugin v24.5 - https:\/\/yoast.com\/wordpress\/plugins\/seo\/ -->\n<title>SOHEIL ET NICOLAS TARDIF D\u00c9BUTERONT LE GT TOUR 2018 AU VOLANT DE LA GINETTA G55 GT4 - ayari-racing<\/title>\n<meta name=\"robots\" content=\"index, follow, max-snippet:-1, max-image-preview:large, max-video-preview:-1\" \/>\n<link rel=\"canonical\" href=\"https:\/\/www.ayari-racing.com\/index.php\/2018\/03\/14\/soheil-nicolas-tardif-debuteront-gt-tour-2018\/\" \/>\n<meta property=\"og:locale\" content=\"fr_FR\" \/>\n<meta property=\"og:type\" content=\"article\" \/>\n<meta property=\"og:title\" content=\"SOHEIL ET NICOLAS TARDIF D\u00c9BUTERONT LE GT TOUR 2018 AU VOLANT DE LA GINETTA G55 GT4 - ayari-racing\" \/>\n<meta property=\"og:description\" content=\"SOHEIL ET NICOLAS TARDIF D\u00c9BUTERONT LE GT TOUR 2018 AU VOLANT DE LA GINETTA G55 GT4 &nbsp; La saison 2018 du Championnat de France GT d\u00e9butera dans trois semaines \u00e0 Nogaro (Gers, du 31\/03 au 02\/04) par les traditionnelles Coupes de P\u00e2ques. Le plateau GT4...\" \/>\n<meta property=\"og:url\" content=\"https:\/\/www.ayari-racing.com\/index.php\/2018\/03\/14\/soheil-nicolas-tardif-debuteront-gt-tour-2018\/\" \/>\n<meta property=\"og:site_name\" content=\"ayari-racing\" \/>\n<meta property=\"article:published_time\" content=\"2018-03-14T09:03:00+00:00\" \/>\n<meta property=\"article:modified_time\" content=\"2018-03-15T08:53:54+00:00\" \/>\n<meta property=\"og:image\" content=\"https:\/\/www.ayari-racing.com\/wp-content\/uploads\/2018\/03\/Pau-GT4-010.jpg\" \/>\n\t<meta property=\"og:image:width\" content=\"1000\" \/>\n\t<meta property=\"og:image:height\" content=\"399\" \/>\n\t<meta property=\"og:image:type\" content=\"image\/jpeg\" \/>\n<meta name=\"author\" content=\"stephane lecointe\" \/>\n<meta name=\"twitter:card\" content=\"summary_large_image\" \/>\n<meta name=\"twitter:label1\" content=\"\u00c9crit par\" \/>\n\t<meta name=\"twitter:data1\" content=\"stephane lecointe\" \/>\n\t<meta name=\"twitter:label2\" content=\"Dur\u00e9e de lecture estim\u00e9e\" \/>\n\t<meta name=\"twitter:data2\" content=\"1 minute\" \/>\n<script type=\"application\/ld+json\" class=\"yoast-schema-graph\">{\"@context\":\"https:\/\/schema.org\",\"@graph\":[{\"@type\":\"Article\",\"@id\":\"https:\/\/www.ayari-racing.com\/index.php\/2018\/03\/14\/soheil-nicolas-tardif-debuteront-gt-tour-2018\/#article\",\"isPartOf\":{\"@id\":\"https:\/\/www.ayari-racing.com\/index.php\/2018\/03\/14\/soheil-nicolas-tardif-debuteront-gt-tour-2018\/\"},\"author\":{\"name\":\"stephane lecointe\",\"@id\":\"https:\/\/www.ayari-racing.com\/#\/schema\/person\/b6bc8a03ec58a72f8dccbdba816ebb54\"},\"headline\":\"SOHEIL ET NICOLAS TARDIF D\u00c9BUTERONT LE GT TOUR 2018 AU VOLANT DE LA GINETTA G55 GT4\",\"datePublished\":\"2018-03-14T09:03:00+00:00\",\"dateModified\":\"2018-03-15T08:53:54+00:00\",\"mainEntityOfPage\":{\"@id\":\"https:\/\/www.ayari-racing.com\/index.php\/2018\/03\/14\/soheil-nicolas-tardif-debuteront-gt-tour-2018\/\"},\"wordCount\":241,\"commentCount\":0,\"publisher\":{\"@id\":\"https:\/\/www.ayari-racing.com\/#\/schema\/person\/32075f08efe1cf46ce5349d830333784\"},\"image\":{\"@id\":\"https:\/\/www.ayari-racing.com\/index.php\/2018\/03\/14\/soheil-nicolas-tardif-debuteront-gt-tour-2018\/#primaryimage\"},\"thumbnailUrl\":\"https:\/\/www.ayari-racing.com\/wp-content\/uploads\/2018\/03\/Pau-GT4-010.jpg\",\"articleSection\":[\"Ayari-racing\"],\"inLanguage\":\"fr-FR\",\"potentialAction\":[{\"@type\":\"CommentAction\",\"name\":\"Comment\",\"target\":[\"https:\/\/www.ayari-racing.com\/index.php\/2018\/03\/14\/soheil-nicolas-tardif-debuteront-gt-tour-2018\/#respond\"]}]},{\"@type\":\"WebPage\",\"@id\":\"https:\/\/www.ayari-racing.com\/index.php\/2018\/03\/14\/soheil-nicolas-tardif-debuteront-gt-tour-2018\/\",\"url\":\"https:\/\/www.ayari-racing.com\/index.php\/2018\/03\/14\/soheil-nicolas-tardif-debuteront-gt-tour-2018\/\",\"name\":\"SOHEIL ET NICOLAS TARDIF D\u00c9BUTERONT LE GT TOUR 2018 AU VOLANT DE LA GINETTA G55 GT4 - ayari-racing\",\"isPartOf\":{\"@id\":\"https:\/\/www.ayari-racing.com\/#website\"},\"primaryImageOfPage\":{\"@id\":\"https:\/\/www.ayari-racing.com\/index.php\/2018\/03\/14\/soheil-nicolas-tardif-debuteront-gt-tour-2018\/#primaryimage\"},\"image\":{\"@id\":\"https:\/\/www.ayari-racing.com\/index.php\/2018\/03\/14\/soheil-nicolas-tardif-debuteront-gt-tour-2018\/#primaryimage\"},\"thumbnailUrl\":\"https:\/\/www.ayari-racing.com\/wp-content\/uploads\/2018\/03\/Pau-GT4-010.jpg\",\"datePublished\":\"2018-03-14T09:03:00+00:00\",\"dateModified\":\"2018-03-15T08:53:54+00:00\",\"breadcrumb\":{\"@id\":\"https:\/\/www.ayari-racing.com\/index.php\/2018\/03\/14\/soheil-nicolas-tardif-debuteront-gt-tour-2018\/#breadcrumb\"},\"inLanguage\":\"fr-FR\",\"potentialAction\":[{\"@type\":\"ReadAction\",\"target\":[\"https:\/\/www.ayari-racing.com\/index.php\/2018\/03\/14\/soheil-nicolas-tardif-debuteront-gt-tour-2018\/\"]}]},{\"@type\":\"ImageObject\",\"inLanguage\":\"fr-FR\",\"@id\":\"https:\/\/www.ayari-racing.com\/index.php\/2018\/03\/14\/soheil-nicolas-tardif-debuteront-gt-tour-2018\/#primaryimage\",\"url\":\"https:\/\/www.ayari-racing.com\/wp-content\/uploads\/2018\/03\/Pau-GT4-010.jpg\",\"contentUrl\":\"https:\/\/www.ayari-racing.com\/wp-content\/uploads\/2018\/03\/Pau-GT4-010.jpg\",\"width\":1000,\"height\":399},{\"@type\":\"BreadcrumbList\",\"@id\":\"https:\/\/www.ayari-racing.com\/index.php\/2018\/03\/14\/soheil-nicolas-tardif-debuteront-gt-tour-2018\/#breadcrumb\",\"itemListElement\":[{\"@type\":\"ListItem\",\"position\":1,\"name\":\"Home\",\"item\":\"https:\/\/www.ayari-racing.com\/\"},{\"@type\":\"ListItem\",\"position\":2,\"name\":\"SOHEIL ET NICOLAS TARDIF D\u00c9BUTERONT LE GT TOUR 2018 AU VOLANT DE LA GINETTA G55 GT4\"}]},{\"@type\":\"WebSite\",\"@id\":\"https:\/\/www.ayari-racing.com\/#website\",\"url\":\"https:\/\/www.ayari-racing.com\/\",\"name\":\"ayari-racing\",\"description\":\"Soheil Ayari, pilote automobile endurance, GT, coach de pilote\",\"publisher\":{\"@id\":\"https:\/\/www.ayari-racing.com\/#\/schema\/person\/32075f08efe1cf46ce5349d830333784\"},\"potentialAction\":[{\"@type\":\"SearchAction\",\"target\":{\"@type\":\"EntryPoint\",\"urlTemplate\":\"https:\/\/www.ayari-racing.com\/?s={search_term_string}\"},\"query-input\":{\"@type\":\"PropertyValueSpecification\",\"valueRequired\":true,\"valueName\":\"search_term_string\"}}],\"inLanguage\":\"fr-FR\"},{\"@type\":[\"Person\",\"Organization\"],\"@id\":\"https:\/\/www.ayari-racing.com\/#\/schema\/person\/32075f08efe1cf46ce5349d830333784\",\"name\":\"Ayari sassan\",\"image\":{\"@type\":\"ImageObject\",\"inLanguage\":\"fr-FR\",\"@id\":\"https:\/\/www.ayari-racing.com\/#\/schema\/person\/image\/\",\"url\":\"https:\/\/secure.gravatar.com\/avatar\/635fd46f213a2db5866407af58082930?s=96&d=mm&r=g\",\"contentUrl\":\"https:\/\/secure.gravatar.com\/avatar\/635fd46f213a2db5866407af58082930?s=96&d=mm&r=g\",\"caption\":\"Ayari sassan\"},\"logo\":{\"@id\":\"https:\/\/www.ayari-racing.com\/#\/schema\/person\/image\/\"},\"sameAs\":[\"http:\/\/www.acom-evenements.com\"]},{\"@type\":\"Person\",\"@id\":\"https:\/\/www.ayari-racing.com\/#\/schema\/person\/b6bc8a03ec58a72f8dccbdba816ebb54\",\"name\":\"stephane lecointe\",\"image\":{\"@type\":\"ImageObject\",\"inLanguage\":\"fr-FR\",\"@id\":\"https:\/\/www.ayari-racing.com\/#\/schema\/person\/image\/\",\"url\":\"https:\/\/secure.gravatar.com\/avatar\/6ee1a4dd19bd28ca26388869522c4634?s=96&d=mm&r=g\",\"contentUrl\":\"https:\/\/secure.gravatar.com\/avatar\/6ee1a4dd19bd28ca26388869522c4634?s=96&d=mm&r=g\",\"caption\":\"stephane lecointe\"},\"sameAs\":[\"http:\/\/www.reve-de-design.fr\"]}]}<\/script>\n<!-- \/ Yoast SEO plugin. -->","yoast_head_json":{"title":"SOHEIL ET NICOLAS TARDIF D\u00c9BUTERONT LE GT TOUR 2018 AU VOLANT DE LA GINETTA G55 GT4 - ayari-racing","robots":{"index":"index","follow":"follow","max-snippet":"max-snippet:-1","max-image-preview":"max-image-preview:large","max-video-preview":"max-video-preview:-1"},"canonical":"https:\/\/www.ayari-racing.com\/index.php\/2018\/03\/14\/soheil-nicolas-tardif-debuteront-gt-tour-2018\/","og_locale":"fr_FR","og_type":"article","og_title":"SOHEIL ET NICOLAS TARDIF D\u00c9BUTERONT LE GT TOUR 2018 AU VOLANT DE LA GINETTA G55 GT4 - ayari-racing","og_description":"SOHEIL ET NICOLAS TARDIF D\u00c9BUTERONT LE GT TOUR 2018 AU VOLANT DE LA GINETTA G55 GT4 &nbsp; La saison 2018 du Championnat de France GT d\u00e9butera dans trois semaines \u00e0 Nogaro (Gers, du 31\/03 au 02\/04) par les traditionnelles Coupes de P\u00e2ques. Le plateau GT4...","og_url":"https:\/\/www.ayari-racing.com\/index.php\/2018\/03\/14\/soheil-nicolas-tardif-debuteront-gt-tour-2018\/","og_site_name":"ayari-racing","article_published_time":"2018-03-14T09:03:00+00:00","article_modified_time":"2018-03-15T08:53:54+00:00","og_image":[{"width":1000,"height":399,"url":"https:\/\/www.ayari-racing.com\/wp-content\/uploads\/2018\/03\/Pau-GT4-010.jpg","type":"image\/jpeg"}],"author":"stephane lecointe","twitter_card":"summary_large_image","twitter_misc":{"\u00c9crit par":"stephane lecointe","Dur\u00e9e de lecture estim\u00e9e":"1 minute"},"schema":{"@context":"https:\/\/schema.org","@graph":[{"@type":"Article","@id":"https:\/\/www.ayari-racing.com\/index.php\/2018\/03\/14\/soheil-nicolas-tardif-debuteront-gt-tour-2018\/#article","isPartOf":{"@id":"https:\/\/www.ayari-racing.com\/index.php\/2018\/03\/14\/soheil-nicolas-tardif-debuteront-gt-tour-2018\/"},"author":{"name":"stephane lecointe","@id":"https:\/\/www.ayari-racing.com\/#\/schema\/person\/b6bc8a03ec58a72f8dccbdba816ebb54"},"headline":"SOHEIL ET NICOLAS TARDIF D\u00c9BUTERONT LE GT TOUR 2018 AU VOLANT DE LA GINETTA G55 GT4","datePublished":"2018-03-14T09:03:00+00:00","dateModified":"2018-03-15T08:53:54+00:00","mainEntityOfPage":{"@id":"https:\/\/www.ayari-racing.com\/index.php\/2018\/03\/14\/soheil-nicolas-tardif-debuteront-gt-tour-2018\/"},"wordCount":241,"commentCount":0,"publisher":{"@id":"https:\/\/www.ayari-racing.com\/#\/schema\/person\/32075f08efe1cf46ce5349d830333784"},"image":{"@id":"https:\/\/www.ayari-racing.com\/index.php\/2018\/03\/14\/soheil-nicolas-tardif-debuteront-gt-tour-2018\/#primaryimage"},"thumbnailUrl":"https:\/\/www.ayari-racing.com\/wp-content\/uploads\/2018\/03\/Pau-GT4-010.jpg","articleSection":["Ayari-racing"],"inLanguage":"fr-FR","potentialAction":[{"@type":"CommentAction","name":"Comment","target":["https:\/\/www.ayari-racing.com\/index.php\/2018\/03\/14\/soheil-nicolas-tardif-debuteront-gt-tour-2018\/#respond"]}]},{"@type":"WebPage","@id":"https:\/\/www.ayari-racing.com\/index.php\/2018\/03\/14\/soheil-nicolas-tardif-debuteront-gt-tour-2018\/","url":"https:\/\/www.ayari-racing.com\/index.php\/2018\/03\/14\/soheil-nicolas-tardif-debuteront-gt-tour-2018\/","name":"SOHEIL ET NICOLAS TARDIF D\u00c9BUTERONT LE GT TOUR 2018 AU VOLANT DE LA GINETTA G55 GT4 - ayari-racing","isPartOf":{"@id":"https:\/\/www.ayari-racing.com\/#website"},"primaryImageOfPage":{"@id":"https:\/\/www.ayari-racing.com\/index.php\/2018\/03\/14\/soheil-nicolas-tardif-debuteront-gt-tour-2018\/#primaryimage"},"image":{"@id":"https:\/\/www.ayari-racing.com\/index.php\/2018\/03\/14\/soheil-nicolas-tardif-debuteront-gt-tour-2018\/#primaryimage"},"thumbnailUrl":"https:\/\/www.ayari-racing.com\/wp-content\/uploads\/2018\/03\/Pau-GT4-010.jpg","datePublished":"2018-03-14T09:03:00+00:00","dateModified":"2018-03-15T08:53:54+00:00","breadcrumb":{"@id":"https:\/\/www.ayari-racing.com\/index.php\/2018\/03\/14\/soheil-nicolas-tardif-debuteront-gt-tour-2018\/#breadcrumb"},"inLanguage":"fr-FR","potentialAction":[{"@type":"ReadAction","target":["https:\/\/www.ayari-racing.com\/index.php\/2018\/03\/14\/soheil-nicolas-tardif-debuteront-gt-tour-2018\/"]}]},{"@type":"ImageObject","inLanguage":"fr-FR","@id":"https:\/\/www.ayari-racing.com\/index.php\/2018\/03\/14\/soheil-nicolas-tardif-debuteront-gt-tour-2018\/#primaryimage","url":"https:\/\/www.ayari-racing.com\/wp-content\/uploads\/2018\/03\/Pau-GT4-010.jpg","contentUrl":"https:\/\/www.ayari-racing.com\/wp-content\/uploads\/2018\/03\/Pau-GT4-010.jpg","width":1000,"height":399},{"@type":"BreadcrumbList","@id":"https:\/\/www.ayari-racing.com\/index.php\/2018\/03\/14\/soheil-nicolas-tardif-debuteront-gt-tour-2018\/#breadcrumb","itemListElement":[{"@type":"ListItem","position":1,"name":"Home","item":"https:\/\/www.ayari-racing.com\/"},{"@type":"ListItem","position":2,"name":"SOHEIL ET NICOLAS TARDIF D\u00c9BUTERONT LE GT TOUR 2018 AU VOLANT DE LA GINETTA G55 GT4"}]},{"@type":"WebSite","@id":"https:\/\/www.ayari-racing.com\/#website","url":"https:\/\/www.ayari-racing.com\/","name":"ayari-racing","description":"Soheil Ayari, pilote automobile endurance, GT, coach de pilote","publisher":{"@id":"https:\/\/www.ayari-racing.com\/#\/schema\/person\/32075f08efe1cf46ce5349d830333784"},"potentialAction":[{"@type":"SearchAction","target":{"@type":"EntryPoint","urlTemplate":"https:\/\/www.ayari-racing.com\/?s={search_term_string}"},"query-input":{"@type":"PropertyValueSpecification","valueRequired":true,"valueName":"search_term_string"}}],"inLanguage":"fr-FR"},{"@type":["Person","Organization"],"@id":"https:\/\/www.ayari-racing.com\/#\/schema\/person\/32075f08efe1cf46ce5349d830333784","name":"Ayari sassan","image":{"@type":"ImageObject","inLanguage":"fr-FR","@id":"https:\/\/www.ayari-racing.com\/#\/schema\/person\/image\/","url":"https:\/\/secure.gravatar.com\/avatar\/635fd46f213a2db5866407af58082930?s=96&d=mm&r=g","contentUrl":"https:\/\/secure.gravatar.com\/avatar\/635fd46f213a2db5866407af58082930?s=96&d=mm&r=g","caption":"Ayari sassan"},"logo":{"@id":"https:\/\/www.ayari-racing.com\/#\/schema\/person\/image\/"},"sameAs":["http:\/\/www.acom-evenements.com"]},{"@type":"Person","@id":"https:\/\/www.ayari-racing.com\/#\/schema\/person\/b6bc8a03ec58a72f8dccbdba816ebb54","name":"stephane lecointe","image":{"@type":"ImageObject","inLanguage":"fr-FR","@id":"https:\/\/www.ayari-racing.com\/#\/schema\/person\/image\/","url":"https:\/\/secure.gravatar.com\/avatar\/6ee1a4dd19bd28ca26388869522c4634?s=96&d=mm&r=g","contentUrl":"https:\/\/secure.gravatar.com\/avatar\/6ee1a4dd19bd28ca26388869522c4634?s=96&d=mm&r=g","caption":"stephane lecointe"},"sameAs":["http:\/\/www.reve-de-design.fr"]}]}},"_links":{"self":[{"href":"https:\/\/www.ayari-racing.com\/index.php\/wp-json\/wp\/v2\/posts\/8079"}],"collection":[{"href":"https:\/\/www.ayari-racing.com\/index.php\/wp-json\/wp\/v2\/posts"}],"about":[{"href":"https:\/\/www.ayari-racing.com\/index.php\/wp-json\/wp\/v2\/types\/post"}],"author":[{"embeddable":true,"href":"https:\/\/www.ayari-racing.com\/index.php\/wp-json\/wp\/v2\/users\/2"}],"replies":[{"embeddable":true,"href":"https:\/\/www.ayari-racing.com\/index.php\/wp-json\/wp\/v2\/comments?post=8079"}],"version-history":[{"count":5,"href":"https:\/\/www.ayari-racing.com\/index.php\/wp-json\/wp\/v2\/posts\/8079\/revisions"}],"predecessor-version":[{"id":8101,"href":"https:\/\/www.ayari-racing.com\/index.php\/wp-json\/wp\/v2\/posts\/8079\/revisions\/8101"}],"wp:featuredmedia":[{"embeddable":true,"href":"https:\/\/www.ayari-racing.com\/index.php\/wp-json\/wp\/v2\/media\/8074"}],"wp:attachment":[{"href":"https:\/\/www.ayari-racing.com\/index.php\/wp-json\/wp\/v2\/media?parent=8079"}],"wp:term":[{"taxonomy":"category","embeddable":true,"href":"https:\/\/www.ayari-racing.com\/index.php\/wp-json\/wp\/v2\/categories?post=8079"},{"taxonomy":"post_tag","embeddable":true,"href":"https:\/\/www.ayari-racing.com\/index.php\/wp-json\/wp\/v2\/tags?post=8079"}],"curies":[{"name":"wp","href":"https:\/\/api.w.org\/{rel}","templated":true}]}}