{"id":8283,"date":"2018-07-01T17:56:09","date_gmt":"2018-07-01T15:56:09","guid":{"rendered":"http:\/\/www.ayari-racing.com\/?p=8283"},"modified":"2018-07-01T18:05:18","modified_gmt":"2018-07-01T16:05:18","slug":"lalpine-a110-gt4-de-soheil-ayari-nicolas-tardif-presente-a-dijon-prenois","status":"publish","type":"post","link":"https:\/\/www.ayari-racing.com\/index.php\/2018\/07\/01\/lalpine-a110-gt4-de-soheil-ayari-nicolas-tardif-presente-a-dijon-prenois\/","title":{"rendered":"L&rsquo;ALPINE A110 GT4 DE Soheil AYARI &#038; Nicolas TARDIF PR\u00c9SENTE \u00c0 DIJON-PRENOIS."},"content":{"rendered":"<p style=\"text-align: center;\"><span style=\"font-size: 24pt; font-family: impact, sans-serif; color: #000000;\"><strong>L&rsquo;ALPINE A110 GT4 DE Soheil AYARI &amp; Nicolas TARDIF <\/strong><\/span><\/p>\n<p style=\"text-align: center;\"><span style=\"font-size: 24pt; font-family: impact, sans-serif; color: #000000;\"><strong>QUE VOUS D\u00c9COUVRIREZ \u00c0 DIJON-PRENOIS<\/strong><\/span><\/p>\n<p><span style=\"font-size: 14pt; color: #000000;\">Le voile est d\u00e9sormais lev\u00e9 sur le design de l&rsquo;Apine A110 GT4 que piloteront Soheil AYARI et Nicolas TARDIF (Team CMR) \u00e0 l&rsquo;occasion du meeting de Dijon-Prenois (13 au 15 juillet).<\/span><\/p>\n<p><span style=\"font-size: 14pt; color: #000000;\">Une d\u00e9co tr\u00e8s \u00ab\u00a0racing\u00a0\u00bb sign\u00e9e par le Studio <a style=\"color: #000000;\" href=\"http:\/\/www.reve-de-design.fr\/\" target=\"_blank\" rel=\"noopener\"><strong>REVE DE DESIGN<\/strong><\/a> qui met aussi en avant l&rsquo;identit\u00e9 fran\u00e7aise d&rsquo;Alpine.<\/span><\/p>\n<p><img loading=\"lazy\" decoding=\"async\" class=\"size-large wp-image-8284 aligncenter\" src=\"http:\/\/www.ayari-racing.com\/wp-content\/uploads\/2018\/07\/alpine-GT4-2018-1030x991.jpg\" alt=\"\" width=\"1030\" height=\"991\" srcset=\"https:\/\/www.ayari-racing.com\/wp-content\/uploads\/2018\/07\/alpine-GT4-2018-1030x991.jpg 1030w, https:\/\/www.ayari-racing.com\/wp-content\/uploads\/2018\/07\/alpine-GT4-2018-300x289.jpg 300w, https:\/\/www.ayari-racing.com\/wp-content\/uploads\/2018\/07\/alpine-GT4-2018-768x739.jpg 768w, https:\/\/www.ayari-racing.com\/wp-content\/uploads\/2018\/07\/alpine-GT4-2018-700x673.jpg 700w, https:\/\/www.ayari-racing.com\/wp-content\/uploads\/2018\/07\/alpine-GT4-2018-1320x1270.jpg 1320w, https:\/\/www.ayari-racing.com\/wp-content\/uploads\/2018\/07\/alpine-GT4-2018.jpg 1500w\" sizes=\"(max-width: 1030px) 100vw, 1030px\" \/><\/p>\n<p><span style=\"font-size: 14pt; color: #000000;\">Pour la d\u00e9couvrir et encourager la voiture fran\u00e7aise face \u00e0 ses concurrentes, rendez-vous en Bourgogne dans quelques jours !<\/span><\/p>\n<p>&nbsp;<\/p>\n<p>&nbsp;<\/p>\n","protected":false},"excerpt":{"rendered":"<p>L&rsquo;ALPINE A110 GT4 DE Soheil AYARI &amp; Nicolas TARDIF QUE VOUS D\u00c9COUVRIREZ \u00c0 DIJON-PRENOIS Le voile est d\u00e9sormais lev\u00e9 sur le design de l&rsquo;Apine A110 GT4 que piloteront Soheil AYARI et Nicolas TARDIF (Team CMR) \u00e0 l&rsquo;occasion du meeting de Dijon-Prenois (13 au 15 juillet)&#8230;.<\/p>\n","protected":false},"author":4,"featured_media":8284,"comment_status":"open","ping_status":"open","sticky":false,"template":"","format":"standard","meta":{"_exactmetrics_skip_tracking":false,"_exactmetrics_sitenote_active":false,"_exactmetrics_sitenote_note":"","_exactmetrics_sitenote_category":0,"footnotes":""},"categories":[1],"tags":[],"yoast_head":"<!-- This site is optimized with the Yoast SEO plugin v24.5 - https:\/\/yoast.com\/wordpress\/plugins\/seo\/ -->\n<title>L&#039;ALPINE A110 GT4 DE Soheil AYARI &amp; Nicolas TARDIF PR\u00c9SENTE \u00c0 DIJON-PRENOIS. - ayari-racing<\/title>\n<meta name=\"robots\" content=\"index, follow, max-snippet:-1, max-image-preview:large, max-video-preview:-1\" \/>\n<link rel=\"canonical\" href=\"https:\/\/www.ayari-racing.com\/index.php\/2018\/07\/01\/lalpine-a110-gt4-de-soheil-ayari-nicolas-tardif-presente-a-dijon-prenois\/\" \/>\n<meta property=\"og:locale\" content=\"fr_FR\" \/>\n<meta property=\"og:type\" content=\"article\" \/>\n<meta property=\"og:title\" content=\"L&#039;ALPINE A110 GT4 DE Soheil AYARI &amp; Nicolas TARDIF PR\u00c9SENTE \u00c0 DIJON-PRENOIS. - ayari-racing\" \/>\n<meta property=\"og:description\" content=\"L&rsquo;ALPINE A110 GT4 DE Soheil AYARI &amp; Nicolas TARDIF QUE VOUS D\u00c9COUVRIREZ \u00c0 DIJON-PRENOIS Le voile est d\u00e9sormais lev\u00e9 sur le design de l&rsquo;Apine A110 GT4 que piloteront Soheil AYARI et Nicolas TARDIF (Team CMR) \u00e0 l&rsquo;occasion du meeting de Dijon-Prenois (13 au 15 juillet)....\" \/>\n<meta property=\"og:url\" content=\"https:\/\/www.ayari-racing.com\/index.php\/2018\/07\/01\/lalpine-a110-gt4-de-soheil-ayari-nicolas-tardif-presente-a-dijon-prenois\/\" \/>\n<meta property=\"og:site_name\" content=\"ayari-racing\" \/>\n<meta property=\"article:published_time\" content=\"2018-07-01T15:56:09+00:00\" \/>\n<meta property=\"article:modified_time\" content=\"2018-07-01T16:05:18+00:00\" \/>\n<meta property=\"og:image\" content=\"https:\/\/www.ayari-racing.com\/wp-content\/uploads\/2018\/07\/alpine-GT4-2018.jpg\" \/>\n\t<meta property=\"og:image:width\" content=\"1500\" \/>\n\t<meta property=\"og:image:height\" content=\"1443\" \/>\n\t<meta property=\"og:image:type\" content=\"image\/jpeg\" \/>\n<meta name=\"author\" content=\"Ayari sassan\" \/>\n<meta name=\"twitter:card\" content=\"summary_large_image\" \/>\n<meta name=\"twitter:label1\" content=\"\u00c9crit par\" \/>\n\t<meta name=\"twitter:data1\" content=\"Ayari sassan\" \/>\n<script type=\"application\/ld+json\" class=\"yoast-schema-graph\">{\"@context\":\"https:\/\/schema.org\",\"@graph\":[{\"@type\":\"Article\",\"@id\":\"https:\/\/www.ayari-racing.com\/index.php\/2018\/07\/01\/lalpine-a110-gt4-de-soheil-ayari-nicolas-tardif-presente-a-dijon-prenois\/#article\",\"isPartOf\":{\"@id\":\"https:\/\/www.ayari-racing.com\/index.php\/2018\/07\/01\/lalpine-a110-gt4-de-soheil-ayari-nicolas-tardif-presente-a-dijon-prenois\/\"},\"author\":{\"name\":\"Ayari sassan\",\"@id\":\"https:\/\/www.ayari-racing.com\/#\/schema\/person\/32075f08efe1cf46ce5349d830333784\"},\"headline\":\"L&rsquo;ALPINE A110 GT4 DE Soheil AYARI &#038; Nicolas TARDIF PR\u00c9SENTE \u00c0 DIJON-PRENOIS.\",\"datePublished\":\"2018-07-01T15:56:09+00:00\",\"dateModified\":\"2018-07-01T16:05:18+00:00\",\"mainEntityOfPage\":{\"@id\":\"https:\/\/www.ayari-racing.com\/index.php\/2018\/07\/01\/lalpine-a110-gt4-de-soheil-ayari-nicolas-tardif-presente-a-dijon-prenois\/\"},\"wordCount\":98,\"commentCount\":0,\"publisher\":{\"@id\":\"https:\/\/www.ayari-racing.com\/#\/schema\/person\/32075f08efe1cf46ce5349d830333784\"},\"image\":{\"@id\":\"https:\/\/www.ayari-racing.com\/index.php\/2018\/07\/01\/lalpine-a110-gt4-de-soheil-ayari-nicolas-tardif-presente-a-dijon-prenois\/#primaryimage\"},\"thumbnailUrl\":\"https:\/\/www.ayari-racing.com\/wp-content\/uploads\/2018\/07\/alpine-GT4-2018.jpg\",\"inLanguage\":\"fr-FR\",\"potentialAction\":[{\"@type\":\"CommentAction\",\"name\":\"Comment\",\"target\":[\"https:\/\/www.ayari-racing.com\/index.php\/2018\/07\/01\/lalpine-a110-gt4-de-soheil-ayari-nicolas-tardif-presente-a-dijon-prenois\/#respond\"]}]},{\"@type\":\"WebPage\",\"@id\":\"https:\/\/www.ayari-racing.com\/index.php\/2018\/07\/01\/lalpine-a110-gt4-de-soheil-ayari-nicolas-tardif-presente-a-dijon-prenois\/\",\"url\":\"https:\/\/www.ayari-racing.com\/index.php\/2018\/07\/01\/lalpine-a110-gt4-de-soheil-ayari-nicolas-tardif-presente-a-dijon-prenois\/\",\"name\":\"L'ALPINE A110 GT4 DE Soheil AYARI & Nicolas TARDIF PR\u00c9SENTE \u00c0 DIJON-PRENOIS. - ayari-racing\",\"isPartOf\":{\"@id\":\"https:\/\/www.ayari-racing.com\/#website\"},\"primaryImageOfPage\":{\"@id\":\"https:\/\/www.ayari-racing.com\/index.php\/2018\/07\/01\/lalpine-a110-gt4-de-soheil-ayari-nicolas-tardif-presente-a-dijon-prenois\/#primaryimage\"},\"image\":{\"@id\":\"https:\/\/www.ayari-racing.com\/index.php\/2018\/07\/01\/lalpine-a110-gt4-de-soheil-ayari-nicolas-tardif-presente-a-dijon-prenois\/#primaryimage\"},\"thumbnailUrl\":\"https:\/\/www.ayari-racing.com\/wp-content\/uploads\/2018\/07\/alpine-GT4-2018.jpg\",\"datePublished\":\"2018-07-01T15:56:09+00:00\",\"dateModified\":\"2018-07-01T16:05:18+00:00\",\"breadcrumb\":{\"@id\":\"https:\/\/www.ayari-racing.com\/index.php\/2018\/07\/01\/lalpine-a110-gt4-de-soheil-ayari-nicolas-tardif-presente-a-dijon-prenois\/#breadcrumb\"},\"inLanguage\":\"fr-FR\",\"potentialAction\":[{\"@type\":\"ReadAction\",\"target\":[\"https:\/\/www.ayari-racing.com\/index.php\/2018\/07\/01\/lalpine-a110-gt4-de-soheil-ayari-nicolas-tardif-presente-a-dijon-prenois\/\"]}]},{\"@type\":\"ImageObject\",\"inLanguage\":\"fr-FR\",\"@id\":\"https:\/\/www.ayari-racing.com\/index.php\/2018\/07\/01\/lalpine-a110-gt4-de-soheil-ayari-nicolas-tardif-presente-a-dijon-prenois\/#primaryimage\",\"url\":\"https:\/\/www.ayari-racing.com\/wp-content\/uploads\/2018\/07\/alpine-GT4-2018.jpg\",\"contentUrl\":\"https:\/\/www.ayari-racing.com\/wp-content\/uploads\/2018\/07\/alpine-GT4-2018.jpg\",\"width\":1500,\"height\":1443},{\"@type\":\"BreadcrumbList\",\"@id\":\"https:\/\/www.ayari-racing.com\/index.php\/2018\/07\/01\/lalpine-a110-gt4-de-soheil-ayari-nicolas-tardif-presente-a-dijon-prenois\/#breadcrumb\",\"itemListElement\":[{\"@type\":\"ListItem\",\"position\":1,\"name\":\"Home\",\"item\":\"https:\/\/www.ayari-racing.com\/\"},{\"@type\":\"ListItem\",\"position\":2,\"name\":\"L&rsquo;ALPINE A110 GT4 DE Soheil AYARI &#038; Nicolas TARDIF PR\u00c9SENTE \u00c0 DIJON-PRENOIS.\"}]},{\"@type\":\"WebSite\",\"@id\":\"https:\/\/www.ayari-racing.com\/#website\",\"url\":\"https:\/\/www.ayari-racing.com\/\",\"name\":\"ayari-racing\",\"description\":\"Soheil Ayari, pilote automobile endurance, GT, coach de pilote\",\"publisher\":{\"@id\":\"https:\/\/www.ayari-racing.com\/#\/schema\/person\/32075f08efe1cf46ce5349d830333784\"},\"potentialAction\":[{\"@type\":\"SearchAction\",\"target\":{\"@type\":\"EntryPoint\",\"urlTemplate\":\"https:\/\/www.ayari-racing.com\/?s={search_term_string}\"},\"query-input\":{\"@type\":\"PropertyValueSpecification\",\"valueRequired\":true,\"valueName\":\"search_term_string\"}}],\"inLanguage\":\"fr-FR\"},{\"@type\":[\"Person\",\"Organization\"],\"@id\":\"https:\/\/www.ayari-racing.com\/#\/schema\/person\/32075f08efe1cf46ce5349d830333784\",\"name\":\"Ayari sassan\",\"image\":{\"@type\":\"ImageObject\",\"inLanguage\":\"fr-FR\",\"@id\":\"https:\/\/www.ayari-racing.com\/#\/schema\/person\/image\/\",\"url\":\"https:\/\/secure.gravatar.com\/avatar\/635fd46f213a2db5866407af58082930?s=96&d=mm&r=g\",\"contentUrl\":\"https:\/\/secure.gravatar.com\/avatar\/635fd46f213a2db5866407af58082930?s=96&d=mm&r=g\",\"caption\":\"Ayari sassan\"},\"logo\":{\"@id\":\"https:\/\/www.ayari-racing.com\/#\/schema\/person\/image\/\"},\"sameAs\":[\"http:\/\/www.acom-evenements.com\"]}]}<\/script>\n<!-- \/ Yoast SEO plugin. -->","yoast_head_json":{"title":"L'ALPINE A110 GT4 DE Soheil AYARI & Nicolas TARDIF PR\u00c9SENTE \u00c0 DIJON-PRENOIS. - ayari-racing","robots":{"index":"index","follow":"follow","max-snippet":"max-snippet:-1","max-image-preview":"max-image-preview:large","max-video-preview":"max-video-preview:-1"},"canonical":"https:\/\/www.ayari-racing.com\/index.php\/2018\/07\/01\/lalpine-a110-gt4-de-soheil-ayari-nicolas-tardif-presente-a-dijon-prenois\/","og_locale":"fr_FR","og_type":"article","og_title":"L'ALPINE A110 GT4 DE Soheil AYARI & Nicolas TARDIF PR\u00c9SENTE \u00c0 DIJON-PRENOIS. - ayari-racing","og_description":"L&rsquo;ALPINE A110 GT4 DE Soheil AYARI &amp; Nicolas TARDIF QUE VOUS D\u00c9COUVRIREZ \u00c0 DIJON-PRENOIS Le voile est d\u00e9sormais lev\u00e9 sur le design de l&rsquo;Apine A110 GT4 que piloteront Soheil AYARI et Nicolas TARDIF (Team CMR) \u00e0 l&rsquo;occasion du meeting de Dijon-Prenois (13 au 15 juillet)....","og_url":"https:\/\/www.ayari-racing.com\/index.php\/2018\/07\/01\/lalpine-a110-gt4-de-soheil-ayari-nicolas-tardif-presente-a-dijon-prenois\/","og_site_name":"ayari-racing","article_published_time":"2018-07-01T15:56:09+00:00","article_modified_time":"2018-07-01T16:05:18+00:00","og_image":[{"width":1500,"height":1443,"url":"https:\/\/www.ayari-racing.com\/wp-content\/uploads\/2018\/07\/alpine-GT4-2018.jpg","type":"image\/jpeg"}],"author":"Ayari sassan","twitter_card":"summary_large_image","twitter_misc":{"\u00c9crit par":"Ayari sassan"},"schema":{"@context":"https:\/\/schema.org","@graph":[{"@type":"Article","@id":"https:\/\/www.ayari-racing.com\/index.php\/2018\/07\/01\/lalpine-a110-gt4-de-soheil-ayari-nicolas-tardif-presente-a-dijon-prenois\/#article","isPartOf":{"@id":"https:\/\/www.ayari-racing.com\/index.php\/2018\/07\/01\/lalpine-a110-gt4-de-soheil-ayari-nicolas-tardif-presente-a-dijon-prenois\/"},"author":{"name":"Ayari sassan","@id":"https:\/\/www.ayari-racing.com\/#\/schema\/person\/32075f08efe1cf46ce5349d830333784"},"headline":"L&rsquo;ALPINE A110 GT4 DE Soheil AYARI &#038; Nicolas TARDIF PR\u00c9SENTE \u00c0 DIJON-PRENOIS.","datePublished":"2018-07-01T15:56:09+00:00","dateModified":"2018-07-01T16:05:18+00:00","mainEntityOfPage":{"@id":"https:\/\/www.ayari-racing.com\/index.php\/2018\/07\/01\/lalpine-a110-gt4-de-soheil-ayari-nicolas-tardif-presente-a-dijon-prenois\/"},"wordCount":98,"commentCount":0,"publisher":{"@id":"https:\/\/www.ayari-racing.com\/#\/schema\/person\/32075f08efe1cf46ce5349d830333784"},"image":{"@id":"https:\/\/www.ayari-racing.com\/index.php\/2018\/07\/01\/lalpine-a110-gt4-de-soheil-ayari-nicolas-tardif-presente-a-dijon-prenois\/#primaryimage"},"thumbnailUrl":"https:\/\/www.ayari-racing.com\/wp-content\/uploads\/2018\/07\/alpine-GT4-2018.jpg","inLanguage":"fr-FR","potentialAction":[{"@type":"CommentAction","name":"Comment","target":["https:\/\/www.ayari-racing.com\/index.php\/2018\/07\/01\/lalpine-a110-gt4-de-soheil-ayari-nicolas-tardif-presente-a-dijon-prenois\/#respond"]}]},{"@type":"WebPage","@id":"https:\/\/www.ayari-racing.com\/index.php\/2018\/07\/01\/lalpine-a110-gt4-de-soheil-ayari-nicolas-tardif-presente-a-dijon-prenois\/","url":"https:\/\/www.ayari-racing.com\/index.php\/2018\/07\/01\/lalpine-a110-gt4-de-soheil-ayari-nicolas-tardif-presente-a-dijon-prenois\/","name":"L'ALPINE A110 GT4 DE Soheil AYARI & Nicolas TARDIF PR\u00c9SENTE \u00c0 DIJON-PRENOIS. - ayari-racing","isPartOf":{"@id":"https:\/\/www.ayari-racing.com\/#website"},"primaryImageOfPage":{"@id":"https:\/\/www.ayari-racing.com\/index.php\/2018\/07\/01\/lalpine-a110-gt4-de-soheil-ayari-nicolas-tardif-presente-a-dijon-prenois\/#primaryimage"},"image":{"@id":"https:\/\/www.ayari-racing.com\/index.php\/2018\/07\/01\/lalpine-a110-gt4-de-soheil-ayari-nicolas-tardif-presente-a-dijon-prenois\/#primaryimage"},"thumbnailUrl":"https:\/\/www.ayari-racing.com\/wp-content\/uploads\/2018\/07\/alpine-GT4-2018.jpg","datePublished":"2018-07-01T15:56:09+00:00","dateModified":"2018-07-01T16:05:18+00:00","breadcrumb":{"@id":"https:\/\/www.ayari-racing.com\/index.php\/2018\/07\/01\/lalpine-a110-gt4-de-soheil-ayari-nicolas-tardif-presente-a-dijon-prenois\/#breadcrumb"},"inLanguage":"fr-FR","potentialAction":[{"@type":"ReadAction","target":["https:\/\/www.ayari-racing.com\/index.php\/2018\/07\/01\/lalpine-a110-gt4-de-soheil-ayari-nicolas-tardif-presente-a-dijon-prenois\/"]}]},{"@type":"ImageObject","inLanguage":"fr-FR","@id":"https:\/\/www.ayari-racing.com\/index.php\/2018\/07\/01\/lalpine-a110-gt4-de-soheil-ayari-nicolas-tardif-presente-a-dijon-prenois\/#primaryimage","url":"https:\/\/www.ayari-racing.com\/wp-content\/uploads\/2018\/07\/alpine-GT4-2018.jpg","contentUrl":"https:\/\/www.ayari-racing.com\/wp-content\/uploads\/2018\/07\/alpine-GT4-2018.jpg","width":1500,"height":1443},{"@type":"BreadcrumbList","@id":"https:\/\/www.ayari-racing.com\/index.php\/2018\/07\/01\/lalpine-a110-gt4-de-soheil-ayari-nicolas-tardif-presente-a-dijon-prenois\/#breadcrumb","itemListElement":[{"@type":"ListItem","position":1,"name":"Home","item":"https:\/\/www.ayari-racing.com\/"},{"@type":"ListItem","position":2,"name":"L&rsquo;ALPINE A110 GT4 DE Soheil AYARI &#038; Nicolas TARDIF PR\u00c9SENTE \u00c0 DIJON-PRENOIS."}]},{"@type":"WebSite","@id":"https:\/\/www.ayari-racing.com\/#website","url":"https:\/\/www.ayari-racing.com\/","name":"ayari-racing","description":"Soheil Ayari, pilote automobile endurance, GT, coach de pilote","publisher":{"@id":"https:\/\/www.ayari-racing.com\/#\/schema\/person\/32075f08efe1cf46ce5349d830333784"},"potentialAction":[{"@type":"SearchAction","target":{"@type":"EntryPoint","urlTemplate":"https:\/\/www.ayari-racing.com\/?s={search_term_string}"},"query-input":{"@type":"PropertyValueSpecification","valueRequired":true,"valueName":"search_term_string"}}],"inLanguage":"fr-FR"},{"@type":["Person","Organization"],"@id":"https:\/\/www.ayari-racing.com\/#\/schema\/person\/32075f08efe1cf46ce5349d830333784","name":"Ayari sassan","image":{"@type":"ImageObject","inLanguage":"fr-FR","@id":"https:\/\/www.ayari-racing.com\/#\/schema\/person\/image\/","url":"https:\/\/secure.gravatar.com\/avatar\/635fd46f213a2db5866407af58082930?s=96&d=mm&r=g","contentUrl":"https:\/\/secure.gravatar.com\/avatar\/635fd46f213a2db5866407af58082930?s=96&d=mm&r=g","caption":"Ayari sassan"},"logo":{"@id":"https:\/\/www.ayari-racing.com\/#\/schema\/person\/image\/"},"sameAs":["http:\/\/www.acom-evenements.com"]}]}},"_links":{"self":[{"href":"https:\/\/www.ayari-racing.com\/index.php\/wp-json\/wp\/v2\/posts\/8283"}],"collection":[{"href":"https:\/\/www.ayari-racing.com\/index.php\/wp-json\/wp\/v2\/posts"}],"about":[{"href":"https:\/\/www.ayari-racing.com\/index.php\/wp-json\/wp\/v2\/types\/post"}],"author":[{"embeddable":true,"href":"https:\/\/www.ayari-racing.com\/index.php\/wp-json\/wp\/v2\/users\/4"}],"replies":[{"embeddable":true,"href":"https:\/\/www.ayari-racing.com\/index.php\/wp-json\/wp\/v2\/comments?post=8283"}],"version-history":[{"count":5,"href":"https:\/\/www.ayari-racing.com\/index.php\/wp-json\/wp\/v2\/posts\/8283\/revisions"}],"predecessor-version":[{"id":8290,"href":"https:\/\/www.ayari-racing.com\/index.php\/wp-json\/wp\/v2\/posts\/8283\/revisions\/8290"}],"wp:featuredmedia":[{"embeddable":true,"href":"https:\/\/www.ayari-racing.com\/index.php\/wp-json\/wp\/v2\/media\/8284"}],"wp:attachment":[{"href":"https:\/\/www.ayari-racing.com\/index.php\/wp-json\/wp\/v2\/media?parent=8283"}],"wp:term":[{"taxonomy":"category","embeddable":true,"href":"https:\/\/www.ayari-racing.com\/index.php\/wp-json\/wp\/v2\/categories?post=8283"},{"taxonomy":"post_tag","embeddable":true,"href":"https:\/\/www.ayari-racing.com\/index.php\/wp-json\/wp\/v2\/tags?post=8283"}],"curies":[{"name":"wp","href":"https:\/\/api.w.org\/{rel}","templated":true}]}}