{"id":8292,"date":"2018-07-11T06:54:21","date_gmt":"2018-07-11T04:54:21","guid":{"rendered":"http:\/\/www.ayari-racing.com\/?p=8292"},"modified":"2018-07-11T07:52:03","modified_gmt":"2018-07-11T05:52:03","slug":"presentation-du-meeting-gt4-series-de-dijon-premiers-pas-de-lalpine-a110-gt4-en-bourgogne","status":"publish","type":"post","link":"https:\/\/www.ayari-racing.com\/index.php\/2018\/07\/11\/presentation-du-meeting-gt4-series-de-dijon-premiers-pas-de-lalpine-a110-gt4-en-bourgogne\/","title":{"rendered":"PR\u00c9SENTATION DU MEETING GT4 SERIES DE DIJON : PREMIERS PAS DE L\u2019ALPINE A110 GT4 EN BOURGOGNE"},"content":{"rendered":"<p style=\"text-align: center;\"><span style=\"font-family: impact, sans-serif; font-size: 18pt; color: #000000;\">PR\u00c9SENTATION DU MEETING GT4 SERIES DE DIJON (13-15 JUILLET) : <\/span><\/p>\n<p style=\"text-align: center;\"><span style=\"font-family: impact, sans-serif; font-size: 18pt; color: #000000;\">PREMIERS PAS DE L\u2019ALPINE A110 GT4 EN BOURGOGNE<\/span><\/p>\n<p><img loading=\"lazy\" decoding=\"async\" class=\"alignleft wp-image-8300\" src=\"http:\/\/www.ayari-racing.com\/wp-content\/uploads\/2018\/07\/AFFICHE-DIJON-PRENOIS-GT4-1-721x1030.jpg\" alt=\"\" width=\"199\" height=\"285\" srcset=\"https:\/\/www.ayari-racing.com\/wp-content\/uploads\/2018\/07\/AFFICHE-DIJON-PRENOIS-GT4-1-721x1030.jpg 721w, https:\/\/www.ayari-racing.com\/wp-content\/uploads\/2018\/07\/AFFICHE-DIJON-PRENOIS-GT4-1-210x300.jpg 210w, https:\/\/www.ayari-racing.com\/wp-content\/uploads\/2018\/07\/AFFICHE-DIJON-PRENOIS-GT4-1-768x1097.jpg 768w, https:\/\/www.ayari-racing.com\/wp-content\/uploads\/2018\/07\/AFFICHE-DIJON-PRENOIS-GT4-1-700x1000.jpg 700w, https:\/\/www.ayari-racing.com\/wp-content\/uploads\/2018\/07\/AFFICHE-DIJON-PRENOIS-GT4-1.jpg 774w\" sizes=\"(max-width: 199px) 100vw, 199px\" \/><span style=\"color: #000000; font-size: 14pt;\">Apr\u00e8s avoir brill\u00e9 le week-end dernier au volant de trois VHC (V\u00e9hicules Historiques de Comp\u00e9tition) \u00e0 l\u2019occasion du Mans Classic, remportant entre autres une manche du plateau #5 au volant d\u2019une Ligier apr\u00e8s une incroyable \u00ab\u00a0remontada\u00a0\u00bb, Soheil \u00e9tait hier au volant de sa toute nouvelle monture sur le circuit d\u2019Al\u00e8s. Un d\u00e9verminage concluant avant de rejoindre la Bourgogne et le circuit Dion-Prenois.<\/span><\/p>\n<p><span style=\"color: #000000; font-size: 14pt;\">Pour les pilotes du team CMR dont le duo AYARI-TARDIF, cette 3<sup>e<\/sup> manche du championnat aura une saveur particuli\u00e8re puisqu\u2019elle verra les premiers tours de roues en comp\u00e9tition de l\u2019Alpine A110 GT4. Le constructeur fran\u00e7ais, propri\u00e9t\u00e9 de Renault, a v\u00e9ritablement l\u2019ADN de la course automobile. En cette p\u00e9riode de Coupe du Monde de foot, nul doute que les nombreux spectateurs pr\u00e9sents \u00e0 Prenois seront enthousiastes du retour d\u2019Alpine en piste et d\u00e9fendront les couleurs tricolores\u00a0!<\/span><\/p>\n<div id=\"attachment_8301\" style=\"width: 322px\" class=\"wp-caption alignleft\"><img loading=\"lazy\" decoding=\"async\" aria-describedby=\"caption-attachment-8301\" class=\" wp-image-8301\" src=\"http:\/\/www.ayari-racing.com\/wp-content\/uploads\/2018\/07\/ALPINE-A110-GT4-DESIGNED-BY-S-LECOINTE.jpg\" alt=\"\" width=\"312\" height=\"359\" srcset=\"https:\/\/www.ayari-racing.com\/wp-content\/uploads\/2018\/07\/ALPINE-A110-GT4-DESIGNED-BY-S-LECOINTE.jpg 532w, https:\/\/www.ayari-racing.com\/wp-content\/uploads\/2018\/07\/ALPINE-A110-GT4-DESIGNED-BY-S-LECOINTE-261x300.jpg 261w\" sizes=\"(max-width: 312px) 100vw, 312px\" \/><p id=\"caption-attachment-8301\" class=\"wp-caption-text\">L&rsquo;ALPINE A110 GT4 de Soheil, design\u00e9e par l&rsquo;agence \u00ab\u00a0R\u00eave de Design\u00a0\u00bb.<\/p><\/div>\n<div id=\"attachment_8302\" style=\"width: 369px\" class=\"wp-caption alignleft\"><img loading=\"lazy\" decoding=\"async\" aria-describedby=\"caption-attachment-8302\" class=\"wp-image-8302\" src=\"http:\/\/www.ayari-racing.com\/wp-content\/uploads\/2018\/07\/RONDEAU-1030x689.jpg\" alt=\"\" width=\"359\" height=\"240\" srcset=\"https:\/\/www.ayari-racing.com\/wp-content\/uploads\/2018\/07\/RONDEAU-1030x689.jpg 1030w, https:\/\/www.ayari-racing.com\/wp-content\/uploads\/2018\/07\/RONDEAU-300x201.jpg 300w, https:\/\/www.ayari-racing.com\/wp-content\/uploads\/2018\/07\/RONDEAU-768x514.jpg 768w, https:\/\/www.ayari-racing.com\/wp-content\/uploads\/2018\/07\/RONDEAU-700x469.jpg 700w, https:\/\/www.ayari-racing.com\/wp-content\/uploads\/2018\/07\/RONDEAU-1320x884.jpg 1320w, https:\/\/www.ayari-racing.com\/wp-content\/uploads\/2018\/07\/RONDEAU.jpg 1476w\" sizes=\"(max-width: 359px) 100vw, 359px\" \/><p id=\"caption-attachment-8302\" class=\"wp-caption-text\">L&rsquo;une des voitures (Rondeau) pilot\u00e9es par Soheil au Mans Classic.<\/p><\/div>\n<p>&nbsp;<\/p>\n<p>&nbsp;<\/p>\n<p>&nbsp;<\/p>\n<p>&nbsp;<\/p>\n<p>&nbsp;<\/p>\n<p>&nbsp;<\/p>\n<p>&nbsp;<\/p>\n<p>&nbsp;<\/p>\n<p>&nbsp;<\/p>\n<p>&nbsp;<\/p>\n<p>&nbsp;<\/p>\n<hr \/>\n<p><strong><span style=\"font-size: 14pt; color: #000000;\">D\u00e9couvrez l\u2019essai r\u00e9alis\u00e9 par Soheil de l\u2019Alpine A110 pour CARADISIAC.FR :<\/span><\/strong><\/p>\n<p><a href=\"https:\/\/youtu.be\/-K2FZqFYH78\" target=\"_blank\" rel=\"noopener\"><img loading=\"lazy\" decoding=\"async\" class=\"size-large wp-image-8305 aligncenter\" src=\"http:\/\/www.ayari-racing.com\/wp-content\/uploads\/2018\/07\/ESSAI-CARADISIAC-S-AYARI-1030x576.jpg\" alt=\"\" width=\"1030\" height=\"576\" srcset=\"https:\/\/www.ayari-racing.com\/wp-content\/uploads\/2018\/07\/ESSAI-CARADISIAC-S-AYARI-1030x576.jpg 1030w, https:\/\/www.ayari-racing.com\/wp-content\/uploads\/2018\/07\/ESSAI-CARADISIAC-S-AYARI-300x168.jpg 300w, https:\/\/www.ayari-racing.com\/wp-content\/uploads\/2018\/07\/ESSAI-CARADISIAC-S-AYARI-768x430.jpg 768w, https:\/\/www.ayari-racing.com\/wp-content\/uploads\/2018\/07\/ESSAI-CARADISIAC-S-AYARI-700x392.jpg 700w, https:\/\/www.ayari-racing.com\/wp-content\/uploads\/2018\/07\/ESSAI-CARADISIAC-S-AYARI.jpg 1276w\" sizes=\"(max-width: 1030px) 100vw, 1030px\" \/><\/a><\/p>\n<hr \/>\n<p><strong><span style=\"font-size: 14pt; color: #000000;\">Le programme des courses du meeting GT4 de Dijon\u00a0:<\/span><\/strong><\/p>\n<p><a href=\"http:\/\/www.ayari-racing.com\/wp-content\/uploads\/2018\/07\/Horaires-Dijon-FFSA-GT-projet-n\u00b04.pdf\" target=\"_blank\" rel=\"noopener\"><img loading=\"lazy\" decoding=\"async\" class=\"size-large wp-image-8297 aligncenter\" src=\"http:\/\/www.ayari-racing.com\/wp-content\/uploads\/2018\/07\/Horaires-Dijon-FFSA-GT-projet-n\u00b04-849x1030.jpg\" alt=\"\" width=\"849\" height=\"1030\" srcset=\"https:\/\/www.ayari-racing.com\/wp-content\/uploads\/2018\/07\/Horaires-Dijon-FFSA-GT-projet-n\u00b04-849x1030.jpg 849w, https:\/\/www.ayari-racing.com\/wp-content\/uploads\/2018\/07\/Horaires-Dijon-FFSA-GT-projet-n\u00b04-247x300.jpg 247w, https:\/\/www.ayari-racing.com\/wp-content\/uploads\/2018\/07\/Horaires-Dijon-FFSA-GT-projet-n\u00b04-768x932.jpg 768w, https:\/\/www.ayari-racing.com\/wp-content\/uploads\/2018\/07\/Horaires-Dijon-FFSA-GT-projet-n\u00b04-700x849.jpg 700w, https:\/\/www.ayari-racing.com\/wp-content\/uploads\/2018\/07\/Horaires-Dijon-FFSA-GT-projet-n\u00b04-1320x1602.jpg 1320w, https:\/\/www.ayari-racing.com\/wp-content\/uploads\/2018\/07\/Horaires-Dijon-FFSA-GT-projet-n\u00b04.jpg 1688w\" sizes=\"(max-width: 849px) 100vw, 849px\" \/><\/a><\/p>\n<hr \/>\n<p><strong><span style=\"font-size: 14pt; color: #000000;\">La liste des engag\u00e9s\u00a0du meeting GT4 de Dijon\u00a0:<\/span><\/strong><\/p>\n<p><a href=\"http:\/\/www.ayari-racing.com\/wp-content\/uploads\/2018\/07\/Liste-provisoire-des-participants-FFSA-GT-Dijon.pdf\" target=\"_blank\" rel=\"noopener\"><img loading=\"lazy\" decoding=\"async\" class=\"size-large wp-image-8298 aligncenter\" src=\"http:\/\/www.ayari-racing.com\/wp-content\/uploads\/2018\/07\/Liste-provisoire-des-participants-FFSA-GT-Dijon-1030x770.jpg\" alt=\"\" width=\"1030\" height=\"770\" srcset=\"https:\/\/www.ayari-racing.com\/wp-content\/uploads\/2018\/07\/Liste-provisoire-des-participants-FFSA-GT-Dijon-1030x770.jpg 1030w, https:\/\/www.ayari-racing.com\/wp-content\/uploads\/2018\/07\/Liste-provisoire-des-participants-FFSA-GT-Dijon-300x224.jpg 300w, https:\/\/www.ayari-racing.com\/wp-content\/uploads\/2018\/07\/Liste-provisoire-des-participants-FFSA-GT-Dijon-768x574.jpg 768w, https:\/\/www.ayari-racing.com\/wp-content\/uploads\/2018\/07\/Liste-provisoire-des-participants-FFSA-GT-Dijon-700x523.jpg 700w, https:\/\/www.ayari-racing.com\/wp-content\/uploads\/2018\/07\/Liste-provisoire-des-participants-FFSA-GT-Dijon-1320x986.jpg 1320w, https:\/\/www.ayari-racing.com\/wp-content\/uploads\/2018\/07\/Liste-provisoire-des-participants-FFSA-GT-Dijon.jpg 2048w\" sizes=\"(max-width: 1030px) 100vw, 1030px\" \/><\/a><\/p>\n<hr \/>\n<p><strong><span style=\"color: #000000;\"><span style=\"font-size: 14pt;\">Suivre les deux courses en direct (samedi et dimanche de 13h \u00e0 14h) : <a href=\"https:\/\/ffsagt.gt4series.com\/fr_fr\/live\/\" target=\"_blank\" rel=\"noopener\">https:\/\/ffsagt.gt4series.com\/fr_fr\/live\/<\/a><\/span><\/span><br \/>\n<\/strong><\/p>\n","protected":false},"excerpt":{"rendered":"<p>PR\u00c9SENTATION DU MEETING GT4 SERIES DE DIJON (13-15 JUILLET) : PREMIERS PAS DE L\u2019ALPINE A110 GT4 EN BOURGOGNE Apr\u00e8s avoir brill\u00e9 le week-end dernier au volant de trois VHC (V\u00e9hicules Historiques de Comp\u00e9tition) \u00e0 l\u2019occasion du Mans Classic, remportant entre autres une manche du plateau&#8230;<\/p>\n","protected":false},"author":4,"featured_media":8300,"comment_status":"open","ping_status":"open","sticky":false,"template":"","format":"standard","meta":{"_exactmetrics_skip_tracking":false,"_exactmetrics_sitenote_active":false,"_exactmetrics_sitenote_note":"","_exactmetrics_sitenote_category":0,"footnotes":""},"categories":[5],"tags":[],"yoast_head":"<!-- This site is optimized with the Yoast SEO plugin v24.5 - https:\/\/yoast.com\/wordpress\/plugins\/seo\/ -->\n<title>PR\u00c9SENTATION DU MEETING GT4 SERIES DE DIJON : PREMIERS PAS DE L\u2019ALPINE A110 GT4 EN BOURGOGNE - ayari-racing<\/title>\n<meta name=\"robots\" content=\"index, follow, max-snippet:-1, max-image-preview:large, max-video-preview:-1\" \/>\n<link rel=\"canonical\" href=\"https:\/\/www.ayari-racing.com\/index.php\/2018\/07\/11\/presentation-du-meeting-gt4-series-de-dijon-premiers-pas-de-lalpine-a110-gt4-en-bourgogne\/\" \/>\n<meta property=\"og:locale\" content=\"fr_FR\" \/>\n<meta property=\"og:type\" content=\"article\" \/>\n<meta property=\"og:title\" content=\"PR\u00c9SENTATION DU MEETING GT4 SERIES DE DIJON : PREMIERS PAS DE L\u2019ALPINE A110 GT4 EN BOURGOGNE - ayari-racing\" \/>\n<meta property=\"og:description\" content=\"PR\u00c9SENTATION DU MEETING GT4 SERIES DE DIJON (13-15 JUILLET) : PREMIERS PAS DE L\u2019ALPINE A110 GT4 EN BOURGOGNE Apr\u00e8s avoir brill\u00e9 le week-end dernier au volant de trois VHC (V\u00e9hicules Historiques de Comp\u00e9tition) \u00e0 l\u2019occasion du Mans Classic, remportant entre autres une manche du plateau...\" \/>\n<meta property=\"og:url\" content=\"https:\/\/www.ayari-racing.com\/index.php\/2018\/07\/11\/presentation-du-meeting-gt4-series-de-dijon-premiers-pas-de-lalpine-a110-gt4-en-bourgogne\/\" \/>\n<meta property=\"og:site_name\" content=\"ayari-racing\" \/>\n<meta property=\"article:published_time\" content=\"2018-07-11T04:54:21+00:00\" \/>\n<meta property=\"article:modified_time\" content=\"2018-07-11T05:52:03+00:00\" \/>\n<meta property=\"og:image\" content=\"https:\/\/www.ayari-racing.com\/wp-content\/uploads\/2018\/07\/AFFICHE-DIJON-PRENOIS-GT4-1.jpg\" \/>\n\t<meta property=\"og:image:width\" content=\"774\" \/>\n\t<meta property=\"og:image:height\" content=\"1106\" \/>\n\t<meta property=\"og:image:type\" content=\"image\/jpeg\" \/>\n<meta name=\"author\" content=\"Ayari sassan\" \/>\n<meta name=\"twitter:card\" content=\"summary_large_image\" \/>\n<meta name=\"twitter:label1\" content=\"\u00c9crit par\" \/>\n\t<meta name=\"twitter:data1\" content=\"Ayari sassan\" \/>\n\t<meta name=\"twitter:label2\" content=\"Dur\u00e9e de lecture estim\u00e9e\" \/>\n\t<meta name=\"twitter:data2\" content=\"1 minute\" \/>\n<script type=\"application\/ld+json\" class=\"yoast-schema-graph\">{\"@context\":\"https:\/\/schema.org\",\"@graph\":[{\"@type\":\"Article\",\"@id\":\"https:\/\/www.ayari-racing.com\/index.php\/2018\/07\/11\/presentation-du-meeting-gt4-series-de-dijon-premiers-pas-de-lalpine-a110-gt4-en-bourgogne\/#article\",\"isPartOf\":{\"@id\":\"https:\/\/www.ayari-racing.com\/index.php\/2018\/07\/11\/presentation-du-meeting-gt4-series-de-dijon-premiers-pas-de-lalpine-a110-gt4-en-bourgogne\/\"},\"author\":{\"name\":\"Ayari sassan\",\"@id\":\"https:\/\/www.ayari-racing.com\/#\/schema\/person\/32075f08efe1cf46ce5349d830333784\"},\"headline\":\"PR\u00c9SENTATION DU MEETING GT4 SERIES DE DIJON : PREMIERS PAS DE L\u2019ALPINE A110 GT4 EN BOURGOGNE\",\"datePublished\":\"2018-07-11T04:54:21+00:00\",\"dateModified\":\"2018-07-11T05:52:03+00:00\",\"mainEntityOfPage\":{\"@id\":\"https:\/\/www.ayari-racing.com\/index.php\/2018\/07\/11\/presentation-du-meeting-gt4-series-de-dijon-premiers-pas-de-lalpine-a110-gt4-en-bourgogne\/\"},\"wordCount\":294,\"commentCount\":0,\"publisher\":{\"@id\":\"https:\/\/www.ayari-racing.com\/#\/schema\/person\/32075f08efe1cf46ce5349d830333784\"},\"image\":{\"@id\":\"https:\/\/www.ayari-racing.com\/index.php\/2018\/07\/11\/presentation-du-meeting-gt4-series-de-dijon-premiers-pas-de-lalpine-a110-gt4-en-bourgogne\/#primaryimage\"},\"thumbnailUrl\":\"https:\/\/www.ayari-racing.com\/wp-content\/uploads\/2018\/07\/AFFICHE-DIJON-PRENOIS-GT4-1.jpg\",\"articleSection\":[\"Ayari-racing\"],\"inLanguage\":\"fr-FR\",\"potentialAction\":[{\"@type\":\"CommentAction\",\"name\":\"Comment\",\"target\":[\"https:\/\/www.ayari-racing.com\/index.php\/2018\/07\/11\/presentation-du-meeting-gt4-series-de-dijon-premiers-pas-de-lalpine-a110-gt4-en-bourgogne\/#respond\"]}]},{\"@type\":\"WebPage\",\"@id\":\"https:\/\/www.ayari-racing.com\/index.php\/2018\/07\/11\/presentation-du-meeting-gt4-series-de-dijon-premiers-pas-de-lalpine-a110-gt4-en-bourgogne\/\",\"url\":\"https:\/\/www.ayari-racing.com\/index.php\/2018\/07\/11\/presentation-du-meeting-gt4-series-de-dijon-premiers-pas-de-lalpine-a110-gt4-en-bourgogne\/\",\"name\":\"PR\u00c9SENTATION DU MEETING GT4 SERIES DE DIJON : PREMIERS PAS DE L\u2019ALPINE A110 GT4 EN BOURGOGNE - ayari-racing\",\"isPartOf\":{\"@id\":\"https:\/\/www.ayari-racing.com\/#website\"},\"primaryImageOfPage\":{\"@id\":\"https:\/\/www.ayari-racing.com\/index.php\/2018\/07\/11\/presentation-du-meeting-gt4-series-de-dijon-premiers-pas-de-lalpine-a110-gt4-en-bourgogne\/#primaryimage\"},\"image\":{\"@id\":\"https:\/\/www.ayari-racing.com\/index.php\/2018\/07\/11\/presentation-du-meeting-gt4-series-de-dijon-premiers-pas-de-lalpine-a110-gt4-en-bourgogne\/#primaryimage\"},\"thumbnailUrl\":\"https:\/\/www.ayari-racing.com\/wp-content\/uploads\/2018\/07\/AFFICHE-DIJON-PRENOIS-GT4-1.jpg\",\"datePublished\":\"2018-07-11T04:54:21+00:00\",\"dateModified\":\"2018-07-11T05:52:03+00:00\",\"breadcrumb\":{\"@id\":\"https:\/\/www.ayari-racing.com\/index.php\/2018\/07\/11\/presentation-du-meeting-gt4-series-de-dijon-premiers-pas-de-lalpine-a110-gt4-en-bourgogne\/#breadcrumb\"},\"inLanguage\":\"fr-FR\",\"potentialAction\":[{\"@type\":\"ReadAction\",\"target\":[\"https:\/\/www.ayari-racing.com\/index.php\/2018\/07\/11\/presentation-du-meeting-gt4-series-de-dijon-premiers-pas-de-lalpine-a110-gt4-en-bourgogne\/\"]}]},{\"@type\":\"ImageObject\",\"inLanguage\":\"fr-FR\",\"@id\":\"https:\/\/www.ayari-racing.com\/index.php\/2018\/07\/11\/presentation-du-meeting-gt4-series-de-dijon-premiers-pas-de-lalpine-a110-gt4-en-bourgogne\/#primaryimage\",\"url\":\"https:\/\/www.ayari-racing.com\/wp-content\/uploads\/2018\/07\/AFFICHE-DIJON-PRENOIS-GT4-1.jpg\",\"contentUrl\":\"https:\/\/www.ayari-racing.com\/wp-content\/uploads\/2018\/07\/AFFICHE-DIJON-PRENOIS-GT4-1.jpg\",\"width\":774,\"height\":1106},{\"@type\":\"BreadcrumbList\",\"@id\":\"https:\/\/www.ayari-racing.com\/index.php\/2018\/07\/11\/presentation-du-meeting-gt4-series-de-dijon-premiers-pas-de-lalpine-a110-gt4-en-bourgogne\/#breadcrumb\",\"itemListElement\":[{\"@type\":\"ListItem\",\"position\":1,\"name\":\"Home\",\"item\":\"https:\/\/www.ayari-racing.com\/\"},{\"@type\":\"ListItem\",\"position\":2,\"name\":\"PR\u00c9SENTATION DU MEETING GT4 SERIES DE DIJON : PREMIERS PAS DE L\u2019ALPINE A110 GT4 EN BOURGOGNE\"}]},{\"@type\":\"WebSite\",\"@id\":\"https:\/\/www.ayari-racing.com\/#website\",\"url\":\"https:\/\/www.ayari-racing.com\/\",\"name\":\"ayari-racing\",\"description\":\"Soheil Ayari, pilote automobile endurance, GT, coach de pilote\",\"publisher\":{\"@id\":\"https:\/\/www.ayari-racing.com\/#\/schema\/person\/32075f08efe1cf46ce5349d830333784\"},\"potentialAction\":[{\"@type\":\"SearchAction\",\"target\":{\"@type\":\"EntryPoint\",\"urlTemplate\":\"https:\/\/www.ayari-racing.com\/?s={search_term_string}\"},\"query-input\":{\"@type\":\"PropertyValueSpecification\",\"valueRequired\":true,\"valueName\":\"search_term_string\"}}],\"inLanguage\":\"fr-FR\"},{\"@type\":[\"Person\",\"Organization\"],\"@id\":\"https:\/\/www.ayari-racing.com\/#\/schema\/person\/32075f08efe1cf46ce5349d830333784\",\"name\":\"Ayari sassan\",\"image\":{\"@type\":\"ImageObject\",\"inLanguage\":\"fr-FR\",\"@id\":\"https:\/\/www.ayari-racing.com\/#\/schema\/person\/image\/\",\"url\":\"https:\/\/secure.gravatar.com\/avatar\/635fd46f213a2db5866407af58082930?s=96&d=mm&r=g\",\"contentUrl\":\"https:\/\/secure.gravatar.com\/avatar\/635fd46f213a2db5866407af58082930?s=96&d=mm&r=g\",\"caption\":\"Ayari sassan\"},\"logo\":{\"@id\":\"https:\/\/www.ayari-racing.com\/#\/schema\/person\/image\/\"},\"sameAs\":[\"http:\/\/www.acom-evenements.com\"]}]}<\/script>\n<!-- \/ Yoast SEO plugin. -->","yoast_head_json":{"title":"PR\u00c9SENTATION DU MEETING GT4 SERIES DE DIJON : PREMIERS PAS DE L\u2019ALPINE A110 GT4 EN BOURGOGNE - ayari-racing","robots":{"index":"index","follow":"follow","max-snippet":"max-snippet:-1","max-image-preview":"max-image-preview:large","max-video-preview":"max-video-preview:-1"},"canonical":"https:\/\/www.ayari-racing.com\/index.php\/2018\/07\/11\/presentation-du-meeting-gt4-series-de-dijon-premiers-pas-de-lalpine-a110-gt4-en-bourgogne\/","og_locale":"fr_FR","og_type":"article","og_title":"PR\u00c9SENTATION DU MEETING GT4 SERIES DE DIJON : PREMIERS PAS DE L\u2019ALPINE A110 GT4 EN BOURGOGNE - ayari-racing","og_description":"PR\u00c9SENTATION DU MEETING GT4 SERIES DE DIJON (13-15 JUILLET) : PREMIERS PAS DE L\u2019ALPINE A110 GT4 EN BOURGOGNE Apr\u00e8s avoir brill\u00e9 le week-end dernier au volant de trois VHC (V\u00e9hicules Historiques de Comp\u00e9tition) \u00e0 l\u2019occasion du Mans Classic, remportant entre autres une manche du plateau...","og_url":"https:\/\/www.ayari-racing.com\/index.php\/2018\/07\/11\/presentation-du-meeting-gt4-series-de-dijon-premiers-pas-de-lalpine-a110-gt4-en-bourgogne\/","og_site_name":"ayari-racing","article_published_time":"2018-07-11T04:54:21+00:00","article_modified_time":"2018-07-11T05:52:03+00:00","og_image":[{"width":774,"height":1106,"url":"https:\/\/www.ayari-racing.com\/wp-content\/uploads\/2018\/07\/AFFICHE-DIJON-PRENOIS-GT4-1.jpg","type":"image\/jpeg"}],"author":"Ayari sassan","twitter_card":"summary_large_image","twitter_misc":{"\u00c9crit par":"Ayari sassan","Dur\u00e9e de lecture estim\u00e9e":"1 minute"},"schema":{"@context":"https:\/\/schema.org","@graph":[{"@type":"Article","@id":"https:\/\/www.ayari-racing.com\/index.php\/2018\/07\/11\/presentation-du-meeting-gt4-series-de-dijon-premiers-pas-de-lalpine-a110-gt4-en-bourgogne\/#article","isPartOf":{"@id":"https:\/\/www.ayari-racing.com\/index.php\/2018\/07\/11\/presentation-du-meeting-gt4-series-de-dijon-premiers-pas-de-lalpine-a110-gt4-en-bourgogne\/"},"author":{"name":"Ayari sassan","@id":"https:\/\/www.ayari-racing.com\/#\/schema\/person\/32075f08efe1cf46ce5349d830333784"},"headline":"PR\u00c9SENTATION DU MEETING GT4 SERIES DE DIJON : PREMIERS PAS DE L\u2019ALPINE A110 GT4 EN BOURGOGNE","datePublished":"2018-07-11T04:54:21+00:00","dateModified":"2018-07-11T05:52:03+00:00","mainEntityOfPage":{"@id":"https:\/\/www.ayari-racing.com\/index.php\/2018\/07\/11\/presentation-du-meeting-gt4-series-de-dijon-premiers-pas-de-lalpine-a110-gt4-en-bourgogne\/"},"wordCount":294,"commentCount":0,"publisher":{"@id":"https:\/\/www.ayari-racing.com\/#\/schema\/person\/32075f08efe1cf46ce5349d830333784"},"image":{"@id":"https:\/\/www.ayari-racing.com\/index.php\/2018\/07\/11\/presentation-du-meeting-gt4-series-de-dijon-premiers-pas-de-lalpine-a110-gt4-en-bourgogne\/#primaryimage"},"thumbnailUrl":"https:\/\/www.ayari-racing.com\/wp-content\/uploads\/2018\/07\/AFFICHE-DIJON-PRENOIS-GT4-1.jpg","articleSection":["Ayari-racing"],"inLanguage":"fr-FR","potentialAction":[{"@type":"CommentAction","name":"Comment","target":["https:\/\/www.ayari-racing.com\/index.php\/2018\/07\/11\/presentation-du-meeting-gt4-series-de-dijon-premiers-pas-de-lalpine-a110-gt4-en-bourgogne\/#respond"]}]},{"@type":"WebPage","@id":"https:\/\/www.ayari-racing.com\/index.php\/2018\/07\/11\/presentation-du-meeting-gt4-series-de-dijon-premiers-pas-de-lalpine-a110-gt4-en-bourgogne\/","url":"https:\/\/www.ayari-racing.com\/index.php\/2018\/07\/11\/presentation-du-meeting-gt4-series-de-dijon-premiers-pas-de-lalpine-a110-gt4-en-bourgogne\/","name":"PR\u00c9SENTATION DU MEETING GT4 SERIES DE DIJON : PREMIERS PAS DE L\u2019ALPINE A110 GT4 EN BOURGOGNE - ayari-racing","isPartOf":{"@id":"https:\/\/www.ayari-racing.com\/#website"},"primaryImageOfPage":{"@id":"https:\/\/www.ayari-racing.com\/index.php\/2018\/07\/11\/presentation-du-meeting-gt4-series-de-dijon-premiers-pas-de-lalpine-a110-gt4-en-bourgogne\/#primaryimage"},"image":{"@id":"https:\/\/www.ayari-racing.com\/index.php\/2018\/07\/11\/presentation-du-meeting-gt4-series-de-dijon-premiers-pas-de-lalpine-a110-gt4-en-bourgogne\/#primaryimage"},"thumbnailUrl":"https:\/\/www.ayari-racing.com\/wp-content\/uploads\/2018\/07\/AFFICHE-DIJON-PRENOIS-GT4-1.jpg","datePublished":"2018-07-11T04:54:21+00:00","dateModified":"2018-07-11T05:52:03+00:00","breadcrumb":{"@id":"https:\/\/www.ayari-racing.com\/index.php\/2018\/07\/11\/presentation-du-meeting-gt4-series-de-dijon-premiers-pas-de-lalpine-a110-gt4-en-bourgogne\/#breadcrumb"},"inLanguage":"fr-FR","potentialAction":[{"@type":"ReadAction","target":["https:\/\/www.ayari-racing.com\/index.php\/2018\/07\/11\/presentation-du-meeting-gt4-series-de-dijon-premiers-pas-de-lalpine-a110-gt4-en-bourgogne\/"]}]},{"@type":"ImageObject","inLanguage":"fr-FR","@id":"https:\/\/www.ayari-racing.com\/index.php\/2018\/07\/11\/presentation-du-meeting-gt4-series-de-dijon-premiers-pas-de-lalpine-a110-gt4-en-bourgogne\/#primaryimage","url":"https:\/\/www.ayari-racing.com\/wp-content\/uploads\/2018\/07\/AFFICHE-DIJON-PRENOIS-GT4-1.jpg","contentUrl":"https:\/\/www.ayari-racing.com\/wp-content\/uploads\/2018\/07\/AFFICHE-DIJON-PRENOIS-GT4-1.jpg","width":774,"height":1106},{"@type":"BreadcrumbList","@id":"https:\/\/www.ayari-racing.com\/index.php\/2018\/07\/11\/presentation-du-meeting-gt4-series-de-dijon-premiers-pas-de-lalpine-a110-gt4-en-bourgogne\/#breadcrumb","itemListElement":[{"@type":"ListItem","position":1,"name":"Home","item":"https:\/\/www.ayari-racing.com\/"},{"@type":"ListItem","position":2,"name":"PR\u00c9SENTATION DU MEETING GT4 SERIES DE DIJON : PREMIERS PAS DE L\u2019ALPINE A110 GT4 EN BOURGOGNE"}]},{"@type":"WebSite","@id":"https:\/\/www.ayari-racing.com\/#website","url":"https:\/\/www.ayari-racing.com\/","name":"ayari-racing","description":"Soheil Ayari, pilote automobile endurance, GT, coach de pilote","publisher":{"@id":"https:\/\/www.ayari-racing.com\/#\/schema\/person\/32075f08efe1cf46ce5349d830333784"},"potentialAction":[{"@type":"SearchAction","target":{"@type":"EntryPoint","urlTemplate":"https:\/\/www.ayari-racing.com\/?s={search_term_string}"},"query-input":{"@type":"PropertyValueSpecification","valueRequired":true,"valueName":"search_term_string"}}],"inLanguage":"fr-FR"},{"@type":["Person","Organization"],"@id":"https:\/\/www.ayari-racing.com\/#\/schema\/person\/32075f08efe1cf46ce5349d830333784","name":"Ayari sassan","image":{"@type":"ImageObject","inLanguage":"fr-FR","@id":"https:\/\/www.ayari-racing.com\/#\/schema\/person\/image\/","url":"https:\/\/secure.gravatar.com\/avatar\/635fd46f213a2db5866407af58082930?s=96&d=mm&r=g","contentUrl":"https:\/\/secure.gravatar.com\/avatar\/635fd46f213a2db5866407af58082930?s=96&d=mm&r=g","caption":"Ayari sassan"},"logo":{"@id":"https:\/\/www.ayari-racing.com\/#\/schema\/person\/image\/"},"sameAs":["http:\/\/www.acom-evenements.com"]}]}},"_links":{"self":[{"href":"https:\/\/www.ayari-racing.com\/index.php\/wp-json\/wp\/v2\/posts\/8292"}],"collection":[{"href":"https:\/\/www.ayari-racing.com\/index.php\/wp-json\/wp\/v2\/posts"}],"about":[{"href":"https:\/\/www.ayari-racing.com\/index.php\/wp-json\/wp\/v2\/types\/post"}],"author":[{"embeddable":true,"href":"https:\/\/www.ayari-racing.com\/index.php\/wp-json\/wp\/v2\/users\/4"}],"replies":[{"embeddable":true,"href":"https:\/\/www.ayari-racing.com\/index.php\/wp-json\/wp\/v2\/comments?post=8292"}],"version-history":[{"count":5,"href":"https:\/\/www.ayari-racing.com\/index.php\/wp-json\/wp\/v2\/posts\/8292\/revisions"}],"predecessor-version":[{"id":8310,"href":"https:\/\/www.ayari-racing.com\/index.php\/wp-json\/wp\/v2\/posts\/8292\/revisions\/8310"}],"wp:featuredmedia":[{"embeddable":true,"href":"https:\/\/www.ayari-racing.com\/index.php\/wp-json\/wp\/v2\/media\/8300"}],"wp:attachment":[{"href":"https:\/\/www.ayari-racing.com\/index.php\/wp-json\/wp\/v2\/media?parent=8292"}],"wp:term":[{"taxonomy":"category","embeddable":true,"href":"https:\/\/www.ayari-racing.com\/index.php\/wp-json\/wp\/v2\/categories?post=8292"},{"taxonomy":"post_tag","embeddable":true,"href":"https:\/\/www.ayari-racing.com\/index.php\/wp-json\/wp\/v2\/tags?post=8292"}],"curies":[{"name":"wp","href":"https:\/\/api.w.org\/{rel}","templated":true}]}}