{"id":8350,"date":"2018-07-16T06:51:00","date_gmt":"2018-07-16T04:51:00","guid":{"rendered":"http:\/\/www.ayari-racing.com\/?p=8350"},"modified":"2018-09-04T09:42:53","modified_gmt":"2018-09-04T07:42:53","slug":"meeting-dijon-prenois-gt4-series-14-15-juillet-2018-malgre-des-resultats-vierges-lalpine-a110-gt4-montre-ses-performances","status":"publish","type":"post","link":"https:\/\/www.ayari-racing.com\/index.php\/2018\/07\/16\/meeting-dijon-prenois-gt4-series-14-15-juillet-2018-malgre-des-resultats-vierges-lalpine-a110-gt4-montre-ses-performances\/","title":{"rendered":"MEETING DIJON-PRENOIS GT4 SERIES &#8211; 14 &#038; 15 JUILLET 2018 : MALGR\u00c9 DES R\u00c9SULTATS VIERGES, L\u2019ALPINE A110 GT4 MONTRE SES PERFORMANCES"},"content":{"rendered":"<p style=\"text-align: center;\"><span style=\"font-size: 18pt;\"><strong><span style=\"color: #000000; font-family: impact, sans-serif;\">MEETING DIJON-PRENOIS GT4 SERIES &#8211; 14 &amp; 15 JUILLET 2018\u00a0: MALGR\u00c9 DES R\u00c9SULTATS VIERGES, L\u2019ALPINE A110 GT4 MONTRE SES PERFORMANCES<\/span><\/strong><\/span><\/p>\n<p>&nbsp;<\/p>\n<p style=\"text-align: justify;\"><span style=\"color: #000000; font-size: 14pt;\">C\u2019est sur le mythique circuit Dijon-Prenois, th\u00e9\u00e2tre du Grand Prix de France au d\u00e9but des ann\u00e9es 80, qu\u2019a choisi Alpine pour faire son grand retour en comp\u00e9tition. \u00c0 l\u2019initiative de ce projet, Soheil, le Team CMR et Signatech, le pr\u00e9parateur Alpine. Un retour aux sources pour le c\u00e9l\u00e8bre constructeur fran\u00e7ais dont l\u2019ADN a toujours \u00e9t\u00e9 la comp\u00e9tition, Rallye et Circuit.<\/span><\/p>\n<p style=\"text-align: justify;\"><img loading=\"lazy\" decoding=\"async\" class=\"size-full wp-image-8355 aligncenter\" src=\"http:\/\/www.ayari-racing.com\/wp-content\/uploads\/2018\/07\/PHOTOS-WEB-DIJON-PRENOIS-GT4-SOHEIL-AYARI-2018-0010.jpg\" alt=\"\" width=\"786\" height=\"238\" srcset=\"https:\/\/www.ayari-racing.com\/wp-content\/uploads\/2018\/07\/PHOTOS-WEB-DIJON-PRENOIS-GT4-SOHEIL-AYARI-2018-0010.jpg 786w, https:\/\/www.ayari-racing.com\/wp-content\/uploads\/2018\/07\/PHOTOS-WEB-DIJON-PRENOIS-GT4-SOHEIL-AYARI-2018-0010-300x91.jpg 300w, https:\/\/www.ayari-racing.com\/wp-content\/uploads\/2018\/07\/PHOTOS-WEB-DIJON-PRENOIS-GT4-SOHEIL-AYARI-2018-0010-768x233.jpg 768w, https:\/\/www.ayari-racing.com\/wp-content\/uploads\/2018\/07\/PHOTOS-WEB-DIJON-PRENOIS-GT4-SOHEIL-AYARI-2018-0010-700x212.jpg 700w\" sizes=\"(max-width: 786px) 100vw, 786px\" \/><\/p>\n<p style=\"text-align: justify;\"><span style=\"color: #000000; font-size: 14pt;\"><img loading=\"lazy\" decoding=\"async\" class=\"alignleft wp-image-8356\" src=\"http:\/\/www.ayari-racing.com\/wp-content\/uploads\/2018\/07\/PHOTOS-WEB-DIJON-PRENOIS-GT4-SOHEIL-AYARI-2018-0006.jpg\" alt=\"\" width=\"422\" height=\"282\" srcset=\"https:\/\/www.ayari-racing.com\/wp-content\/uploads\/2018\/07\/PHOTOS-WEB-DIJON-PRENOIS-GT4-SOHEIL-AYARI-2018-0006.jpg 800w, https:\/\/www.ayari-racing.com\/wp-content\/uploads\/2018\/07\/PHOTOS-WEB-DIJON-PRENOIS-GT4-SOHEIL-AYARI-2018-0006-300x200.jpg 300w, https:\/\/www.ayari-racing.com\/wp-content\/uploads\/2018\/07\/PHOTOS-WEB-DIJON-PRENOIS-GT4-SOHEIL-AYARI-2018-0006-768x512.jpg 768w, https:\/\/www.ayari-racing.com\/wp-content\/uploads\/2018\/07\/PHOTOS-WEB-DIJON-PRENOIS-GT4-SOHEIL-AYARI-2018-0006-700x466.jpg 700w\" sizes=\"(max-width: 422px) 100vw, 422px\" \/>En ce week-end tr\u00e8s patriotique de finale de Coupe du Monde, Soheil et son \u00e9quipier Nicolas TARDIF ont eu a c\u0153ur de d\u00e9fendre le drapeau tricolore face \u00e0 la meute de constructeurs europ\u00e9ens pr\u00e9sents en Championnat de France GT.<\/span><\/p>\n<p style=\"text-align: justify;\"><span style=\"color: #000000; font-size: 14pt;\">Gr\u00e2ce \u00e0 plusieurs s\u00e9ances d\u2019essais, la belle auto fran\u00e7aise d\u00e9cor\u00e9e de main de ma\u00eetre par l\u2019agence REVE DE DESIGN, a r\u00e9ussi son entr\u00e9e en piste. Elle manquait d\u2019un souffle (15\/1000<sup>e<\/sup>) la pole position de la Course 1 aux mains de Nicolas TARDIF, 2<sup>e<\/sup> sur la grille. Soheil, de son c\u00f4t\u00e9, se classait 9<sup>e<\/sup> \u00e0 seulement 4\/10<sup>e<\/sup> de la voiture de t\u00eate.<\/span><\/p>\n<p style=\"text-align: justify;\"><img loading=\"lazy\" decoding=\"async\" class=\"size-full wp-image-8354 aligncenter\" src=\"http:\/\/www.ayari-racing.com\/wp-content\/uploads\/2018\/07\/PHOTOS-WEB-DIJON-PRENOIS-GT4-SOHEIL-AYARI-2018-0014.jpg\" alt=\"\" width=\"800\" height=\"533\" srcset=\"https:\/\/www.ayari-racing.com\/wp-content\/uploads\/2018\/07\/PHOTOS-WEB-DIJON-PRENOIS-GT4-SOHEIL-AYARI-2018-0014.jpg 800w, https:\/\/www.ayari-racing.com\/wp-content\/uploads\/2018\/07\/PHOTOS-WEB-DIJON-PRENOIS-GT4-SOHEIL-AYARI-2018-0014-300x200.jpg 300w, https:\/\/www.ayari-racing.com\/wp-content\/uploads\/2018\/07\/PHOTOS-WEB-DIJON-PRENOIS-GT4-SOHEIL-AYARI-2018-0014-768x512.jpg 768w, https:\/\/www.ayari-racing.com\/wp-content\/uploads\/2018\/07\/PHOTOS-WEB-DIJON-PRENOIS-GT4-SOHEIL-AYARI-2018-0014-700x466.jpg 700w\" sizes=\"(max-width: 800px) 100vw, 800px\" \/><\/p>\n<p style=\"text-align: justify;\"><span style=\"color: #000000; font-size: 14pt;\">Au d\u00e9part de la course du samedi, Nicolas TARDIF perdait deux places et maintenait le cap dans le groupe de t\u00eate dans les tours suivants. Il se faisait attaquer peu avant le changement de pilote et passait le volant \u00e0 Soheil en 5<sup>e<\/sup> position. Tout restait possible pour la n\u00b026 qui ressortait 8<sup>e<\/sup> des stands et remontait assez vite en 3<sup>e<\/sup> position en affichant le meilleur rythme du peloton (record du tour de cette Course 1). <\/span><\/p>\n<p><img loading=\"lazy\" decoding=\"async\" class=\"size-full wp-image-8358 aligncenter\" src=\"http:\/\/www.ayari-racing.com\/wp-content\/uploads\/2018\/07\/PHOTOS-WEB-DIJON-PRENOIS-GT4-SOHEIL-AYARI-2018-0000.jpg\" alt=\"\" width=\"795\" height=\"297\" srcset=\"https:\/\/www.ayari-racing.com\/wp-content\/uploads\/2018\/07\/PHOTOS-WEB-DIJON-PRENOIS-GT4-SOHEIL-AYARI-2018-0000.jpg 795w, https:\/\/www.ayari-racing.com\/wp-content\/uploads\/2018\/07\/PHOTOS-WEB-DIJON-PRENOIS-GT4-SOHEIL-AYARI-2018-0000-300x112.jpg 300w, https:\/\/www.ayari-racing.com\/wp-content\/uploads\/2018\/07\/PHOTOS-WEB-DIJON-PRENOIS-GT4-SOHEIL-AYARI-2018-0000-768x287.jpg 768w, https:\/\/www.ayari-racing.com\/wp-content\/uploads\/2018\/07\/PHOTOS-WEB-DIJON-PRENOIS-GT4-SOHEIL-AYARI-2018-0000-700x262.jpg 700w\" sizes=\"(max-width: 795px) 100vw, 795px\" \/><\/p>\n<p style=\"text-align: justify;\"><span style=\"color: #000000; font-size: 14pt;\">Mais \u00e0 6 minutes de la fin, sur ce trac\u00e9 particuli\u00e8rement exigeant pour les gommes, Soheil \u00e9tait victime d\u2019une crevaison et s\u2019immobilisait en bord de piste. \u00ab\u00a0<em>L\u2019auto a \u00e9t\u00e9 fantastique, autant pour Nicolas que pour moi. Elle a une parfaite agilit\u00e9 dans les virages serr\u00e9s ou les changements d\u2019angle, et se comporte bien dans les rapides.\u00a0Sans cette crevaison nous aurions vraiment pu jouer la gagne\u00a0!<\/em> \u00bb commentait Soheil malgr\u00e9 tout heureux de sa course. <img loading=\"lazy\" decoding=\"async\" class=\"wp-image-8357 alignright\" src=\"http:\/\/www.ayari-racing.com\/wp-content\/uploads\/2018\/07\/PHOTOS-WEB-DIJON-PRENOIS-GT4-SOHEIL-AYARI-2018-0003.jpg\" alt=\"\" width=\"305\" height=\"203\" srcset=\"https:\/\/www.ayari-racing.com\/wp-content\/uploads\/2018\/07\/PHOTOS-WEB-DIJON-PRENOIS-GT4-SOHEIL-AYARI-2018-0003.jpg 800w, https:\/\/www.ayari-racing.com\/wp-content\/uploads\/2018\/07\/PHOTOS-WEB-DIJON-PRENOIS-GT4-SOHEIL-AYARI-2018-0003-300x200.jpg 300w, https:\/\/www.ayari-racing.com\/wp-content\/uploads\/2018\/07\/PHOTOS-WEB-DIJON-PRENOIS-GT4-SOHEIL-AYARI-2018-0003-768x512.jpg 768w, https:\/\/www.ayari-racing.com\/wp-content\/uploads\/2018\/07\/PHOTOS-WEB-DIJON-PRENOIS-GT4-SOHEIL-AYARI-2018-0003-700x466.jpg 700w\" sizes=\"(max-width: 305px) 100vw, 305px\" \/><br \/>\n<\/span><\/p>\n<p style=\"text-align: justify;\"><span style=\"color: #000000; font-size: 14pt;\">La Course 2 elle aussi d\u00e9butait bien. Le pilote d\u2019Aix-les-Bains parvenait \u00e0 se hisser en 5<sup>e<\/sup> position dans les premiers virages, choisissant dans la ligne ext\u00e9rieure de la piste pour d\u00e9border trois concurrents. Malheureusement d\u00e8s le premier tour l\u2019Alpine \u00e9tait contrainte de s\u2019arr\u00eater au stand suite \u00e0 un probl\u00e8me sur le train avant, qui provoquait l\u2019abandon. \u00ab\u00a0<em>C\u2019est d\u00e9cevant mais l\u2019auto est jeune et m\u00eame si nous avons r\u00e9alis\u00e9 de bons tests ces derni\u00e8res semaines pour \u00e9viter ce type de panne, cela arrive.\u00a0<\/em>\u00bb<\/span><\/p>\n<p style=\"text-align: justify;\"><img loading=\"lazy\" decoding=\"async\" class=\"size-full wp-image-8351 aligncenter\" src=\"http:\/\/www.ayari-racing.com\/wp-content\/uploads\/2018\/07\/PHOTOS-WEB-DIJON-PRENOIS-GT4-SOHEIL-AYARI-2018-0022.jpg\" alt=\"\" width=\"800\" height=\"533\" srcset=\"https:\/\/www.ayari-racing.com\/wp-content\/uploads\/2018\/07\/PHOTOS-WEB-DIJON-PRENOIS-GT4-SOHEIL-AYARI-2018-0022.jpg 800w, https:\/\/www.ayari-racing.com\/wp-content\/uploads\/2018\/07\/PHOTOS-WEB-DIJON-PRENOIS-GT4-SOHEIL-AYARI-2018-0022-300x200.jpg 300w, https:\/\/www.ayari-racing.com\/wp-content\/uploads\/2018\/07\/PHOTOS-WEB-DIJON-PRENOIS-GT4-SOHEIL-AYARI-2018-0022-768x512.jpg 768w, https:\/\/www.ayari-racing.com\/wp-content\/uploads\/2018\/07\/PHOTOS-WEB-DIJON-PRENOIS-GT4-SOHEIL-AYARI-2018-0022-700x466.jpg 700w\" sizes=\"(max-width: 800px) 100vw, 800px\" \/><\/p>\n<p style=\"text-align: justify;\"><span style=\"color: #000000; font-size: 14pt;\">En \u00e9tant pr\u00e9sente aux avant-postes d\u00e8s son entr\u00e9e dans le championnat, l\u2019Alpine A110 GT4 a montr\u00e9 son potentiel, et a ravi les nombreux spectateurs pr\u00e9sents ce week-end \u00e0 Prenois&#8230; Alpine est de retour, prochaine course \u00e0 Magny-Cours les 8 et 9 septembre\u00a0!<\/span><\/p>\n<hr \/>\n<p style=\"text-align: justify;\"><span style=\"font-size: 14pt;\"><strong><span style=\"color: #000000; font-family: impact, sans-serif;\">Tous les r\u00e9sultats du meeting GT4 Series de Dijon-Prenois\u00a0:<\/span><\/strong><\/span><\/p>\n<p style=\"text-align: justify;\"><a href=\"https:\/\/ffsagt.gt4series.com\/fr_fr\/results\/1\/2018\" target=\"_blank\" rel=\"noopener\"><img loading=\"lazy\" decoding=\"async\" class=\"size-large wp-image-8360 aligncenter\" src=\"http:\/\/www.ayari-racing.com\/wp-content\/uploads\/2018\/07\/RESULTATS-GT4-SERIES-1030x149.jpg\" alt=\"\" width=\"1030\" height=\"149\" srcset=\"https:\/\/www.ayari-racing.com\/wp-content\/uploads\/2018\/07\/RESULTATS-GT4-SERIES-1030x149.jpg 1030w, https:\/\/www.ayari-racing.com\/wp-content\/uploads\/2018\/07\/RESULTATS-GT4-SERIES-300x43.jpg 300w, https:\/\/www.ayari-racing.com\/wp-content\/uploads\/2018\/07\/RESULTATS-GT4-SERIES-768x111.jpg 768w, https:\/\/www.ayari-racing.com\/wp-content\/uploads\/2018\/07\/RESULTATS-GT4-SERIES-700x101.jpg 700w, https:\/\/www.ayari-racing.com\/wp-content\/uploads\/2018\/07\/RESULTATS-GT4-SERIES-1320x191.jpg 1320w, https:\/\/www.ayari-racing.com\/wp-content\/uploads\/2018\/07\/RESULTATS-GT4-SERIES.jpg 1808w\" sizes=\"(max-width: 1030px) 100vw, 1030px\" \/><\/a><\/p>\n<hr \/>\n<p style=\"text-align: justify;\"><span style=\"color: #000000; font-size: 14pt; font-family: impact, sans-serif;\">La galerie photo du meeting GT4 Series de Dijon-Prenois\u00a0:<\/span><\/p>\n<p style=\"text-align: justify;\"><a href=\"http:\/\/www.ayari-racing.com\/index.php\/photos\/\" target=\"_blank\" rel=\"noopener\"><img loading=\"lazy\" decoding=\"async\" class=\"size-full wp-image-8359 aligncenter\" src=\"http:\/\/www.ayari-racing.com\/wp-content\/uploads\/2018\/07\/GALERIE-PHOTOS-DIJON-PRENOIS-SOHEIL-AYARI-2018.jpg\" alt=\"\" width=\"996\" height=\"942\" srcset=\"https:\/\/www.ayari-racing.com\/wp-content\/uploads\/2018\/07\/GALERIE-PHOTOS-DIJON-PRENOIS-SOHEIL-AYARI-2018.jpg 996w, https:\/\/www.ayari-racing.com\/wp-content\/uploads\/2018\/07\/GALERIE-PHOTOS-DIJON-PRENOIS-SOHEIL-AYARI-2018-300x284.jpg 300w, https:\/\/www.ayari-racing.com\/wp-content\/uploads\/2018\/07\/GALERIE-PHOTOS-DIJON-PRENOIS-SOHEIL-AYARI-2018-768x726.jpg 768w, https:\/\/www.ayari-racing.com\/wp-content\/uploads\/2018\/07\/GALERIE-PHOTOS-DIJON-PRENOIS-SOHEIL-AYARI-2018-700x662.jpg 700w\" sizes=\"(max-width: 996px) 100vw, 996px\" \/><\/a><\/p>\n<p style=\"text-align: justify;\"><a href=\"http:\/\/www.photographeprofessionel-patrickhecq.com\" target=\"_blank\" rel=\"noopener\"><em><span style=\"color: #000000; font-size: 14pt;\">Photos Patrick Hecq.<\/span><\/em><\/a><\/p>\n<p style=\"text-align: justify;\">\n","protected":false},"excerpt":{"rendered":"<p>MEETING DIJON-PRENOIS GT4 SERIES &#8211; 14 &amp; 15 JUILLET 2018\u00a0: MALGR\u00c9 DES R\u00c9SULTATS VIERGES, L\u2019ALPINE A110 GT4 MONTRE SES PERFORMANCES &nbsp; C\u2019est sur le mythique circuit Dijon-Prenois, th\u00e9\u00e2tre du Grand Prix de France au d\u00e9but des ann\u00e9es 80, qu\u2019a choisi Alpine pour faire son grand&#8230;<\/p>\n","protected":false},"author":4,"featured_media":8386,"comment_status":"open","ping_status":"open","sticky":false,"template":"","format":"standard","meta":{"_exactmetrics_skip_tracking":false,"_exactmetrics_sitenote_active":false,"_exactmetrics_sitenote_note":"","_exactmetrics_sitenote_category":0,"footnotes":""},"categories":[5],"tags":[],"yoast_head":"<!-- This site is optimized with the Yoast SEO plugin v24.5 - https:\/\/yoast.com\/wordpress\/plugins\/seo\/ -->\n<title>MEETING DIJON-PRENOIS GT4 SERIES - 14 &amp; 15 JUILLET 2018 : MALGR\u00c9 DES R\u00c9SULTATS VIERGES, L\u2019ALPINE A110 GT4 MONTRE SES PERFORMANCES - ayari-racing<\/title>\n<meta name=\"robots\" content=\"index, follow, max-snippet:-1, max-image-preview:large, max-video-preview:-1\" \/>\n<link rel=\"canonical\" href=\"https:\/\/www.ayari-racing.com\/index.php\/2018\/07\/16\/meeting-dijon-prenois-gt4-series-14-15-juillet-2018-malgre-des-resultats-vierges-lalpine-a110-gt4-montre-ses-performances\/\" \/>\n<meta property=\"og:locale\" content=\"fr_FR\" \/>\n<meta property=\"og:type\" content=\"article\" \/>\n<meta property=\"og:title\" content=\"MEETING DIJON-PRENOIS GT4 SERIES - 14 &amp; 15 JUILLET 2018 : MALGR\u00c9 DES R\u00c9SULTATS VIERGES, L\u2019ALPINE A110 GT4 MONTRE SES PERFORMANCES - ayari-racing\" \/>\n<meta property=\"og:description\" content=\"MEETING DIJON-PRENOIS GT4 SERIES &#8211; 14 &amp; 15 JUILLET 2018\u00a0: MALGR\u00c9 DES R\u00c9SULTATS VIERGES, L\u2019ALPINE A110 GT4 MONTRE SES PERFORMANCES &nbsp; C\u2019est sur le mythique circuit Dijon-Prenois, th\u00e9\u00e2tre du Grand Prix de France au d\u00e9but des ann\u00e9es 80, qu\u2019a choisi Alpine pour faire son grand...\" \/>\n<meta property=\"og:url\" content=\"https:\/\/www.ayari-racing.com\/index.php\/2018\/07\/16\/meeting-dijon-prenois-gt4-series-14-15-juillet-2018-malgre-des-resultats-vierges-lalpine-a110-gt4-montre-ses-performances\/\" \/>\n<meta property=\"og:site_name\" content=\"ayari-racing\" \/>\n<meta property=\"article:published_time\" content=\"2018-07-16T04:51:00+00:00\" \/>\n<meta property=\"article:modified_time\" content=\"2018-09-04T07:42:53+00:00\" \/>\n<meta property=\"og:image\" content=\"https:\/\/www.ayari-racing.com\/wp-content\/uploads\/2018\/07\/PH_8722.jpg\" \/>\n\t<meta property=\"og:image:width\" content=\"1300\" \/>\n\t<meta property=\"og:image:height\" content=\"1023\" \/>\n\t<meta property=\"og:image:type\" content=\"image\/jpeg\" \/>\n<meta name=\"author\" content=\"Ayari sassan\" \/>\n<meta name=\"twitter:card\" content=\"summary_large_image\" \/>\n<meta name=\"twitter:label1\" content=\"\u00c9crit par\" \/>\n\t<meta name=\"twitter:data1\" content=\"Ayari sassan\" \/>\n\t<meta name=\"twitter:label2\" content=\"Dur\u00e9e de lecture estim\u00e9e\" \/>\n\t<meta name=\"twitter:data2\" content=\"3 minutes\" \/>\n<script type=\"application\/ld+json\" class=\"yoast-schema-graph\">{\"@context\":\"https:\/\/schema.org\",\"@graph\":[{\"@type\":\"Article\",\"@id\":\"https:\/\/www.ayari-racing.com\/index.php\/2018\/07\/16\/meeting-dijon-prenois-gt4-series-14-15-juillet-2018-malgre-des-resultats-vierges-lalpine-a110-gt4-montre-ses-performances\/#article\",\"isPartOf\":{\"@id\":\"https:\/\/www.ayari-racing.com\/index.php\/2018\/07\/16\/meeting-dijon-prenois-gt4-series-14-15-juillet-2018-malgre-des-resultats-vierges-lalpine-a110-gt4-montre-ses-performances\/\"},\"author\":{\"name\":\"Ayari sassan\",\"@id\":\"https:\/\/www.ayari-racing.com\/#\/schema\/person\/32075f08efe1cf46ce5349d830333784\"},\"headline\":\"MEETING DIJON-PRENOIS GT4 SERIES &#8211; 14 &#038; 15 JUILLET 2018 : MALGR\u00c9 DES R\u00c9SULTATS VIERGES, L\u2019ALPINE A110 GT4 MONTRE SES PERFORMANCES\",\"datePublished\":\"2018-07-16T04:51:00+00:00\",\"dateModified\":\"2018-09-04T07:42:53+00:00\",\"mainEntityOfPage\":{\"@id\":\"https:\/\/www.ayari-racing.com\/index.php\/2018\/07\/16\/meeting-dijon-prenois-gt4-series-14-15-juillet-2018-malgre-des-resultats-vierges-lalpine-a110-gt4-montre-ses-performances\/\"},\"wordCount\":537,\"commentCount\":0,\"publisher\":{\"@id\":\"https:\/\/www.ayari-racing.com\/#\/schema\/person\/32075f08efe1cf46ce5349d830333784\"},\"image\":{\"@id\":\"https:\/\/www.ayari-racing.com\/index.php\/2018\/07\/16\/meeting-dijon-prenois-gt4-series-14-15-juillet-2018-malgre-des-resultats-vierges-lalpine-a110-gt4-montre-ses-performances\/#primaryimage\"},\"thumbnailUrl\":\"https:\/\/www.ayari-racing.com\/wp-content\/uploads\/2018\/07\/PH_8722.jpg\",\"articleSection\":[\"Ayari-racing\"],\"inLanguage\":\"fr-FR\",\"potentialAction\":[{\"@type\":\"CommentAction\",\"name\":\"Comment\",\"target\":[\"https:\/\/www.ayari-racing.com\/index.php\/2018\/07\/16\/meeting-dijon-prenois-gt4-series-14-15-juillet-2018-malgre-des-resultats-vierges-lalpine-a110-gt4-montre-ses-performances\/#respond\"]}]},{\"@type\":\"WebPage\",\"@id\":\"https:\/\/www.ayari-racing.com\/index.php\/2018\/07\/16\/meeting-dijon-prenois-gt4-series-14-15-juillet-2018-malgre-des-resultats-vierges-lalpine-a110-gt4-montre-ses-performances\/\",\"url\":\"https:\/\/www.ayari-racing.com\/index.php\/2018\/07\/16\/meeting-dijon-prenois-gt4-series-14-15-juillet-2018-malgre-des-resultats-vierges-lalpine-a110-gt4-montre-ses-performances\/\",\"name\":\"MEETING DIJON-PRENOIS GT4 SERIES - 14 & 15 JUILLET 2018 : MALGR\u00c9 DES R\u00c9SULTATS VIERGES, L\u2019ALPINE A110 GT4 MONTRE SES PERFORMANCES - ayari-racing\",\"isPartOf\":{\"@id\":\"https:\/\/www.ayari-racing.com\/#website\"},\"primaryImageOfPage\":{\"@id\":\"https:\/\/www.ayari-racing.com\/index.php\/2018\/07\/16\/meeting-dijon-prenois-gt4-series-14-15-juillet-2018-malgre-des-resultats-vierges-lalpine-a110-gt4-montre-ses-performances\/#primaryimage\"},\"image\":{\"@id\":\"https:\/\/www.ayari-racing.com\/index.php\/2018\/07\/16\/meeting-dijon-prenois-gt4-series-14-15-juillet-2018-malgre-des-resultats-vierges-lalpine-a110-gt4-montre-ses-performances\/#primaryimage\"},\"thumbnailUrl\":\"https:\/\/www.ayari-racing.com\/wp-content\/uploads\/2018\/07\/PH_8722.jpg\",\"datePublished\":\"2018-07-16T04:51:00+00:00\",\"dateModified\":\"2018-09-04T07:42:53+00:00\",\"breadcrumb\":{\"@id\":\"https:\/\/www.ayari-racing.com\/index.php\/2018\/07\/16\/meeting-dijon-prenois-gt4-series-14-15-juillet-2018-malgre-des-resultats-vierges-lalpine-a110-gt4-montre-ses-performances\/#breadcrumb\"},\"inLanguage\":\"fr-FR\",\"potentialAction\":[{\"@type\":\"ReadAction\",\"target\":[\"https:\/\/www.ayari-racing.com\/index.php\/2018\/07\/16\/meeting-dijon-prenois-gt4-series-14-15-juillet-2018-malgre-des-resultats-vierges-lalpine-a110-gt4-montre-ses-performances\/\"]}]},{\"@type\":\"ImageObject\",\"inLanguage\":\"fr-FR\",\"@id\":\"https:\/\/www.ayari-racing.com\/index.php\/2018\/07\/16\/meeting-dijon-prenois-gt4-series-14-15-juillet-2018-malgre-des-resultats-vierges-lalpine-a110-gt4-montre-ses-performances\/#primaryimage\",\"url\":\"https:\/\/www.ayari-racing.com\/wp-content\/uploads\/2018\/07\/PH_8722.jpg\",\"contentUrl\":\"https:\/\/www.ayari-racing.com\/wp-content\/uploads\/2018\/07\/PH_8722.jpg\",\"width\":1300,\"height\":1023},{\"@type\":\"BreadcrumbList\",\"@id\":\"https:\/\/www.ayari-racing.com\/index.php\/2018\/07\/16\/meeting-dijon-prenois-gt4-series-14-15-juillet-2018-malgre-des-resultats-vierges-lalpine-a110-gt4-montre-ses-performances\/#breadcrumb\",\"itemListElement\":[{\"@type\":\"ListItem\",\"position\":1,\"name\":\"Home\",\"item\":\"https:\/\/www.ayari-racing.com\/\"},{\"@type\":\"ListItem\",\"position\":2,\"name\":\"MEETING DIJON-PRENOIS GT4 SERIES &#8211; 14 &#038; 15 JUILLET 2018 : MALGR\u00c9 DES R\u00c9SULTATS VIERGES, L\u2019ALPINE A110 GT4 MONTRE SES PERFORMANCES\"}]},{\"@type\":\"WebSite\",\"@id\":\"https:\/\/www.ayari-racing.com\/#website\",\"url\":\"https:\/\/www.ayari-racing.com\/\",\"name\":\"ayari-racing\",\"description\":\"Soheil Ayari, pilote automobile endurance, GT, coach de pilote\",\"publisher\":{\"@id\":\"https:\/\/www.ayari-racing.com\/#\/schema\/person\/32075f08efe1cf46ce5349d830333784\"},\"potentialAction\":[{\"@type\":\"SearchAction\",\"target\":{\"@type\":\"EntryPoint\",\"urlTemplate\":\"https:\/\/www.ayari-racing.com\/?s={search_term_string}\"},\"query-input\":{\"@type\":\"PropertyValueSpecification\",\"valueRequired\":true,\"valueName\":\"search_term_string\"}}],\"inLanguage\":\"fr-FR\"},{\"@type\":[\"Person\",\"Organization\"],\"@id\":\"https:\/\/www.ayari-racing.com\/#\/schema\/person\/32075f08efe1cf46ce5349d830333784\",\"name\":\"Ayari sassan\",\"image\":{\"@type\":\"ImageObject\",\"inLanguage\":\"fr-FR\",\"@id\":\"https:\/\/www.ayari-racing.com\/#\/schema\/person\/image\/\",\"url\":\"https:\/\/secure.gravatar.com\/avatar\/635fd46f213a2db5866407af58082930?s=96&d=mm&r=g\",\"contentUrl\":\"https:\/\/secure.gravatar.com\/avatar\/635fd46f213a2db5866407af58082930?s=96&d=mm&r=g\",\"caption\":\"Ayari sassan\"},\"logo\":{\"@id\":\"https:\/\/www.ayari-racing.com\/#\/schema\/person\/image\/\"},\"sameAs\":[\"http:\/\/www.acom-evenements.com\"]}]}<\/script>\n<!-- \/ Yoast SEO plugin. -->","yoast_head_json":{"title":"MEETING DIJON-PRENOIS GT4 SERIES - 14 & 15 JUILLET 2018 : MALGR\u00c9 DES R\u00c9SULTATS VIERGES, L\u2019ALPINE A110 GT4 MONTRE SES PERFORMANCES - ayari-racing","robots":{"index":"index","follow":"follow","max-snippet":"max-snippet:-1","max-image-preview":"max-image-preview:large","max-video-preview":"max-video-preview:-1"},"canonical":"https:\/\/www.ayari-racing.com\/index.php\/2018\/07\/16\/meeting-dijon-prenois-gt4-series-14-15-juillet-2018-malgre-des-resultats-vierges-lalpine-a110-gt4-montre-ses-performances\/","og_locale":"fr_FR","og_type":"article","og_title":"MEETING DIJON-PRENOIS GT4 SERIES - 14 & 15 JUILLET 2018 : MALGR\u00c9 DES R\u00c9SULTATS VIERGES, L\u2019ALPINE A110 GT4 MONTRE SES PERFORMANCES - ayari-racing","og_description":"MEETING DIJON-PRENOIS GT4 SERIES &#8211; 14 &amp; 15 JUILLET 2018\u00a0: MALGR\u00c9 DES R\u00c9SULTATS VIERGES, L\u2019ALPINE A110 GT4 MONTRE SES PERFORMANCES &nbsp; C\u2019est sur le mythique circuit Dijon-Prenois, th\u00e9\u00e2tre du Grand Prix de France au d\u00e9but des ann\u00e9es 80, qu\u2019a choisi Alpine pour faire son grand...","og_url":"https:\/\/www.ayari-racing.com\/index.php\/2018\/07\/16\/meeting-dijon-prenois-gt4-series-14-15-juillet-2018-malgre-des-resultats-vierges-lalpine-a110-gt4-montre-ses-performances\/","og_site_name":"ayari-racing","article_published_time":"2018-07-16T04:51:00+00:00","article_modified_time":"2018-09-04T07:42:53+00:00","og_image":[{"width":1300,"height":1023,"url":"https:\/\/www.ayari-racing.com\/wp-content\/uploads\/2018\/07\/PH_8722.jpg","type":"image\/jpeg"}],"author":"Ayari sassan","twitter_card":"summary_large_image","twitter_misc":{"\u00c9crit par":"Ayari sassan","Dur\u00e9e de lecture estim\u00e9e":"3 minutes"},"schema":{"@context":"https:\/\/schema.org","@graph":[{"@type":"Article","@id":"https:\/\/www.ayari-racing.com\/index.php\/2018\/07\/16\/meeting-dijon-prenois-gt4-series-14-15-juillet-2018-malgre-des-resultats-vierges-lalpine-a110-gt4-montre-ses-performances\/#article","isPartOf":{"@id":"https:\/\/www.ayari-racing.com\/index.php\/2018\/07\/16\/meeting-dijon-prenois-gt4-series-14-15-juillet-2018-malgre-des-resultats-vierges-lalpine-a110-gt4-montre-ses-performances\/"},"author":{"name":"Ayari sassan","@id":"https:\/\/www.ayari-racing.com\/#\/schema\/person\/32075f08efe1cf46ce5349d830333784"},"headline":"MEETING DIJON-PRENOIS GT4 SERIES &#8211; 14 &#038; 15 JUILLET 2018 : MALGR\u00c9 DES R\u00c9SULTATS VIERGES, L\u2019ALPINE A110 GT4 MONTRE SES PERFORMANCES","datePublished":"2018-07-16T04:51:00+00:00","dateModified":"2018-09-04T07:42:53+00:00","mainEntityOfPage":{"@id":"https:\/\/www.ayari-racing.com\/index.php\/2018\/07\/16\/meeting-dijon-prenois-gt4-series-14-15-juillet-2018-malgre-des-resultats-vierges-lalpine-a110-gt4-montre-ses-performances\/"},"wordCount":537,"commentCount":0,"publisher":{"@id":"https:\/\/www.ayari-racing.com\/#\/schema\/person\/32075f08efe1cf46ce5349d830333784"},"image":{"@id":"https:\/\/www.ayari-racing.com\/index.php\/2018\/07\/16\/meeting-dijon-prenois-gt4-series-14-15-juillet-2018-malgre-des-resultats-vierges-lalpine-a110-gt4-montre-ses-performances\/#primaryimage"},"thumbnailUrl":"https:\/\/www.ayari-racing.com\/wp-content\/uploads\/2018\/07\/PH_8722.jpg","articleSection":["Ayari-racing"],"inLanguage":"fr-FR","potentialAction":[{"@type":"CommentAction","name":"Comment","target":["https:\/\/www.ayari-racing.com\/index.php\/2018\/07\/16\/meeting-dijon-prenois-gt4-series-14-15-juillet-2018-malgre-des-resultats-vierges-lalpine-a110-gt4-montre-ses-performances\/#respond"]}]},{"@type":"WebPage","@id":"https:\/\/www.ayari-racing.com\/index.php\/2018\/07\/16\/meeting-dijon-prenois-gt4-series-14-15-juillet-2018-malgre-des-resultats-vierges-lalpine-a110-gt4-montre-ses-performances\/","url":"https:\/\/www.ayari-racing.com\/index.php\/2018\/07\/16\/meeting-dijon-prenois-gt4-series-14-15-juillet-2018-malgre-des-resultats-vierges-lalpine-a110-gt4-montre-ses-performances\/","name":"MEETING DIJON-PRENOIS GT4 SERIES - 14 & 15 JUILLET 2018 : MALGR\u00c9 DES R\u00c9SULTATS VIERGES, L\u2019ALPINE A110 GT4 MONTRE SES PERFORMANCES - ayari-racing","isPartOf":{"@id":"https:\/\/www.ayari-racing.com\/#website"},"primaryImageOfPage":{"@id":"https:\/\/www.ayari-racing.com\/index.php\/2018\/07\/16\/meeting-dijon-prenois-gt4-series-14-15-juillet-2018-malgre-des-resultats-vierges-lalpine-a110-gt4-montre-ses-performances\/#primaryimage"},"image":{"@id":"https:\/\/www.ayari-racing.com\/index.php\/2018\/07\/16\/meeting-dijon-prenois-gt4-series-14-15-juillet-2018-malgre-des-resultats-vierges-lalpine-a110-gt4-montre-ses-performances\/#primaryimage"},"thumbnailUrl":"https:\/\/www.ayari-racing.com\/wp-content\/uploads\/2018\/07\/PH_8722.jpg","datePublished":"2018-07-16T04:51:00+00:00","dateModified":"2018-09-04T07:42:53+00:00","breadcrumb":{"@id":"https:\/\/www.ayari-racing.com\/index.php\/2018\/07\/16\/meeting-dijon-prenois-gt4-series-14-15-juillet-2018-malgre-des-resultats-vierges-lalpine-a110-gt4-montre-ses-performances\/#breadcrumb"},"inLanguage":"fr-FR","potentialAction":[{"@type":"ReadAction","target":["https:\/\/www.ayari-racing.com\/index.php\/2018\/07\/16\/meeting-dijon-prenois-gt4-series-14-15-juillet-2018-malgre-des-resultats-vierges-lalpine-a110-gt4-montre-ses-performances\/"]}]},{"@type":"ImageObject","inLanguage":"fr-FR","@id":"https:\/\/www.ayari-racing.com\/index.php\/2018\/07\/16\/meeting-dijon-prenois-gt4-series-14-15-juillet-2018-malgre-des-resultats-vierges-lalpine-a110-gt4-montre-ses-performances\/#primaryimage","url":"https:\/\/www.ayari-racing.com\/wp-content\/uploads\/2018\/07\/PH_8722.jpg","contentUrl":"https:\/\/www.ayari-racing.com\/wp-content\/uploads\/2018\/07\/PH_8722.jpg","width":1300,"height":1023},{"@type":"BreadcrumbList","@id":"https:\/\/www.ayari-racing.com\/index.php\/2018\/07\/16\/meeting-dijon-prenois-gt4-series-14-15-juillet-2018-malgre-des-resultats-vierges-lalpine-a110-gt4-montre-ses-performances\/#breadcrumb","itemListElement":[{"@type":"ListItem","position":1,"name":"Home","item":"https:\/\/www.ayari-racing.com\/"},{"@type":"ListItem","position":2,"name":"MEETING DIJON-PRENOIS GT4 SERIES &#8211; 14 &#038; 15 JUILLET 2018 : MALGR\u00c9 DES R\u00c9SULTATS VIERGES, L\u2019ALPINE A110 GT4 MONTRE SES PERFORMANCES"}]},{"@type":"WebSite","@id":"https:\/\/www.ayari-racing.com\/#website","url":"https:\/\/www.ayari-racing.com\/","name":"ayari-racing","description":"Soheil Ayari, pilote automobile endurance, GT, coach de pilote","publisher":{"@id":"https:\/\/www.ayari-racing.com\/#\/schema\/person\/32075f08efe1cf46ce5349d830333784"},"potentialAction":[{"@type":"SearchAction","target":{"@type":"EntryPoint","urlTemplate":"https:\/\/www.ayari-racing.com\/?s={search_term_string}"},"query-input":{"@type":"PropertyValueSpecification","valueRequired":true,"valueName":"search_term_string"}}],"inLanguage":"fr-FR"},{"@type":["Person","Organization"],"@id":"https:\/\/www.ayari-racing.com\/#\/schema\/person\/32075f08efe1cf46ce5349d830333784","name":"Ayari sassan","image":{"@type":"ImageObject","inLanguage":"fr-FR","@id":"https:\/\/www.ayari-racing.com\/#\/schema\/person\/image\/","url":"https:\/\/secure.gravatar.com\/avatar\/635fd46f213a2db5866407af58082930?s=96&d=mm&r=g","contentUrl":"https:\/\/secure.gravatar.com\/avatar\/635fd46f213a2db5866407af58082930?s=96&d=mm&r=g","caption":"Ayari sassan"},"logo":{"@id":"https:\/\/www.ayari-racing.com\/#\/schema\/person\/image\/"},"sameAs":["http:\/\/www.acom-evenements.com"]}]}},"_links":{"self":[{"href":"https:\/\/www.ayari-racing.com\/index.php\/wp-json\/wp\/v2\/posts\/8350"}],"collection":[{"href":"https:\/\/www.ayari-racing.com\/index.php\/wp-json\/wp\/v2\/posts"}],"about":[{"href":"https:\/\/www.ayari-racing.com\/index.php\/wp-json\/wp\/v2\/types\/post"}],"author":[{"embeddable":true,"href":"https:\/\/www.ayari-racing.com\/index.php\/wp-json\/wp\/v2\/users\/4"}],"replies":[{"embeddable":true,"href":"https:\/\/www.ayari-racing.com\/index.php\/wp-json\/wp\/v2\/comments?post=8350"}],"version-history":[{"count":5,"href":"https:\/\/www.ayari-racing.com\/index.php\/wp-json\/wp\/v2\/posts\/8350\/revisions"}],"predecessor-version":[{"id":8363,"href":"https:\/\/www.ayari-racing.com\/index.php\/wp-json\/wp\/v2\/posts\/8350\/revisions\/8363"}],"wp:featuredmedia":[{"embeddable":true,"href":"https:\/\/www.ayari-racing.com\/index.php\/wp-json\/wp\/v2\/media\/8386"}],"wp:attachment":[{"href":"https:\/\/www.ayari-racing.com\/index.php\/wp-json\/wp\/v2\/media?parent=8350"}],"wp:term":[{"taxonomy":"category","embeddable":true,"href":"https:\/\/www.ayari-racing.com\/index.php\/wp-json\/wp\/v2\/categories?post=8350"},{"taxonomy":"post_tag","embeddable":true,"href":"https:\/\/www.ayari-racing.com\/index.php\/wp-json\/wp\/v2\/tags?post=8350"}],"curies":[{"name":"wp","href":"https:\/\/api.w.org\/{rel}","templated":true}]}}