{"id":8373,"date":"2018-09-04T09:34:03","date_gmt":"2018-09-04T07:34:03","guid":{"rendered":"http:\/\/www.ayari-racing.com\/?p=8373"},"modified":"2018-09-04T09:38:44","modified_gmt":"2018-09-04T07:38:44","slug":"rentree-des-classes-du-gt4-series-sur-le-circuit-de-magny-cours","status":"publish","type":"post","link":"https:\/\/www.ayari-racing.com\/index.php\/2018\/09\/04\/rentree-des-classes-du-gt4-series-sur-le-circuit-de-magny-cours\/","title":{"rendered":"RENTR\u00c9E DES CLASSES DU GT4 SERIES SUR LE CIRCUIT DE MAGNY-COURS."},"content":{"rendered":"<p style=\"text-align: center;\"><span style=\"font-family: impact, sans-serif; font-size: 24pt; color: #000000;\"><strong>RENTR\u00c9E DES CLASSES DU GT4 SERIES SUR LE CIRCUIT DE MAGNY-COURS<\/strong><\/span><\/p>\n<p><img loading=\"lazy\" decoding=\"async\" class=\"size-large wp-image-8374 aligncenter\" src=\"http:\/\/www.ayari-racing.com\/wp-content\/uploads\/2018\/09\/ALPINE-A110-SOHEIL-AYARI-1-1030x275.jpg\" alt=\"\" width=\"1030\" height=\"275\" srcset=\"https:\/\/www.ayari-racing.com\/wp-content\/uploads\/2018\/09\/ALPINE-A110-SOHEIL-AYARI-1-1030x275.jpg 1030w, https:\/\/www.ayari-racing.com\/wp-content\/uploads\/2018\/09\/ALPINE-A110-SOHEIL-AYARI-1-300x80.jpg 300w, https:\/\/www.ayari-racing.com\/wp-content\/uploads\/2018\/09\/ALPINE-A110-SOHEIL-AYARI-1-768x205.jpg 768w, https:\/\/www.ayari-racing.com\/wp-content\/uploads\/2018\/09\/ALPINE-A110-SOHEIL-AYARI-1-700x187.jpg 700w, https:\/\/www.ayari-racing.com\/wp-content\/uploads\/2018\/09\/ALPINE-A110-SOHEIL-AYARI-1-1320x353.jpg 1320w, https:\/\/www.ayari-racing.com\/wp-content\/uploads\/2018\/09\/ALPINE-A110-SOHEIL-AYARI-1.jpg 1500w\" sizes=\"(max-width: 1030px) 100vw, 1030px\" \/><\/p>\n<p><span style=\"color: #000000;\"><img loading=\"lazy\" decoding=\"async\" class=\"alignleft wp-image-8381\" src=\"http:\/\/www.ayari-racing.com\/wp-content\/uploads\/2018\/09\/AFFICHE-MAGNY-COURS-ALPINE-A110-SOHEIL-AYARI-732x1030.jpg\" alt=\"\" width=\"219\" height=\"308\" srcset=\"https:\/\/www.ayari-racing.com\/wp-content\/uploads\/2018\/09\/AFFICHE-MAGNY-COURS-ALPINE-A110-SOHEIL-AYARI-732x1030.jpg 732w, https:\/\/www.ayari-racing.com\/wp-content\/uploads\/2018\/09\/AFFICHE-MAGNY-COURS-ALPINE-A110-SOHEIL-AYARI-213x300.jpg 213w, https:\/\/www.ayari-racing.com\/wp-content\/uploads\/2018\/09\/AFFICHE-MAGNY-COURS-ALPINE-A110-SOHEIL-AYARI-700x985.jpg 700w, https:\/\/www.ayari-racing.com\/wp-content\/uploads\/2018\/09\/AFFICHE-MAGNY-COURS-ALPINE-A110-SOHEIL-AYARI.jpg 762w\" sizes=\"(max-width: 219px) 100vw, 219px\" \/>Ils avaient pris cong\u00e9s au soir du meeting de Dijon-Prenois, le jour de la victoire de la France en Coupe du Monde&#8230; nous les retrouvons ce week-end dans la Ni\u00e8vre sur le circuit de F1 de Magny-Cours.<\/span><\/p>\n<p><span style=\"color: #000000;\">Parmi les quelque quarante concurrents qui font du plateau GT4 Series l\u2019un des plus beaux en Europe, on retrouvera avec envie l\u2019Alpine A110 GT4 du Team CMR aux mains du duo Soheil AYARI \/ Nicolas TARDIF. Une auto d\u00e9j\u00e0 pl\u00e9biscit\u00e9e par les spectateurs, dont la c\u00f4te d\u2019amour va sans aucun doute augmenter \u00e0 l\u2019occasion de cette 4<sup>e<\/sup> manche (2 courses\u00a0: 1 samedi + 1 dimanche).<\/span><\/p>\n<p><span style=\"color: #000000;\">Pour la n\u00b026, l\u2019objectif sera avant tout de terminer, un but non atteint \u00e0 Dijon malgr\u00e9 une course 1 tonitruante o\u00f9 l\u2019A110 GT4 abandonnait \u00e0 trois tours de la fin sur crevaison, avec la victoire en point de mire.<\/span><\/p>\n<p><img loading=\"lazy\" decoding=\"async\" class=\"size-large wp-image-8375 aligncenter\" src=\"http:\/\/www.ayari-racing.com\/wp-content\/uploads\/2018\/09\/ALPINE-A110-SOHEIL-AYARI-2-1030x687.jpg\" alt=\"\" width=\"1030\" height=\"687\" srcset=\"https:\/\/www.ayari-racing.com\/wp-content\/uploads\/2018\/09\/ALPINE-A110-SOHEIL-AYARI-2-1030x687.jpg 1030w, https:\/\/www.ayari-racing.com\/wp-content\/uploads\/2018\/09\/ALPINE-A110-SOHEIL-AYARI-2-300x200.jpg 300w, https:\/\/www.ayari-racing.com\/wp-content\/uploads\/2018\/09\/ALPINE-A110-SOHEIL-AYARI-2-768x512.jpg 768w, https:\/\/www.ayari-racing.com\/wp-content\/uploads\/2018\/09\/ALPINE-A110-SOHEIL-AYARI-2-700x467.jpg 700w, https:\/\/www.ayari-racing.com\/wp-content\/uploads\/2018\/09\/ALPINE-A110-SOHEIL-AYARI-2-1320x880.jpg 1320w, https:\/\/www.ayari-racing.com\/wp-content\/uploads\/2018\/09\/ALPINE-A110-SOHEIL-AYARI-2.jpg 1500w\" sizes=\"(max-width: 1030px) 100vw, 1030px\" \/><\/p>\n<p><span style=\"color: #000000;\">\u00ab\u00a0<em>Depuis la derni\u00e8re \u00e9preuve, nous avons fait des essais pour continuer le travail de fiabilisation de l\u2019auto.<\/em>\u00a0\u00bb commentait Soheil.<\/span><\/p>\n<hr \/>\n<p><strong><span style=\"color: #000000;\">Vivez les courses en direct gr\u00e2ce au LIVE STREAMING propos\u00e9 sur le site\u00a0:<\/span><\/strong><\/p>\n<ul>\n<li><span style=\"color: #000000;\">Samedi 8 septembre \u00e0 partir de 15h\u00a0: <a href=\"https:\/\/ffsagt.gt4series.com\/fr_fr\/live\/\" target=\"_blank\" rel=\"noopener\"><strong>cliquez ici<\/strong><\/a>.<\/span><\/li>\n<li><span style=\"color: #000000;\">Dimanche 9 septembre \u00e0 partir de 16h\u00a0: <a href=\"https:\/\/ffsagt.gt4series.com\/fr_fr\/live\/\" target=\"_blank\" rel=\"noopener\"><strong>cliquez ici<\/strong><\/a>.<\/span><\/li>\n<\/ul>\n<hr \/>\n<p><strong><span style=\"color: #000000;\">La liste des engag\u00e9s\u00a0:<\/span><\/strong><\/p>\n<p><a href=\"http:\/\/www.ayari-racing.com\/wp-content\/uploads\/2018\/09\/Entry-List-CP-Preview-Magny-Cours_2.0.pdf\" target=\"_blank\" rel=\"noopener\"><img loading=\"lazy\" decoding=\"async\" class=\"size-full wp-image-8379 aligncenter\" src=\"http:\/\/www.ayari-racing.com\/wp-content\/uploads\/2018\/09\/Entry-List-CP-Preview-Magny-Cours_2.0.jpg\" alt=\"\" width=\"1000\" height=\"707\" srcset=\"https:\/\/www.ayari-racing.com\/wp-content\/uploads\/2018\/09\/Entry-List-CP-Preview-Magny-Cours_2.0.jpg 1000w, https:\/\/www.ayari-racing.com\/wp-content\/uploads\/2018\/09\/Entry-List-CP-Preview-Magny-Cours_2.0-300x212.jpg 300w, https:\/\/www.ayari-racing.com\/wp-content\/uploads\/2018\/09\/Entry-List-CP-Preview-Magny-Cours_2.0-768x543.jpg 768w, https:\/\/www.ayari-racing.com\/wp-content\/uploads\/2018\/09\/Entry-List-CP-Preview-Magny-Cours_2.0-700x495.jpg 700w\" sizes=\"(max-width: 1000px) 100vw, 1000px\" \/><\/a><\/p>\n<hr \/>\n<p><strong><span style=\"color: #000000;\">Les horaires des GT4 et des autres cat\u00e9gories pr\u00e9sentes\u00a0:<\/span><\/strong><\/p>\n<p><a href=\"http:\/\/www.ayari-racing.com\/wp-content\/uploads\/2018\/09\/Horaires-Magny-Cours-FFSA-GT-projet-n\u00b0-2.pdf\" target=\"_blank\" rel=\"noopener\"><img loading=\"lazy\" decoding=\"async\" class=\"size-large wp-image-8380 aligncenter\" src=\"http:\/\/www.ayari-racing.com\/wp-content\/uploads\/2018\/09\/Horaires-Magny-Cours-FFSA-GT-projet-n\u00b0-2-681x1030.jpg\" alt=\"\" width=\"681\" height=\"1030\" srcset=\"https:\/\/www.ayari-racing.com\/wp-content\/uploads\/2018\/09\/Horaires-Magny-Cours-FFSA-GT-projet-n\u00b0-2-681x1030.jpg 681w, https:\/\/www.ayari-racing.com\/wp-content\/uploads\/2018\/09\/Horaires-Magny-Cours-FFSA-GT-projet-n\u00b0-2-198x300.jpg 198w, https:\/\/www.ayari-racing.com\/wp-content\/uploads\/2018\/09\/Horaires-Magny-Cours-FFSA-GT-projet-n\u00b0-2-768x1162.jpg 768w, https:\/\/www.ayari-racing.com\/wp-content\/uploads\/2018\/09\/Horaires-Magny-Cours-FFSA-GT-projet-n\u00b0-2-700x1059.jpg 700w, https:\/\/www.ayari-racing.com\/wp-content\/uploads\/2018\/09\/Horaires-Magny-Cours-FFSA-GT-projet-n\u00b0-2.jpg 1200w\" sizes=\"(max-width: 681px) 100vw, 681px\" \/><\/a><img loading=\"lazy\" decoding=\"async\" class=\"size-large wp-image-8377 aligncenter\" src=\"http:\/\/www.ayari-racing.com\/wp-content\/uploads\/2018\/09\/ALPINE-A110-SOHEIL-AYARI-3-1030x687.jpg\" alt=\"\" width=\"1030\" height=\"687\" srcset=\"https:\/\/www.ayari-racing.com\/wp-content\/uploads\/2018\/09\/ALPINE-A110-SOHEIL-AYARI-3-1030x687.jpg 1030w, https:\/\/www.ayari-racing.com\/wp-content\/uploads\/2018\/09\/ALPINE-A110-SOHEIL-AYARI-3-300x200.jpg 300w, https:\/\/www.ayari-racing.com\/wp-content\/uploads\/2018\/09\/ALPINE-A110-SOHEIL-AYARI-3-768x512.jpg 768w, https:\/\/www.ayari-racing.com\/wp-content\/uploads\/2018\/09\/ALPINE-A110-SOHEIL-AYARI-3-700x467.jpg 700w, https:\/\/www.ayari-racing.com\/wp-content\/uploads\/2018\/09\/ALPINE-A110-SOHEIL-AYARI-3-1320x880.jpg 1320w, https:\/\/www.ayari-racing.com\/wp-content\/uploads\/2018\/09\/ALPINE-A110-SOHEIL-AYARI-3.jpg 1500w\" sizes=\"(max-width: 1030px) 100vw, 1030px\" \/><\/p>\n<p><span style=\"color: #000000;\"><a style=\"color: #000000;\" href=\"http:\/\/www.photographeprofessionel-patrickhecq.com\" target=\"_blank\" rel=\"noopener\"><strong><em>Cr\u00e9dit photos Patrick HECQ<\/em><\/strong><\/a><\/span><\/p>\n<p>&nbsp;<\/p>\n<p>&nbsp;<\/p>\n<p>&nbsp;<\/p>\n","protected":false},"excerpt":{"rendered":"<p>RENTR\u00c9E DES CLASSES DU GT4 SERIES SUR LE CIRCUIT DE MAGNY-COURS Ils avaient pris cong\u00e9s au soir du meeting de Dijon-Prenois, le jour de la victoire de la France en Coupe du Monde&#8230; nous les retrouvons ce week-end dans la Ni\u00e8vre sur le circuit de&#8230;<\/p>\n","protected":false},"author":4,"featured_media":8375,"comment_status":"open","ping_status":"open","sticky":false,"template":"","format":"standard","meta":{"_exactmetrics_skip_tracking":false,"_exactmetrics_sitenote_active":false,"_exactmetrics_sitenote_note":"","_exactmetrics_sitenote_category":0,"footnotes":""},"categories":[5],"tags":[],"yoast_head":"<!-- This site is optimized with the Yoast SEO plugin v24.5 - https:\/\/yoast.com\/wordpress\/plugins\/seo\/ -->\n<title>RENTR\u00c9E DES CLASSES DU GT4 SERIES SUR LE CIRCUIT DE MAGNY-COURS. - ayari-racing<\/title>\n<meta name=\"robots\" content=\"index, follow, max-snippet:-1, max-image-preview:large, max-video-preview:-1\" \/>\n<link rel=\"canonical\" href=\"https:\/\/www.ayari-racing.com\/index.php\/2018\/09\/04\/rentree-des-classes-du-gt4-series-sur-le-circuit-de-magny-cours\/\" \/>\n<meta property=\"og:locale\" content=\"fr_FR\" \/>\n<meta property=\"og:type\" content=\"article\" \/>\n<meta property=\"og:title\" content=\"RENTR\u00c9E DES CLASSES DU GT4 SERIES SUR LE CIRCUIT DE MAGNY-COURS. - ayari-racing\" \/>\n<meta property=\"og:description\" content=\"RENTR\u00c9E DES CLASSES DU GT4 SERIES SUR LE CIRCUIT DE MAGNY-COURS Ils avaient pris cong\u00e9s au soir du meeting de Dijon-Prenois, le jour de la victoire de la France en Coupe du Monde&#8230; nous les retrouvons ce week-end dans la Ni\u00e8vre sur le circuit de...\" \/>\n<meta property=\"og:url\" content=\"https:\/\/www.ayari-racing.com\/index.php\/2018\/09\/04\/rentree-des-classes-du-gt4-series-sur-le-circuit-de-magny-cours\/\" \/>\n<meta property=\"og:site_name\" content=\"ayari-racing\" \/>\n<meta property=\"article:published_time\" content=\"2018-09-04T07:34:03+00:00\" \/>\n<meta property=\"article:modified_time\" content=\"2018-09-04T07:38:44+00:00\" \/>\n<meta property=\"og:image\" content=\"https:\/\/www.ayari-racing.com\/wp-content\/uploads\/2018\/09\/ALPINE-A110-SOHEIL-AYARI-2.jpg\" \/>\n\t<meta property=\"og:image:width\" content=\"1500\" \/>\n\t<meta property=\"og:image:height\" content=\"1000\" \/>\n\t<meta property=\"og:image:type\" content=\"image\/jpeg\" \/>\n<meta name=\"author\" content=\"Ayari sassan\" \/>\n<meta name=\"twitter:card\" content=\"summary_large_image\" \/>\n<meta name=\"twitter:label1\" content=\"\u00c9crit par\" \/>\n\t<meta name=\"twitter:data1\" content=\"Ayari sassan\" \/>\n\t<meta name=\"twitter:label2\" content=\"Dur\u00e9e de lecture estim\u00e9e\" \/>\n\t<meta name=\"twitter:data2\" content=\"1 minute\" \/>\n<script type=\"application\/ld+json\" class=\"yoast-schema-graph\">{\"@context\":\"https:\/\/schema.org\",\"@graph\":[{\"@type\":\"Article\",\"@id\":\"https:\/\/www.ayari-racing.com\/index.php\/2018\/09\/04\/rentree-des-classes-du-gt4-series-sur-le-circuit-de-magny-cours\/#article\",\"isPartOf\":{\"@id\":\"https:\/\/www.ayari-racing.com\/index.php\/2018\/09\/04\/rentree-des-classes-du-gt4-series-sur-le-circuit-de-magny-cours\/\"},\"author\":{\"name\":\"Ayari sassan\",\"@id\":\"https:\/\/www.ayari-racing.com\/#\/schema\/person\/32075f08efe1cf46ce5349d830333784\"},\"headline\":\"RENTR\u00c9E DES CLASSES DU GT4 SERIES SUR LE CIRCUIT DE MAGNY-COURS.\",\"datePublished\":\"2018-09-04T07:34:03+00:00\",\"dateModified\":\"2018-09-04T07:38:44+00:00\",\"mainEntityOfPage\":{\"@id\":\"https:\/\/www.ayari-racing.com\/index.php\/2018\/09\/04\/rentree-des-classes-du-gt4-series-sur-le-circuit-de-magny-cours\/\"},\"wordCount\":241,\"commentCount\":0,\"publisher\":{\"@id\":\"https:\/\/www.ayari-racing.com\/#\/schema\/person\/32075f08efe1cf46ce5349d830333784\"},\"image\":{\"@id\":\"https:\/\/www.ayari-racing.com\/index.php\/2018\/09\/04\/rentree-des-classes-du-gt4-series-sur-le-circuit-de-magny-cours\/#primaryimage\"},\"thumbnailUrl\":\"https:\/\/www.ayari-racing.com\/wp-content\/uploads\/2018\/09\/ALPINE-A110-SOHEIL-AYARI-2.jpg\",\"articleSection\":[\"Ayari-racing\"],\"inLanguage\":\"fr-FR\",\"potentialAction\":[{\"@type\":\"CommentAction\",\"name\":\"Comment\",\"target\":[\"https:\/\/www.ayari-racing.com\/index.php\/2018\/09\/04\/rentree-des-classes-du-gt4-series-sur-le-circuit-de-magny-cours\/#respond\"]}]},{\"@type\":\"WebPage\",\"@id\":\"https:\/\/www.ayari-racing.com\/index.php\/2018\/09\/04\/rentree-des-classes-du-gt4-series-sur-le-circuit-de-magny-cours\/\",\"url\":\"https:\/\/www.ayari-racing.com\/index.php\/2018\/09\/04\/rentree-des-classes-du-gt4-series-sur-le-circuit-de-magny-cours\/\",\"name\":\"RENTR\u00c9E DES CLASSES DU GT4 SERIES SUR LE CIRCUIT DE MAGNY-COURS. - ayari-racing\",\"isPartOf\":{\"@id\":\"https:\/\/www.ayari-racing.com\/#website\"},\"primaryImageOfPage\":{\"@id\":\"https:\/\/www.ayari-racing.com\/index.php\/2018\/09\/04\/rentree-des-classes-du-gt4-series-sur-le-circuit-de-magny-cours\/#primaryimage\"},\"image\":{\"@id\":\"https:\/\/www.ayari-racing.com\/index.php\/2018\/09\/04\/rentree-des-classes-du-gt4-series-sur-le-circuit-de-magny-cours\/#primaryimage\"},\"thumbnailUrl\":\"https:\/\/www.ayari-racing.com\/wp-content\/uploads\/2018\/09\/ALPINE-A110-SOHEIL-AYARI-2.jpg\",\"datePublished\":\"2018-09-04T07:34:03+00:00\",\"dateModified\":\"2018-09-04T07:38:44+00:00\",\"breadcrumb\":{\"@id\":\"https:\/\/www.ayari-racing.com\/index.php\/2018\/09\/04\/rentree-des-classes-du-gt4-series-sur-le-circuit-de-magny-cours\/#breadcrumb\"},\"inLanguage\":\"fr-FR\",\"potentialAction\":[{\"@type\":\"ReadAction\",\"target\":[\"https:\/\/www.ayari-racing.com\/index.php\/2018\/09\/04\/rentree-des-classes-du-gt4-series-sur-le-circuit-de-magny-cours\/\"]}]},{\"@type\":\"ImageObject\",\"inLanguage\":\"fr-FR\",\"@id\":\"https:\/\/www.ayari-racing.com\/index.php\/2018\/09\/04\/rentree-des-classes-du-gt4-series-sur-le-circuit-de-magny-cours\/#primaryimage\",\"url\":\"https:\/\/www.ayari-racing.com\/wp-content\/uploads\/2018\/09\/ALPINE-A110-SOHEIL-AYARI-2.jpg\",\"contentUrl\":\"https:\/\/www.ayari-racing.com\/wp-content\/uploads\/2018\/09\/ALPINE-A110-SOHEIL-AYARI-2.jpg\",\"width\":1500,\"height\":1000},{\"@type\":\"BreadcrumbList\",\"@id\":\"https:\/\/www.ayari-racing.com\/index.php\/2018\/09\/04\/rentree-des-classes-du-gt4-series-sur-le-circuit-de-magny-cours\/#breadcrumb\",\"itemListElement\":[{\"@type\":\"ListItem\",\"position\":1,\"name\":\"Home\",\"item\":\"https:\/\/www.ayari-racing.com\/\"},{\"@type\":\"ListItem\",\"position\":2,\"name\":\"RENTR\u00c9E DES CLASSES DU GT4 SERIES SUR LE CIRCUIT DE MAGNY-COURS.\"}]},{\"@type\":\"WebSite\",\"@id\":\"https:\/\/www.ayari-racing.com\/#website\",\"url\":\"https:\/\/www.ayari-racing.com\/\",\"name\":\"ayari-racing\",\"description\":\"Soheil Ayari, pilote automobile endurance, GT, coach de pilote\",\"publisher\":{\"@id\":\"https:\/\/www.ayari-racing.com\/#\/schema\/person\/32075f08efe1cf46ce5349d830333784\"},\"potentialAction\":[{\"@type\":\"SearchAction\",\"target\":{\"@type\":\"EntryPoint\",\"urlTemplate\":\"https:\/\/www.ayari-racing.com\/?s={search_term_string}\"},\"query-input\":{\"@type\":\"PropertyValueSpecification\",\"valueRequired\":true,\"valueName\":\"search_term_string\"}}],\"inLanguage\":\"fr-FR\"},{\"@type\":[\"Person\",\"Organization\"],\"@id\":\"https:\/\/www.ayari-racing.com\/#\/schema\/person\/32075f08efe1cf46ce5349d830333784\",\"name\":\"Ayari sassan\",\"image\":{\"@type\":\"ImageObject\",\"inLanguage\":\"fr-FR\",\"@id\":\"https:\/\/www.ayari-racing.com\/#\/schema\/person\/image\/\",\"url\":\"https:\/\/secure.gravatar.com\/avatar\/635fd46f213a2db5866407af58082930?s=96&d=mm&r=g\",\"contentUrl\":\"https:\/\/secure.gravatar.com\/avatar\/635fd46f213a2db5866407af58082930?s=96&d=mm&r=g\",\"caption\":\"Ayari sassan\"},\"logo\":{\"@id\":\"https:\/\/www.ayari-racing.com\/#\/schema\/person\/image\/\"},\"sameAs\":[\"http:\/\/www.acom-evenements.com\"]}]}<\/script>\n<!-- \/ Yoast SEO plugin. -->","yoast_head_json":{"title":"RENTR\u00c9E DES CLASSES DU GT4 SERIES SUR LE CIRCUIT DE MAGNY-COURS. - ayari-racing","robots":{"index":"index","follow":"follow","max-snippet":"max-snippet:-1","max-image-preview":"max-image-preview:large","max-video-preview":"max-video-preview:-1"},"canonical":"https:\/\/www.ayari-racing.com\/index.php\/2018\/09\/04\/rentree-des-classes-du-gt4-series-sur-le-circuit-de-magny-cours\/","og_locale":"fr_FR","og_type":"article","og_title":"RENTR\u00c9E DES CLASSES DU GT4 SERIES SUR LE CIRCUIT DE MAGNY-COURS. - ayari-racing","og_description":"RENTR\u00c9E DES CLASSES DU GT4 SERIES SUR LE CIRCUIT DE MAGNY-COURS Ils avaient pris cong\u00e9s au soir du meeting de Dijon-Prenois, le jour de la victoire de la France en Coupe du Monde&#8230; nous les retrouvons ce week-end dans la Ni\u00e8vre sur le circuit de...","og_url":"https:\/\/www.ayari-racing.com\/index.php\/2018\/09\/04\/rentree-des-classes-du-gt4-series-sur-le-circuit-de-magny-cours\/","og_site_name":"ayari-racing","article_published_time":"2018-09-04T07:34:03+00:00","article_modified_time":"2018-09-04T07:38:44+00:00","og_image":[{"width":1500,"height":1000,"url":"https:\/\/www.ayari-racing.com\/wp-content\/uploads\/2018\/09\/ALPINE-A110-SOHEIL-AYARI-2.jpg","type":"image\/jpeg"}],"author":"Ayari sassan","twitter_card":"summary_large_image","twitter_misc":{"\u00c9crit par":"Ayari sassan","Dur\u00e9e de lecture estim\u00e9e":"1 minute"},"schema":{"@context":"https:\/\/schema.org","@graph":[{"@type":"Article","@id":"https:\/\/www.ayari-racing.com\/index.php\/2018\/09\/04\/rentree-des-classes-du-gt4-series-sur-le-circuit-de-magny-cours\/#article","isPartOf":{"@id":"https:\/\/www.ayari-racing.com\/index.php\/2018\/09\/04\/rentree-des-classes-du-gt4-series-sur-le-circuit-de-magny-cours\/"},"author":{"name":"Ayari sassan","@id":"https:\/\/www.ayari-racing.com\/#\/schema\/person\/32075f08efe1cf46ce5349d830333784"},"headline":"RENTR\u00c9E DES CLASSES DU GT4 SERIES SUR LE CIRCUIT DE MAGNY-COURS.","datePublished":"2018-09-04T07:34:03+00:00","dateModified":"2018-09-04T07:38:44+00:00","mainEntityOfPage":{"@id":"https:\/\/www.ayari-racing.com\/index.php\/2018\/09\/04\/rentree-des-classes-du-gt4-series-sur-le-circuit-de-magny-cours\/"},"wordCount":241,"commentCount":0,"publisher":{"@id":"https:\/\/www.ayari-racing.com\/#\/schema\/person\/32075f08efe1cf46ce5349d830333784"},"image":{"@id":"https:\/\/www.ayari-racing.com\/index.php\/2018\/09\/04\/rentree-des-classes-du-gt4-series-sur-le-circuit-de-magny-cours\/#primaryimage"},"thumbnailUrl":"https:\/\/www.ayari-racing.com\/wp-content\/uploads\/2018\/09\/ALPINE-A110-SOHEIL-AYARI-2.jpg","articleSection":["Ayari-racing"],"inLanguage":"fr-FR","potentialAction":[{"@type":"CommentAction","name":"Comment","target":["https:\/\/www.ayari-racing.com\/index.php\/2018\/09\/04\/rentree-des-classes-du-gt4-series-sur-le-circuit-de-magny-cours\/#respond"]}]},{"@type":"WebPage","@id":"https:\/\/www.ayari-racing.com\/index.php\/2018\/09\/04\/rentree-des-classes-du-gt4-series-sur-le-circuit-de-magny-cours\/","url":"https:\/\/www.ayari-racing.com\/index.php\/2018\/09\/04\/rentree-des-classes-du-gt4-series-sur-le-circuit-de-magny-cours\/","name":"RENTR\u00c9E DES CLASSES DU GT4 SERIES SUR LE CIRCUIT DE MAGNY-COURS. - ayari-racing","isPartOf":{"@id":"https:\/\/www.ayari-racing.com\/#website"},"primaryImageOfPage":{"@id":"https:\/\/www.ayari-racing.com\/index.php\/2018\/09\/04\/rentree-des-classes-du-gt4-series-sur-le-circuit-de-magny-cours\/#primaryimage"},"image":{"@id":"https:\/\/www.ayari-racing.com\/index.php\/2018\/09\/04\/rentree-des-classes-du-gt4-series-sur-le-circuit-de-magny-cours\/#primaryimage"},"thumbnailUrl":"https:\/\/www.ayari-racing.com\/wp-content\/uploads\/2018\/09\/ALPINE-A110-SOHEIL-AYARI-2.jpg","datePublished":"2018-09-04T07:34:03+00:00","dateModified":"2018-09-04T07:38:44+00:00","breadcrumb":{"@id":"https:\/\/www.ayari-racing.com\/index.php\/2018\/09\/04\/rentree-des-classes-du-gt4-series-sur-le-circuit-de-magny-cours\/#breadcrumb"},"inLanguage":"fr-FR","potentialAction":[{"@type":"ReadAction","target":["https:\/\/www.ayari-racing.com\/index.php\/2018\/09\/04\/rentree-des-classes-du-gt4-series-sur-le-circuit-de-magny-cours\/"]}]},{"@type":"ImageObject","inLanguage":"fr-FR","@id":"https:\/\/www.ayari-racing.com\/index.php\/2018\/09\/04\/rentree-des-classes-du-gt4-series-sur-le-circuit-de-magny-cours\/#primaryimage","url":"https:\/\/www.ayari-racing.com\/wp-content\/uploads\/2018\/09\/ALPINE-A110-SOHEIL-AYARI-2.jpg","contentUrl":"https:\/\/www.ayari-racing.com\/wp-content\/uploads\/2018\/09\/ALPINE-A110-SOHEIL-AYARI-2.jpg","width":1500,"height":1000},{"@type":"BreadcrumbList","@id":"https:\/\/www.ayari-racing.com\/index.php\/2018\/09\/04\/rentree-des-classes-du-gt4-series-sur-le-circuit-de-magny-cours\/#breadcrumb","itemListElement":[{"@type":"ListItem","position":1,"name":"Home","item":"https:\/\/www.ayari-racing.com\/"},{"@type":"ListItem","position":2,"name":"RENTR\u00c9E DES CLASSES DU GT4 SERIES SUR LE CIRCUIT DE MAGNY-COURS."}]},{"@type":"WebSite","@id":"https:\/\/www.ayari-racing.com\/#website","url":"https:\/\/www.ayari-racing.com\/","name":"ayari-racing","description":"Soheil Ayari, pilote automobile endurance, GT, coach de pilote","publisher":{"@id":"https:\/\/www.ayari-racing.com\/#\/schema\/person\/32075f08efe1cf46ce5349d830333784"},"potentialAction":[{"@type":"SearchAction","target":{"@type":"EntryPoint","urlTemplate":"https:\/\/www.ayari-racing.com\/?s={search_term_string}"},"query-input":{"@type":"PropertyValueSpecification","valueRequired":true,"valueName":"search_term_string"}}],"inLanguage":"fr-FR"},{"@type":["Person","Organization"],"@id":"https:\/\/www.ayari-racing.com\/#\/schema\/person\/32075f08efe1cf46ce5349d830333784","name":"Ayari sassan","image":{"@type":"ImageObject","inLanguage":"fr-FR","@id":"https:\/\/www.ayari-racing.com\/#\/schema\/person\/image\/","url":"https:\/\/secure.gravatar.com\/avatar\/635fd46f213a2db5866407af58082930?s=96&d=mm&r=g","contentUrl":"https:\/\/secure.gravatar.com\/avatar\/635fd46f213a2db5866407af58082930?s=96&d=mm&r=g","caption":"Ayari sassan"},"logo":{"@id":"https:\/\/www.ayari-racing.com\/#\/schema\/person\/image\/"},"sameAs":["http:\/\/www.acom-evenements.com"]}]}},"_links":{"self":[{"href":"https:\/\/www.ayari-racing.com\/index.php\/wp-json\/wp\/v2\/posts\/8373"}],"collection":[{"href":"https:\/\/www.ayari-racing.com\/index.php\/wp-json\/wp\/v2\/posts"}],"about":[{"href":"https:\/\/www.ayari-racing.com\/index.php\/wp-json\/wp\/v2\/types\/post"}],"author":[{"embeddable":true,"href":"https:\/\/www.ayari-racing.com\/index.php\/wp-json\/wp\/v2\/users\/4"}],"replies":[{"embeddable":true,"href":"https:\/\/www.ayari-racing.com\/index.php\/wp-json\/wp\/v2\/comments?post=8373"}],"version-history":[{"count":4,"href":"https:\/\/www.ayari-racing.com\/index.php\/wp-json\/wp\/v2\/posts\/8373\/revisions"}],"predecessor-version":[{"id":8383,"href":"https:\/\/www.ayari-racing.com\/index.php\/wp-json\/wp\/v2\/posts\/8373\/revisions\/8383"}],"wp:featuredmedia":[{"embeddable":true,"href":"https:\/\/www.ayari-racing.com\/index.php\/wp-json\/wp\/v2\/media\/8375"}],"wp:attachment":[{"href":"https:\/\/www.ayari-racing.com\/index.php\/wp-json\/wp\/v2\/media?parent=8373"}],"wp:term":[{"taxonomy":"category","embeddable":true,"href":"https:\/\/www.ayari-racing.com\/index.php\/wp-json\/wp\/v2\/categories?post=8373"},{"taxonomy":"post_tag","embeddable":true,"href":"https:\/\/www.ayari-racing.com\/index.php\/wp-json\/wp\/v2\/tags?post=8373"}],"curies":[{"name":"wp","href":"https:\/\/api.w.org\/{rel}","templated":true}]}}