{"id":8387,"date":"2018-09-10T09:31:13","date_gmt":"2018-09-10T07:31:13","guid":{"rendered":"http:\/\/www.ayari-racing.com\/?p=8387"},"modified":"2018-09-10T20:06:46","modified_gmt":"2018-09-10T18:06:46","slug":"magny-cours-gt4-series-une-5e-place-pour-ayari-tardif-et-une-premiere-victoire-pour-lautre-alpine-du-team-cmr","status":"publish","type":"post","link":"https:\/\/www.ayari-racing.com\/index.php\/2018\/09\/10\/magny-cours-gt4-series-une-5e-place-pour-ayari-tardif-et-une-premiere-victoire-pour-lautre-alpine-du-team-cmr\/","title":{"rendered":"MAGNY-COURS GT4 SERIES : UNE 5E PLACE POUR AYARI \/ TARDIF ET UNE PREMI\u00c8RE VICTOIRE POUR L\u2019AUTRE ALPINE DU TEAM CMR"},"content":{"rendered":"<p style=\"text-align: center;\"><span style=\"font-family: impact, sans-serif; font-size: 18pt; color: #000000;\">MAGNY-COURS GT4 SERIES\u00a0: UNE 5<sup>E<\/sup> PLACE POUR AYARI \/ TARDIF <\/span><\/p>\n<p style=\"text-align: center;\"><span style=\"font-family: impact, sans-serif; font-size: 18pt; color: #000000;\">ET UNE PREMI\u00c8RE VICTOIRE POUR L\u2019AUTRE ALPINE DU TEAM CMR<\/span><\/p>\n<p style=\"text-align: justify;\"><span style=\"color: #000000;\">On avait constat\u00e9 d\u00e8s ses premi\u00e8res tours de roues \u00e0 Dijon que l\u2019\u00e9quilibre et de tenue de route de l\u2019Alpine pouvaient faire des merveilles. L\u2019\u00e9quipage Soheil AYARI \/ Nicolas TARDIF n\u2019\u00e9tait pas pass\u00e9 loin d\u2019une premi\u00e8re victoire, abandonnant sur crevaison \u00e0 3 tours du but.<\/span><\/p>\n<p style=\"text-align: justify;\"><span style=\"color: #000000;\"><img loading=\"lazy\" decoding=\"async\" class=\"size-large wp-image-8390 aligncenter\" src=\"http:\/\/www.ayari-racing.com\/wp-content\/uploads\/2018\/09\/PHOTOS-GT4-SERIES-MAGNY-COURS-SOHEIL-AYARI-2018-0043-1030x371.jpg\" alt=\"\" width=\"1030\" height=\"371\" srcset=\"https:\/\/www.ayari-racing.com\/wp-content\/uploads\/2018\/09\/PHOTOS-GT4-SERIES-MAGNY-COURS-SOHEIL-AYARI-2018-0043-1030x371.jpg 1030w, https:\/\/www.ayari-racing.com\/wp-content\/uploads\/2018\/09\/PHOTOS-GT4-SERIES-MAGNY-COURS-SOHEIL-AYARI-2018-0043-300x108.jpg 300w, https:\/\/www.ayari-racing.com\/wp-content\/uploads\/2018\/09\/PHOTOS-GT4-SERIES-MAGNY-COURS-SOHEIL-AYARI-2018-0043-768x276.jpg 768w, https:\/\/www.ayari-racing.com\/wp-content\/uploads\/2018\/09\/PHOTOS-GT4-SERIES-MAGNY-COURS-SOHEIL-AYARI-2018-0043-700x252.jpg 700w, https:\/\/www.ayari-racing.com\/wp-content\/uploads\/2018\/09\/PHOTOS-GT4-SERIES-MAGNY-COURS-SOHEIL-AYARI-2018-0043.jpg 1300w\" sizes=\"(max-width: 1030px) 100vw, 1030px\" \/><\/span><\/p>\n<p style=\"text-align: justify;\"><span style=\"color: #000000;\">\u00c0 Magny-Cours, c\u2019est finalement la deuxi\u00e8me Alpine A110 GT4 du Team CMR, confi\u00e9e \u00e0 Pierre-Alexandre JEAN et Pierre SANCINENA, qui est all\u00e9e chercher la premi\u00e8re victoire de la belle Fran\u00e7aise \u00e0 l\u2019issue d\u2019une Course 2 parfaite.<\/span><\/p>\n<p style=\"text-align: justify;\"><span style=\"color: #000000;\"><img loading=\"lazy\" decoding=\"async\" class=\"wp-image-8391 alignleft\" src=\"http:\/\/www.ayari-racing.com\/wp-content\/uploads\/2018\/09\/WEB-PHOTOS-GT4-SERIES-MAGNY-COURS-SOHEIL-AYARI-2018-0005.jpg\" alt=\"\" width=\"305\" height=\"203\" srcset=\"https:\/\/www.ayari-racing.com\/wp-content\/uploads\/2018\/09\/WEB-PHOTOS-GT4-SERIES-MAGNY-COURS-SOHEIL-AYARI-2018-0005.jpg 600w, https:\/\/www.ayari-racing.com\/wp-content\/uploads\/2018\/09\/WEB-PHOTOS-GT4-SERIES-MAGNY-COURS-SOHEIL-AYARI-2018-0005-300x200.jpg 300w\" sizes=\"(max-width: 305px) 100vw, 305px\" \/>Pour Soheil, le week-end nivernais commen\u00e7ait bien puisqu\u2019il signait avec son \u00e9quipier une belle remont\u00e9e (15<sup>e<\/sup> sur la grille) dans l\u2019\u00e9preuve du samedi. Sous un soleil de plomb, Nicolas TARDIF prenait un bel envol et d\u00e9passait une coriace BMW pour rendre le volant \u00e0 Soheil en 11<sup>e<\/sup> position. Le pilote d\u2019Aix-les-Bains revenait rapidement derri\u00e8re l\u2019Audi de Lonni MARTINS, qui d\u00e9fendait quelque peu \u00e0 outrance sa position. Soheil parvenait \u00e0 trouver l\u2019ouverture apr\u00e8s quatre tours avant de signer les meilleurs tours en course. Mais le Savoyard ne pouvait remonter au-del\u00e0 de la 5<sup>e<\/sup> place.<\/span><\/p>\n<p style=\"text-align: justify;\"><span style=\"color: #000000;\">Qualifi\u00e9 en 3<sup>e<\/sup> position pour la Course 2, la #26 se voyait infliger 5 places de p\u00e9nalit\u00e9 sur la grille de d\u00e9part pour s\u2019\u00eatre trop frictionn\u00e9 avec ses concurrents la veille. \u00ab\u00a0<em>Le peloton \u00e9tait agit\u00e9 et plusieurs pilotes n\u2019ont pas jou\u00e9 le jeu. Je ne suis pas le seul sanctionn\u00e9.<\/em>\u00a0\u00bb d\u00e9clarait Soheil. <img loading=\"lazy\" decoding=\"async\" class=\"wp-image-8392 alignright\" src=\"http:\/\/www.ayari-racing.com\/wp-content\/uploads\/2018\/09\/WEB-PHOTOS-GT4-SERIES-MAGNY-COURS-SOHEIL-AYARI-2018-0024.jpg\" alt=\"\" width=\"320\" height=\"214\" srcset=\"https:\/\/www.ayari-racing.com\/wp-content\/uploads\/2018\/09\/WEB-PHOTOS-GT4-SERIES-MAGNY-COURS-SOHEIL-AYARI-2018-0024.jpg 600w, https:\/\/www.ayari-racing.com\/wp-content\/uploads\/2018\/09\/WEB-PHOTOS-GT4-SERIES-MAGNY-COURS-SOHEIL-AYARI-2018-0024-300x200.jpg 300w\" sizes=\"(max-width: 320px) 100vw, 320px\" \/><\/span><\/p>\n<p style=\"text-align: justify;\"><span style=\"color: #000000;\">Qu\u2019\u00e0 cela ne tienne, Soheil remontait rapidement en 3<sup>e<\/sup> position devant le futur vainqueur, avant que l\u2019ensemble du plateau ne soit ralenti par un \u00ab\u00a0Full Track Yellow\u00a0\u00bb pour permettre l\u2019\u00e9vacuation de plusieurs voitures sorties de piste. La dur\u00e9e de cette immobilisation obligeait les pilotes PRO \u00e0 rentrer plus t\u00f4t pour le changement de pilote, et amputait la course de pr\u00e8s de 20 minutes de spectacle.<\/span><\/p>\n<p style=\"text-align: justify;\"><span style=\"color: #000000;\">Le<\/span><span style=\"color: #000000;\"><img loading=\"lazy\" decoding=\"async\" class=\"wp-image-8393 alignleft\" src=\"http:\/\/www.ayari-racing.com\/wp-content\/uploads\/2018\/09\/WEB-PHOTOS-GT4-SERIES-MAGNY-COURS-SOHEIL-AYARI-2018-0028.jpg\" alt=\"\" width=\"305\" height=\"203\" srcset=\"https:\/\/www.ayari-racing.com\/wp-content\/uploads\/2018\/09\/WEB-PHOTOS-GT4-SERIES-MAGNY-COURS-SOHEIL-AYARI-2018-0028.jpg 600w, https:\/\/www.ayari-racing.com\/wp-content\/uploads\/2018\/09\/WEB-PHOTOS-GT4-SERIES-MAGNY-COURS-SOHEIL-AYARI-2018-0028-300x200.jpg 300w\" sizes=\"(max-width: 305px) 100vw, 305px\" \/><\/span><span style=\"color: #000000;\"> restart avait lieu \u00e0 15 minutes de la fin. Nicolas TARDIF, en d\u00e9licatesse avec ses pneus froids, se faisait pi\u00e9g\u00e9 par quelques adversaires et retombait en 7<sup>e<\/sup> position. Il \u00e9tait ensuite attaqu\u00e9 la BMW de Gilles VANNELET \u00e0 l\u2019\u00e9pingle d\u2019Ad\u00e9la\u00efde, mais celle-ci touchait le train arri\u00e8re de l\u2019Alpine n\u00b026 en sortie de virage, et le tordait trop pour poursuivre la course de l\u2019A110. Frustrant\u00a0!<\/span><\/p>\n<p style=\"text-align: justify;\"><span style=\"color: #000000;\">\u00ab\u00a0 <em>Le Team CMR a parfaitement pr\u00e9par\u00e9 ce meeting et les s\u00e9ances d\u2019essais ont pay\u00e9, l\u2019auto devient fiable et nous savions que le trac\u00e9 de Magny-Cours allait permettre \u00e0 l\u2019Alpine A110 de bien s\u2019exprimer. Je me suis r\u00e9gal\u00e9 au volant <\/em>(record du tour pour Soheil sur la course du dimanche).<em> Je suis tr\u00e8s heureux que l\u2019Alpine cons\u0153ur ouvre le score, c\u2019est m\u00e9rit\u00e9. Rendez-vous \u00e0 Barcelone fin septembre et au Paul Ricard mi-octobre, nous avons encore 4 courses pour en signer une nous aussi\u00a0!\u00a0<\/em>\u00bb concluait Soheil.<\/span><\/p>\n<p style=\"text-align: center;\"><a  itemprop=\"url\" href=\"http:\/\/www.ayari-racing.com\/index.php\/photos\/\" target=\"_self\"  class=\"qbutton  large center default\" style=\"font-style: normal; font-weight: 400; \">La galerie photos du meeting<\/a><\/p>\n<hr \/>\n<p style=\"text-align: justify;\"><span style=\"color: #000000; font-family: impact, sans-serif; font-size: 14pt;\"><strong>Tous les r\u00e9sultats du meeting GT4 Series de Magny-Cours\u00a0:<\/strong><\/span><\/p>\n<p><a href=\"https:\/\/ffsagt.gt4series.com\/fr_fr\/results\/1\/2018\" target=\"_blank\" rel=\"noopener\"><img loading=\"lazy\" decoding=\"async\" class=\"size-full wp-image-8400 aligncenter\" src=\"http:\/\/www.ayari-racing.com\/wp-content\/uploads\/2018\/09\/RESULTATS-MAGNY-COURS-GT4.jpg\" alt=\"\" width=\"1000\" height=\"189\" srcset=\"https:\/\/www.ayari-racing.com\/wp-content\/uploads\/2018\/09\/RESULTATS-MAGNY-COURS-GT4.jpg 1000w, https:\/\/www.ayari-racing.com\/wp-content\/uploads\/2018\/09\/RESULTATS-MAGNY-COURS-GT4-300x57.jpg 300w, https:\/\/www.ayari-racing.com\/wp-content\/uploads\/2018\/09\/RESULTATS-MAGNY-COURS-GT4-768x145.jpg 768w, https:\/\/www.ayari-racing.com\/wp-content\/uploads\/2018\/09\/RESULTATS-MAGNY-COURS-GT4-700x132.jpg 700w\" sizes=\"(max-width: 1000px) 100vw, 1000px\" \/><\/a><\/p>\n<p style=\"text-align: justify;\"><em>Photos <a href=\"http:\/\/www.photographeprofessionel-patrickhecq.com\" target=\"_blank\" rel=\"noopener\">Patrick HECQ<\/a><\/em><\/p>\n","protected":false},"excerpt":{"rendered":"<p>MAGNY-COURS GT4 SERIES\u00a0: UNE 5E PLACE POUR AYARI \/ TARDIF ET UNE PREMI\u00c8RE VICTOIRE POUR L\u2019AUTRE ALPINE DU TEAM CMR On avait constat\u00e9 d\u00e8s ses premi\u00e8res tours de roues \u00e0 Dijon que l\u2019\u00e9quilibre et de tenue de route de l\u2019Alpine pouvaient faire des merveilles. L\u2019\u00e9quipage&#8230;<\/p>\n","protected":false},"author":4,"featured_media":8397,"comment_status":"open","ping_status":"open","sticky":false,"template":"","format":"standard","meta":{"_exactmetrics_skip_tracking":false,"_exactmetrics_sitenote_active":false,"_exactmetrics_sitenote_note":"","_exactmetrics_sitenote_category":0,"footnotes":""},"categories":[5,1],"tags":[],"yoast_head":"<!-- This site is optimized with the Yoast SEO plugin v24.5 - https:\/\/yoast.com\/wordpress\/plugins\/seo\/ -->\n<title>MAGNY-COURS GT4 SERIES : UNE 5E PLACE POUR AYARI \/ TARDIF ET UNE PREMI\u00c8RE VICTOIRE POUR L\u2019AUTRE ALPINE DU TEAM CMR - ayari-racing<\/title>\n<meta name=\"robots\" content=\"index, follow, max-snippet:-1, max-image-preview:large, max-video-preview:-1\" \/>\n<link rel=\"canonical\" href=\"https:\/\/www.ayari-racing.com\/index.php\/2018\/09\/10\/magny-cours-gt4-series-une-5e-place-pour-ayari-tardif-et-une-premiere-victoire-pour-lautre-alpine-du-team-cmr\/\" \/>\n<meta property=\"og:locale\" content=\"fr_FR\" \/>\n<meta property=\"og:type\" content=\"article\" \/>\n<meta property=\"og:title\" content=\"MAGNY-COURS GT4 SERIES : UNE 5E PLACE POUR AYARI \/ TARDIF ET UNE PREMI\u00c8RE VICTOIRE POUR L\u2019AUTRE ALPINE DU TEAM CMR - ayari-racing\" \/>\n<meta property=\"og:description\" content=\"MAGNY-COURS GT4 SERIES\u00a0: UNE 5E PLACE POUR AYARI \/ TARDIF ET UNE PREMI\u00c8RE VICTOIRE POUR L\u2019AUTRE ALPINE DU TEAM CMR On avait constat\u00e9 d\u00e8s ses premi\u00e8res tours de roues \u00e0 Dijon que l\u2019\u00e9quilibre et de tenue de route de l\u2019Alpine pouvaient faire des merveilles. L\u2019\u00e9quipage...\" \/>\n<meta property=\"og:url\" content=\"https:\/\/www.ayari-racing.com\/index.php\/2018\/09\/10\/magny-cours-gt4-series-une-5e-place-pour-ayari-tardif-et-une-premiere-victoire-pour-lautre-alpine-du-team-cmr\/\" \/>\n<meta property=\"og:site_name\" content=\"ayari-racing\" \/>\n<meta property=\"article:published_time\" content=\"2018-09-10T07:31:13+00:00\" \/>\n<meta property=\"article:modified_time\" content=\"2018-09-10T18:06:46+00:00\" \/>\n<meta property=\"og:image\" content=\"https:\/\/www.ayari-racing.com\/wp-content\/uploads\/2018\/09\/PHOTOS-GT4-SERIES-MAGNY-COURS-SOHEIL-AYARI-2018-0043-1.jpg\" \/>\n\t<meta property=\"og:image:width\" content=\"1015\" \/>\n\t<meta property=\"og:image:height\" content=\"455\" \/>\n\t<meta property=\"og:image:type\" content=\"image\/jpeg\" \/>\n<meta name=\"author\" content=\"Ayari sassan\" \/>\n<meta name=\"twitter:card\" content=\"summary_large_image\" \/>\n<meta name=\"twitter:label1\" content=\"\u00c9crit par\" \/>\n\t<meta name=\"twitter:data1\" content=\"Ayari sassan\" \/>\n\t<meta name=\"twitter:label2\" content=\"Dur\u00e9e de lecture estim\u00e9e\" \/>\n\t<meta name=\"twitter:data2\" content=\"3 minutes\" \/>\n<script type=\"application\/ld+json\" class=\"yoast-schema-graph\">{\"@context\":\"https:\/\/schema.org\",\"@graph\":[{\"@type\":\"Article\",\"@id\":\"https:\/\/www.ayari-racing.com\/index.php\/2018\/09\/10\/magny-cours-gt4-series-une-5e-place-pour-ayari-tardif-et-une-premiere-victoire-pour-lautre-alpine-du-team-cmr\/#article\",\"isPartOf\":{\"@id\":\"https:\/\/www.ayari-racing.com\/index.php\/2018\/09\/10\/magny-cours-gt4-series-une-5e-place-pour-ayari-tardif-et-une-premiere-victoire-pour-lautre-alpine-du-team-cmr\/\"},\"author\":{\"name\":\"Ayari sassan\",\"@id\":\"https:\/\/www.ayari-racing.com\/#\/schema\/person\/32075f08efe1cf46ce5349d830333784\"},\"headline\":\"MAGNY-COURS GT4 SERIES : UNE 5E PLACE POUR AYARI \/ TARDIF ET UNE PREMI\u00c8RE VICTOIRE POUR L\u2019AUTRE ALPINE DU TEAM CMR\",\"datePublished\":\"2018-09-10T07:31:13+00:00\",\"dateModified\":\"2018-09-10T18:06:46+00:00\",\"mainEntityOfPage\":{\"@id\":\"https:\/\/www.ayari-racing.com\/index.php\/2018\/09\/10\/magny-cours-gt4-series-une-5e-place-pour-ayari-tardif-et-une-premiere-victoire-pour-lautre-alpine-du-team-cmr\/\"},\"wordCount\":590,\"commentCount\":0,\"publisher\":{\"@id\":\"https:\/\/www.ayari-racing.com\/#\/schema\/person\/32075f08efe1cf46ce5349d830333784\"},\"image\":{\"@id\":\"https:\/\/www.ayari-racing.com\/index.php\/2018\/09\/10\/magny-cours-gt4-series-une-5e-place-pour-ayari-tardif-et-une-premiere-victoire-pour-lautre-alpine-du-team-cmr\/#primaryimage\"},\"thumbnailUrl\":\"https:\/\/www.ayari-racing.com\/wp-content\/uploads\/2018\/09\/PHOTOS-GT4-SERIES-MAGNY-COURS-SOHEIL-AYARI-2018-0043-1.jpg\",\"articleSection\":[\"Ayari-racing\"],\"inLanguage\":\"fr-FR\",\"potentialAction\":[{\"@type\":\"CommentAction\",\"name\":\"Comment\",\"target\":[\"https:\/\/www.ayari-racing.com\/index.php\/2018\/09\/10\/magny-cours-gt4-series-une-5e-place-pour-ayari-tardif-et-une-premiere-victoire-pour-lautre-alpine-du-team-cmr\/#respond\"]}]},{\"@type\":\"WebPage\",\"@id\":\"https:\/\/www.ayari-racing.com\/index.php\/2018\/09\/10\/magny-cours-gt4-series-une-5e-place-pour-ayari-tardif-et-une-premiere-victoire-pour-lautre-alpine-du-team-cmr\/\",\"url\":\"https:\/\/www.ayari-racing.com\/index.php\/2018\/09\/10\/magny-cours-gt4-series-une-5e-place-pour-ayari-tardif-et-une-premiere-victoire-pour-lautre-alpine-du-team-cmr\/\",\"name\":\"MAGNY-COURS GT4 SERIES : UNE 5E PLACE POUR AYARI \/ TARDIF ET UNE PREMI\u00c8RE VICTOIRE POUR L\u2019AUTRE ALPINE DU TEAM CMR - ayari-racing\",\"isPartOf\":{\"@id\":\"https:\/\/www.ayari-racing.com\/#website\"},\"primaryImageOfPage\":{\"@id\":\"https:\/\/www.ayari-racing.com\/index.php\/2018\/09\/10\/magny-cours-gt4-series-une-5e-place-pour-ayari-tardif-et-une-premiere-victoire-pour-lautre-alpine-du-team-cmr\/#primaryimage\"},\"image\":{\"@id\":\"https:\/\/www.ayari-racing.com\/index.php\/2018\/09\/10\/magny-cours-gt4-series-une-5e-place-pour-ayari-tardif-et-une-premiere-victoire-pour-lautre-alpine-du-team-cmr\/#primaryimage\"},\"thumbnailUrl\":\"https:\/\/www.ayari-racing.com\/wp-content\/uploads\/2018\/09\/PHOTOS-GT4-SERIES-MAGNY-COURS-SOHEIL-AYARI-2018-0043-1.jpg\",\"datePublished\":\"2018-09-10T07:31:13+00:00\",\"dateModified\":\"2018-09-10T18:06:46+00:00\",\"breadcrumb\":{\"@id\":\"https:\/\/www.ayari-racing.com\/index.php\/2018\/09\/10\/magny-cours-gt4-series-une-5e-place-pour-ayari-tardif-et-une-premiere-victoire-pour-lautre-alpine-du-team-cmr\/#breadcrumb\"},\"inLanguage\":\"fr-FR\",\"potentialAction\":[{\"@type\":\"ReadAction\",\"target\":[\"https:\/\/www.ayari-racing.com\/index.php\/2018\/09\/10\/magny-cours-gt4-series-une-5e-place-pour-ayari-tardif-et-une-premiere-victoire-pour-lautre-alpine-du-team-cmr\/\"]}]},{\"@type\":\"ImageObject\",\"inLanguage\":\"fr-FR\",\"@id\":\"https:\/\/www.ayari-racing.com\/index.php\/2018\/09\/10\/magny-cours-gt4-series-une-5e-place-pour-ayari-tardif-et-une-premiere-victoire-pour-lautre-alpine-du-team-cmr\/#primaryimage\",\"url\":\"https:\/\/www.ayari-racing.com\/wp-content\/uploads\/2018\/09\/PHOTOS-GT4-SERIES-MAGNY-COURS-SOHEIL-AYARI-2018-0043-1.jpg\",\"contentUrl\":\"https:\/\/www.ayari-racing.com\/wp-content\/uploads\/2018\/09\/PHOTOS-GT4-SERIES-MAGNY-COURS-SOHEIL-AYARI-2018-0043-1.jpg\",\"width\":1015,\"height\":455},{\"@type\":\"BreadcrumbList\",\"@id\":\"https:\/\/www.ayari-racing.com\/index.php\/2018\/09\/10\/magny-cours-gt4-series-une-5e-place-pour-ayari-tardif-et-une-premiere-victoire-pour-lautre-alpine-du-team-cmr\/#breadcrumb\",\"itemListElement\":[{\"@type\":\"ListItem\",\"position\":1,\"name\":\"Home\",\"item\":\"https:\/\/www.ayari-racing.com\/\"},{\"@type\":\"ListItem\",\"position\":2,\"name\":\"MAGNY-COURS GT4 SERIES : UNE 5E PLACE POUR AYARI \/ TARDIF ET UNE PREMI\u00c8RE VICTOIRE POUR L\u2019AUTRE ALPINE DU TEAM CMR\"}]},{\"@type\":\"WebSite\",\"@id\":\"https:\/\/www.ayari-racing.com\/#website\",\"url\":\"https:\/\/www.ayari-racing.com\/\",\"name\":\"ayari-racing\",\"description\":\"Soheil Ayari, pilote automobile endurance, GT, coach de pilote\",\"publisher\":{\"@id\":\"https:\/\/www.ayari-racing.com\/#\/schema\/person\/32075f08efe1cf46ce5349d830333784\"},\"potentialAction\":[{\"@type\":\"SearchAction\",\"target\":{\"@type\":\"EntryPoint\",\"urlTemplate\":\"https:\/\/www.ayari-racing.com\/?s={search_term_string}\"},\"query-input\":{\"@type\":\"PropertyValueSpecification\",\"valueRequired\":true,\"valueName\":\"search_term_string\"}}],\"inLanguage\":\"fr-FR\"},{\"@type\":[\"Person\",\"Organization\"],\"@id\":\"https:\/\/www.ayari-racing.com\/#\/schema\/person\/32075f08efe1cf46ce5349d830333784\",\"name\":\"Ayari sassan\",\"image\":{\"@type\":\"ImageObject\",\"inLanguage\":\"fr-FR\",\"@id\":\"https:\/\/www.ayari-racing.com\/#\/schema\/person\/image\/\",\"url\":\"https:\/\/secure.gravatar.com\/avatar\/635fd46f213a2db5866407af58082930?s=96&d=mm&r=g\",\"contentUrl\":\"https:\/\/secure.gravatar.com\/avatar\/635fd46f213a2db5866407af58082930?s=96&d=mm&r=g\",\"caption\":\"Ayari sassan\"},\"logo\":{\"@id\":\"https:\/\/www.ayari-racing.com\/#\/schema\/person\/image\/\"},\"sameAs\":[\"http:\/\/www.acom-evenements.com\"]}]}<\/script>\n<!-- \/ Yoast SEO plugin. -->","yoast_head_json":{"title":"MAGNY-COURS GT4 SERIES : UNE 5E PLACE POUR AYARI \/ TARDIF ET UNE PREMI\u00c8RE VICTOIRE POUR L\u2019AUTRE ALPINE DU TEAM CMR - ayari-racing","robots":{"index":"index","follow":"follow","max-snippet":"max-snippet:-1","max-image-preview":"max-image-preview:large","max-video-preview":"max-video-preview:-1"},"canonical":"https:\/\/www.ayari-racing.com\/index.php\/2018\/09\/10\/magny-cours-gt4-series-une-5e-place-pour-ayari-tardif-et-une-premiere-victoire-pour-lautre-alpine-du-team-cmr\/","og_locale":"fr_FR","og_type":"article","og_title":"MAGNY-COURS GT4 SERIES : UNE 5E PLACE POUR AYARI \/ TARDIF ET UNE PREMI\u00c8RE VICTOIRE POUR L\u2019AUTRE ALPINE DU TEAM CMR - ayari-racing","og_description":"MAGNY-COURS GT4 SERIES\u00a0: UNE 5E PLACE POUR AYARI \/ TARDIF ET UNE PREMI\u00c8RE VICTOIRE POUR L\u2019AUTRE ALPINE DU TEAM CMR On avait constat\u00e9 d\u00e8s ses premi\u00e8res tours de roues \u00e0 Dijon que l\u2019\u00e9quilibre et de tenue de route de l\u2019Alpine pouvaient faire des merveilles. L\u2019\u00e9quipage...","og_url":"https:\/\/www.ayari-racing.com\/index.php\/2018\/09\/10\/magny-cours-gt4-series-une-5e-place-pour-ayari-tardif-et-une-premiere-victoire-pour-lautre-alpine-du-team-cmr\/","og_site_name":"ayari-racing","article_published_time":"2018-09-10T07:31:13+00:00","article_modified_time":"2018-09-10T18:06:46+00:00","og_image":[{"width":1015,"height":455,"url":"https:\/\/www.ayari-racing.com\/wp-content\/uploads\/2018\/09\/PHOTOS-GT4-SERIES-MAGNY-COURS-SOHEIL-AYARI-2018-0043-1.jpg","type":"image\/jpeg"}],"author":"Ayari sassan","twitter_card":"summary_large_image","twitter_misc":{"\u00c9crit par":"Ayari sassan","Dur\u00e9e de lecture estim\u00e9e":"3 minutes"},"schema":{"@context":"https:\/\/schema.org","@graph":[{"@type":"Article","@id":"https:\/\/www.ayari-racing.com\/index.php\/2018\/09\/10\/magny-cours-gt4-series-une-5e-place-pour-ayari-tardif-et-une-premiere-victoire-pour-lautre-alpine-du-team-cmr\/#article","isPartOf":{"@id":"https:\/\/www.ayari-racing.com\/index.php\/2018\/09\/10\/magny-cours-gt4-series-une-5e-place-pour-ayari-tardif-et-une-premiere-victoire-pour-lautre-alpine-du-team-cmr\/"},"author":{"name":"Ayari sassan","@id":"https:\/\/www.ayari-racing.com\/#\/schema\/person\/32075f08efe1cf46ce5349d830333784"},"headline":"MAGNY-COURS GT4 SERIES : UNE 5E PLACE POUR AYARI \/ TARDIF ET UNE PREMI\u00c8RE VICTOIRE POUR L\u2019AUTRE ALPINE DU TEAM CMR","datePublished":"2018-09-10T07:31:13+00:00","dateModified":"2018-09-10T18:06:46+00:00","mainEntityOfPage":{"@id":"https:\/\/www.ayari-racing.com\/index.php\/2018\/09\/10\/magny-cours-gt4-series-une-5e-place-pour-ayari-tardif-et-une-premiere-victoire-pour-lautre-alpine-du-team-cmr\/"},"wordCount":590,"commentCount":0,"publisher":{"@id":"https:\/\/www.ayari-racing.com\/#\/schema\/person\/32075f08efe1cf46ce5349d830333784"},"image":{"@id":"https:\/\/www.ayari-racing.com\/index.php\/2018\/09\/10\/magny-cours-gt4-series-une-5e-place-pour-ayari-tardif-et-une-premiere-victoire-pour-lautre-alpine-du-team-cmr\/#primaryimage"},"thumbnailUrl":"https:\/\/www.ayari-racing.com\/wp-content\/uploads\/2018\/09\/PHOTOS-GT4-SERIES-MAGNY-COURS-SOHEIL-AYARI-2018-0043-1.jpg","articleSection":["Ayari-racing"],"inLanguage":"fr-FR","potentialAction":[{"@type":"CommentAction","name":"Comment","target":["https:\/\/www.ayari-racing.com\/index.php\/2018\/09\/10\/magny-cours-gt4-series-une-5e-place-pour-ayari-tardif-et-une-premiere-victoire-pour-lautre-alpine-du-team-cmr\/#respond"]}]},{"@type":"WebPage","@id":"https:\/\/www.ayari-racing.com\/index.php\/2018\/09\/10\/magny-cours-gt4-series-une-5e-place-pour-ayari-tardif-et-une-premiere-victoire-pour-lautre-alpine-du-team-cmr\/","url":"https:\/\/www.ayari-racing.com\/index.php\/2018\/09\/10\/magny-cours-gt4-series-une-5e-place-pour-ayari-tardif-et-une-premiere-victoire-pour-lautre-alpine-du-team-cmr\/","name":"MAGNY-COURS GT4 SERIES : UNE 5E PLACE POUR AYARI \/ TARDIF ET UNE PREMI\u00c8RE VICTOIRE POUR L\u2019AUTRE ALPINE DU TEAM CMR - ayari-racing","isPartOf":{"@id":"https:\/\/www.ayari-racing.com\/#website"},"primaryImageOfPage":{"@id":"https:\/\/www.ayari-racing.com\/index.php\/2018\/09\/10\/magny-cours-gt4-series-une-5e-place-pour-ayari-tardif-et-une-premiere-victoire-pour-lautre-alpine-du-team-cmr\/#primaryimage"},"image":{"@id":"https:\/\/www.ayari-racing.com\/index.php\/2018\/09\/10\/magny-cours-gt4-series-une-5e-place-pour-ayari-tardif-et-une-premiere-victoire-pour-lautre-alpine-du-team-cmr\/#primaryimage"},"thumbnailUrl":"https:\/\/www.ayari-racing.com\/wp-content\/uploads\/2018\/09\/PHOTOS-GT4-SERIES-MAGNY-COURS-SOHEIL-AYARI-2018-0043-1.jpg","datePublished":"2018-09-10T07:31:13+00:00","dateModified":"2018-09-10T18:06:46+00:00","breadcrumb":{"@id":"https:\/\/www.ayari-racing.com\/index.php\/2018\/09\/10\/magny-cours-gt4-series-une-5e-place-pour-ayari-tardif-et-une-premiere-victoire-pour-lautre-alpine-du-team-cmr\/#breadcrumb"},"inLanguage":"fr-FR","potentialAction":[{"@type":"ReadAction","target":["https:\/\/www.ayari-racing.com\/index.php\/2018\/09\/10\/magny-cours-gt4-series-une-5e-place-pour-ayari-tardif-et-une-premiere-victoire-pour-lautre-alpine-du-team-cmr\/"]}]},{"@type":"ImageObject","inLanguage":"fr-FR","@id":"https:\/\/www.ayari-racing.com\/index.php\/2018\/09\/10\/magny-cours-gt4-series-une-5e-place-pour-ayari-tardif-et-une-premiere-victoire-pour-lautre-alpine-du-team-cmr\/#primaryimage","url":"https:\/\/www.ayari-racing.com\/wp-content\/uploads\/2018\/09\/PHOTOS-GT4-SERIES-MAGNY-COURS-SOHEIL-AYARI-2018-0043-1.jpg","contentUrl":"https:\/\/www.ayari-racing.com\/wp-content\/uploads\/2018\/09\/PHOTOS-GT4-SERIES-MAGNY-COURS-SOHEIL-AYARI-2018-0043-1.jpg","width":1015,"height":455},{"@type":"BreadcrumbList","@id":"https:\/\/www.ayari-racing.com\/index.php\/2018\/09\/10\/magny-cours-gt4-series-une-5e-place-pour-ayari-tardif-et-une-premiere-victoire-pour-lautre-alpine-du-team-cmr\/#breadcrumb","itemListElement":[{"@type":"ListItem","position":1,"name":"Home","item":"https:\/\/www.ayari-racing.com\/"},{"@type":"ListItem","position":2,"name":"MAGNY-COURS GT4 SERIES : UNE 5E PLACE POUR AYARI \/ TARDIF ET UNE PREMI\u00c8RE VICTOIRE POUR L\u2019AUTRE ALPINE DU TEAM CMR"}]},{"@type":"WebSite","@id":"https:\/\/www.ayari-racing.com\/#website","url":"https:\/\/www.ayari-racing.com\/","name":"ayari-racing","description":"Soheil Ayari, pilote automobile endurance, GT, coach de pilote","publisher":{"@id":"https:\/\/www.ayari-racing.com\/#\/schema\/person\/32075f08efe1cf46ce5349d830333784"},"potentialAction":[{"@type":"SearchAction","target":{"@type":"EntryPoint","urlTemplate":"https:\/\/www.ayari-racing.com\/?s={search_term_string}"},"query-input":{"@type":"PropertyValueSpecification","valueRequired":true,"valueName":"search_term_string"}}],"inLanguage":"fr-FR"},{"@type":["Person","Organization"],"@id":"https:\/\/www.ayari-racing.com\/#\/schema\/person\/32075f08efe1cf46ce5349d830333784","name":"Ayari sassan","image":{"@type":"ImageObject","inLanguage":"fr-FR","@id":"https:\/\/www.ayari-racing.com\/#\/schema\/person\/image\/","url":"https:\/\/secure.gravatar.com\/avatar\/635fd46f213a2db5866407af58082930?s=96&d=mm&r=g","contentUrl":"https:\/\/secure.gravatar.com\/avatar\/635fd46f213a2db5866407af58082930?s=96&d=mm&r=g","caption":"Ayari sassan"},"logo":{"@id":"https:\/\/www.ayari-racing.com\/#\/schema\/person\/image\/"},"sameAs":["http:\/\/www.acom-evenements.com"]}]}},"_links":{"self":[{"href":"https:\/\/www.ayari-racing.com\/index.php\/wp-json\/wp\/v2\/posts\/8387"}],"collection":[{"href":"https:\/\/www.ayari-racing.com\/index.php\/wp-json\/wp\/v2\/posts"}],"about":[{"href":"https:\/\/www.ayari-racing.com\/index.php\/wp-json\/wp\/v2\/types\/post"}],"author":[{"embeddable":true,"href":"https:\/\/www.ayari-racing.com\/index.php\/wp-json\/wp\/v2\/users\/4"}],"replies":[{"embeddable":true,"href":"https:\/\/www.ayari-racing.com\/index.php\/wp-json\/wp\/v2\/comments?post=8387"}],"version-history":[{"count":5,"href":"https:\/\/www.ayari-racing.com\/index.php\/wp-json\/wp\/v2\/posts\/8387\/revisions"}],"predecessor-version":[{"id":8455,"href":"https:\/\/www.ayari-racing.com\/index.php\/wp-json\/wp\/v2\/posts\/8387\/revisions\/8455"}],"wp:featuredmedia":[{"embeddable":true,"href":"https:\/\/www.ayari-racing.com\/index.php\/wp-json\/wp\/v2\/media\/8397"}],"wp:attachment":[{"href":"https:\/\/www.ayari-racing.com\/index.php\/wp-json\/wp\/v2\/media?parent=8387"}],"wp:term":[{"taxonomy":"category","embeddable":true,"href":"https:\/\/www.ayari-racing.com\/index.php\/wp-json\/wp\/v2\/categories?post=8387"},{"taxonomy":"post_tag","embeddable":true,"href":"https:\/\/www.ayari-racing.com\/index.php\/wp-json\/wp\/v2\/tags?post=8387"}],"curies":[{"name":"wp","href":"https:\/\/api.w.org\/{rel}","templated":true}]}}