{"id":8466,"date":"2018-09-24T16:54:29","date_gmt":"2018-09-24T14:54:29","guid":{"rendered":"http:\/\/www.ayari-racing.com\/?p=8466"},"modified":"2018-09-26T10:02:09","modified_gmt":"2018-09-26T08:02:09","slug":"le-gt4-sexporte-en-espagne-meeting-gt4-series-de-barcelone","status":"publish","type":"post","link":"https:\/\/www.ayari-racing.com\/index.php\/2018\/09\/24\/le-gt4-sexporte-en-espagne-meeting-gt4-series-de-barcelone\/","title":{"rendered":"LE GT4 S\u2019EXPORTE EN ESPAGNE : MEETING GT4 SERIES DE BARCELONE"},"content":{"rendered":"<p style=\"text-align: center;\"><span style=\"font-size: 18pt; font-family: impact, sans-serif; color: #000000;\">LE GT4 S\u2019EXPORTE EN ESPAGNE\u00a0: MEETING GT4 SERIES DE BARCELONE<\/span><\/p>\n<p><span style=\"color: #000000;\"><img loading=\"lazy\" decoding=\"async\" class=\"alignleft wp-image-8463\" src=\"http:\/\/www.ayari-racing.com\/wp-content\/uploads\/2018\/09\/SOHEIL-AYARI-BARCELONE-GT4-2-728x1030.jpg\" alt=\"\" width=\"211\" height=\"299\" srcset=\"https:\/\/www.ayari-racing.com\/wp-content\/uploads\/2018\/09\/SOHEIL-AYARI-BARCELONE-GT4-2-728x1030.jpg 728w, https:\/\/www.ayari-racing.com\/wp-content\/uploads\/2018\/09\/SOHEIL-AYARI-BARCELONE-GT4-2-212x300.jpg 212w, https:\/\/www.ayari-racing.com\/wp-content\/uploads\/2018\/09\/SOHEIL-AYARI-BARCELONE-GT4-2-700x990.jpg 700w, https:\/\/www.ayari-racing.com\/wp-content\/uploads\/2018\/09\/SOHEIL-AYARI-BARCELONE-GT4-2.jpg 752w\" sizes=\"(max-width: 211px) 100vw, 211px\" \/>Pour cette avant derni\u00e8re manche de la saison (2 courses\u00a0: Samedi + Dimanche), le GT4 passent la fronti\u00e8re et rejoint le Circuit de Catalunya, 30 km. au nord de Barcelone.<\/span><\/p>\n<p><span style=\"color: #000000;\">Sur ce magnifique trac\u00e9 qui accueille depuis plusieurs dizaines d\u2019ann\u00e9es le GP F1 d\u2019Espagne, les 40 animateurs du GT4 Series devraient offrir deux courses tr\u00e8s anim\u00e9es, comme ce fut le cas pour la rentr\u00e9e \u00e0 Magny-Cours d\u00e9but septembre.<\/span><\/p>\n<p><span style=\"color: #000000;\">Du c\u00f4t\u00e9 de l\u2019Alpine A110 GT4 de Soheil AYARI et Nicolas TARDIF, on sait que les longues courbes du circuit catalan permettront \u00e0 l\u2019auto fran\u00e7aise de s\u2019exprimer pleinement. \u00ab\u00a0<em>On retrouvera un peu les m\u00eames caract\u00e9ristiques que Magny-Cours, on devrait \u00eatre bien\u00a0!\u00a0<\/em>\u00bb r\u00e9sume Soheil, auteur du meilleur tour en course il y a trois semaines dans la Ni\u00e8vre.<\/span><\/p>\n<p><span style=\"color: #000000;\"><img loading=\"lazy\" decoding=\"async\" class=\"alignleft size-full wp-image-8462\" src=\"http:\/\/www.ayari-racing.com\/wp-content\/uploads\/2018\/09\/SOHEIL-AYARI-BARCELONE-GT4-1.jpg\" alt=\"\" width=\"1200\" height=\"800\" srcset=\"https:\/\/www.ayari-racing.com\/wp-content\/uploads\/2018\/09\/SOHEIL-AYARI-BARCELONE-GT4-1.jpg 1200w, https:\/\/www.ayari-racing.com\/wp-content\/uploads\/2018\/09\/SOHEIL-AYARI-BARCELONE-GT4-1-300x200.jpg 300w, https:\/\/www.ayari-racing.com\/wp-content\/uploads\/2018\/09\/SOHEIL-AYARI-BARCELONE-GT4-1-768x512.jpg 768w, https:\/\/www.ayari-racing.com\/wp-content\/uploads\/2018\/09\/SOHEIL-AYARI-BARCELONE-GT4-1-1030x687.jpg 1030w, https:\/\/www.ayari-racing.com\/wp-content\/uploads\/2018\/09\/SOHEIL-AYARI-BARCELONE-GT4-1-700x467.jpg 700w\" sizes=\"(max-width: 1200px) 100vw, 1200px\" \/><\/span><\/p>\n<p>&nbsp;<\/p>\n<p><span style=\"font-family: impact, sans-serif; font-size: 14pt; color: #000000;\">Les horaires des courses du GT4 Series \u00e0 Barcelone\u00a0:<\/span><\/p>\n<p><span style=\"color: #000000;\"><a style=\"color: #000000;\" href=\"http:\/\/www.ayari-racing.com\/wp-content\/uploads\/2018\/09\/2018-Blancpain-GT-Series-Barcelona-Timetable-Draft-2.pdf\" target=\"_blank\" rel=\"noopener\"><img loading=\"lazy\" decoding=\"async\" class=\"alignleft size-full wp-image-8460\" src=\"http:\/\/www.ayari-racing.com\/wp-content\/uploads\/2018\/09\/2018-Blancpain-GT-Series-Barcelona-Timetable-Draft-2.jpg\" alt=\"\" width=\"1200\" height=\"1815\" srcset=\"https:\/\/www.ayari-racing.com\/wp-content\/uploads\/2018\/09\/2018-Blancpain-GT-Series-Barcelona-Timetable-Draft-2.jpg 1200w, https:\/\/www.ayari-racing.com\/wp-content\/uploads\/2018\/09\/2018-Blancpain-GT-Series-Barcelona-Timetable-Draft-2-198x300.jpg 198w, https:\/\/www.ayari-racing.com\/wp-content\/uploads\/2018\/09\/2018-Blancpain-GT-Series-Barcelona-Timetable-Draft-2-768x1162.jpg 768w, https:\/\/www.ayari-racing.com\/wp-content\/uploads\/2018\/09\/2018-Blancpain-GT-Series-Barcelona-Timetable-Draft-2-681x1030.jpg 681w, https:\/\/www.ayari-racing.com\/wp-content\/uploads\/2018\/09\/2018-Blancpain-GT-Series-Barcelona-Timetable-Draft-2-700x1059.jpg 700w\" sizes=\"(max-width: 1200px) 100vw, 1200px\" \/><\/a><\/span><\/p>\n<p>&nbsp;<\/p>\n<p>&nbsp;<\/p>\n<p>&nbsp;<\/p>\n<p><span style=\"font-size: 14pt; font-family: impact, sans-serif; color: #000000;\"><strong>La liste des engag\u00e9s\u00a0GT4 Series \u00e0 Barcelone\u00a0:<\/strong><\/span><\/p>\n<p><a href=\"http:\/\/www.ayari-racing.com\/wp-content\/uploads\/2018\/09\/BARCELONE-ENGAG\u00c9S-GT4_1.0.pdf\" target=\"_blank\" rel=\"noopener\"><img loading=\"lazy\" decoding=\"async\" class=\"size-full wp-image-8472 aligncenter\" src=\"http:\/\/www.ayari-racing.com\/wp-content\/uploads\/2018\/09\/BARCELONE-ENGAGE\u0301S-GT4_1.0.jpg\" alt=\"\" width=\"1300\" height=\"975\" srcset=\"https:\/\/www.ayari-racing.com\/wp-content\/uploads\/2018\/09\/BARCELONE-ENGAGE\u0301S-GT4_1.0.jpg 1300w, https:\/\/www.ayari-racing.com\/wp-content\/uploads\/2018\/09\/BARCELONE-ENGAGE\u0301S-GT4_1.0-300x225.jpg 300w, https:\/\/www.ayari-racing.com\/wp-content\/uploads\/2018\/09\/BARCELONE-ENGAGE\u0301S-GT4_1.0-768x576.jpg 768w, https:\/\/www.ayari-racing.com\/wp-content\/uploads\/2018\/09\/BARCELONE-ENGAGE\u0301S-GT4_1.0-1030x773.jpg 1030w, https:\/\/www.ayari-racing.com\/wp-content\/uploads\/2018\/09\/BARCELONE-ENGAGE\u0301S-GT4_1.0-800x600.jpg 800w, https:\/\/www.ayari-racing.com\/wp-content\/uploads\/2018\/09\/BARCELONE-ENGAGE\u0301S-GT4_1.0-700x525.jpg 700w\" sizes=\"(max-width: 1300px) 100vw, 1300px\" \/><\/a><\/p>\n<p><span style=\"color: #000000;\"><a style=\"color: #000000;\" href=\"http:\/\/www.photographeprofessionel-patrickhecq.com\" target=\"_blank\" rel=\"noopener\"><strong><em>Photo Patrick HECQ<\/em><\/strong><\/a><\/span><\/p>\n","protected":false},"excerpt":{"rendered":"<p>LE GT4 S\u2019EXPORTE EN ESPAGNE\u00a0: MEETING GT4 SERIES DE BARCELONE Pour cette avant derni\u00e8re manche de la saison (2 courses\u00a0: Samedi + Dimanche), le GT4 passent la fronti\u00e8re et rejoint le Circuit de Catalunya, 30 km. au nord de Barcelone. Sur ce magnifique trac\u00e9 qui&#8230;<\/p>\n","protected":false},"author":4,"featured_media":8462,"comment_status":"open","ping_status":"open","sticky":false,"template":"","format":"standard","meta":{"_exactmetrics_skip_tracking":false,"_exactmetrics_sitenote_active":false,"_exactmetrics_sitenote_note":"","_exactmetrics_sitenote_category":0,"footnotes":""},"categories":[5],"tags":[],"yoast_head":"<!-- This site is optimized with the Yoast SEO plugin v24.5 - https:\/\/yoast.com\/wordpress\/plugins\/seo\/ -->\n<title>LE GT4 S\u2019EXPORTE EN ESPAGNE : MEETING GT4 SERIES DE BARCELONE - ayari-racing<\/title>\n<meta name=\"robots\" content=\"index, follow, max-snippet:-1, max-image-preview:large, max-video-preview:-1\" \/>\n<link rel=\"canonical\" href=\"https:\/\/www.ayari-racing.com\/index.php\/2018\/09\/24\/le-gt4-sexporte-en-espagne-meeting-gt4-series-de-barcelone\/\" \/>\n<meta property=\"og:locale\" content=\"fr_FR\" \/>\n<meta property=\"og:type\" content=\"article\" \/>\n<meta property=\"og:title\" content=\"LE GT4 S\u2019EXPORTE EN ESPAGNE : MEETING GT4 SERIES DE BARCELONE - ayari-racing\" \/>\n<meta property=\"og:description\" content=\"LE GT4 S\u2019EXPORTE EN ESPAGNE\u00a0: MEETING GT4 SERIES DE BARCELONE Pour cette avant derni\u00e8re manche de la saison (2 courses\u00a0: Samedi + Dimanche), le GT4 passent la fronti\u00e8re et rejoint le Circuit de Catalunya, 30 km. au nord de Barcelone. Sur ce magnifique trac\u00e9 qui...\" \/>\n<meta property=\"og:url\" content=\"https:\/\/www.ayari-racing.com\/index.php\/2018\/09\/24\/le-gt4-sexporte-en-espagne-meeting-gt4-series-de-barcelone\/\" \/>\n<meta property=\"og:site_name\" content=\"ayari-racing\" \/>\n<meta property=\"article:published_time\" content=\"2018-09-24T14:54:29+00:00\" \/>\n<meta property=\"article:modified_time\" content=\"2018-09-26T08:02:09+00:00\" \/>\n<meta property=\"og:image\" content=\"https:\/\/www.ayari-racing.com\/wp-content\/uploads\/2018\/09\/SOHEIL-AYARI-BARCELONE-GT4-1.jpg\" \/>\n\t<meta property=\"og:image:width\" content=\"1200\" \/>\n\t<meta property=\"og:image:height\" content=\"800\" \/>\n\t<meta property=\"og:image:type\" content=\"image\/jpeg\" \/>\n<meta name=\"author\" content=\"Ayari sassan\" \/>\n<meta name=\"twitter:card\" content=\"summary_large_image\" \/>\n<meta name=\"twitter:label1\" content=\"\u00c9crit par\" \/>\n\t<meta name=\"twitter:data1\" content=\"Ayari sassan\" \/>\n\t<meta name=\"twitter:label2\" content=\"Dur\u00e9e de lecture estim\u00e9e\" \/>\n\t<meta name=\"twitter:data2\" content=\"1 minute\" \/>\n<script type=\"application\/ld+json\" class=\"yoast-schema-graph\">{\"@context\":\"https:\/\/schema.org\",\"@graph\":[{\"@type\":\"Article\",\"@id\":\"https:\/\/www.ayari-racing.com\/index.php\/2018\/09\/24\/le-gt4-sexporte-en-espagne-meeting-gt4-series-de-barcelone\/#article\",\"isPartOf\":{\"@id\":\"https:\/\/www.ayari-racing.com\/index.php\/2018\/09\/24\/le-gt4-sexporte-en-espagne-meeting-gt4-series-de-barcelone\/\"},\"author\":{\"name\":\"Ayari sassan\",\"@id\":\"https:\/\/www.ayari-racing.com\/#\/schema\/person\/32075f08efe1cf46ce5349d830333784\"},\"headline\":\"LE GT4 S\u2019EXPORTE EN ESPAGNE : MEETING GT4 SERIES DE BARCELONE\",\"datePublished\":\"2018-09-24T14:54:29+00:00\",\"dateModified\":\"2018-09-26T08:02:09+00:00\",\"mainEntityOfPage\":{\"@id\":\"https:\/\/www.ayari-racing.com\/index.php\/2018\/09\/24\/le-gt4-sexporte-en-espagne-meeting-gt4-series-de-barcelone\/\"},\"wordCount\":182,\"commentCount\":0,\"publisher\":{\"@id\":\"https:\/\/www.ayari-racing.com\/#\/schema\/person\/32075f08efe1cf46ce5349d830333784\"},\"image\":{\"@id\":\"https:\/\/www.ayari-racing.com\/index.php\/2018\/09\/24\/le-gt4-sexporte-en-espagne-meeting-gt4-series-de-barcelone\/#primaryimage\"},\"thumbnailUrl\":\"https:\/\/www.ayari-racing.com\/wp-content\/uploads\/2018\/09\/SOHEIL-AYARI-BARCELONE-GT4-1.jpg\",\"articleSection\":[\"Ayari-racing\"],\"inLanguage\":\"fr-FR\",\"potentialAction\":[{\"@type\":\"CommentAction\",\"name\":\"Comment\",\"target\":[\"https:\/\/www.ayari-racing.com\/index.php\/2018\/09\/24\/le-gt4-sexporte-en-espagne-meeting-gt4-series-de-barcelone\/#respond\"]}]},{\"@type\":\"WebPage\",\"@id\":\"https:\/\/www.ayari-racing.com\/index.php\/2018\/09\/24\/le-gt4-sexporte-en-espagne-meeting-gt4-series-de-barcelone\/\",\"url\":\"https:\/\/www.ayari-racing.com\/index.php\/2018\/09\/24\/le-gt4-sexporte-en-espagne-meeting-gt4-series-de-barcelone\/\",\"name\":\"LE GT4 S\u2019EXPORTE EN ESPAGNE : MEETING GT4 SERIES DE BARCELONE - ayari-racing\",\"isPartOf\":{\"@id\":\"https:\/\/www.ayari-racing.com\/#website\"},\"primaryImageOfPage\":{\"@id\":\"https:\/\/www.ayari-racing.com\/index.php\/2018\/09\/24\/le-gt4-sexporte-en-espagne-meeting-gt4-series-de-barcelone\/#primaryimage\"},\"image\":{\"@id\":\"https:\/\/www.ayari-racing.com\/index.php\/2018\/09\/24\/le-gt4-sexporte-en-espagne-meeting-gt4-series-de-barcelone\/#primaryimage\"},\"thumbnailUrl\":\"https:\/\/www.ayari-racing.com\/wp-content\/uploads\/2018\/09\/SOHEIL-AYARI-BARCELONE-GT4-1.jpg\",\"datePublished\":\"2018-09-24T14:54:29+00:00\",\"dateModified\":\"2018-09-26T08:02:09+00:00\",\"breadcrumb\":{\"@id\":\"https:\/\/www.ayari-racing.com\/index.php\/2018\/09\/24\/le-gt4-sexporte-en-espagne-meeting-gt4-series-de-barcelone\/#breadcrumb\"},\"inLanguage\":\"fr-FR\",\"potentialAction\":[{\"@type\":\"ReadAction\",\"target\":[\"https:\/\/www.ayari-racing.com\/index.php\/2018\/09\/24\/le-gt4-sexporte-en-espagne-meeting-gt4-series-de-barcelone\/\"]}]},{\"@type\":\"ImageObject\",\"inLanguage\":\"fr-FR\",\"@id\":\"https:\/\/www.ayari-racing.com\/index.php\/2018\/09\/24\/le-gt4-sexporte-en-espagne-meeting-gt4-series-de-barcelone\/#primaryimage\",\"url\":\"https:\/\/www.ayari-racing.com\/wp-content\/uploads\/2018\/09\/SOHEIL-AYARI-BARCELONE-GT4-1.jpg\",\"contentUrl\":\"https:\/\/www.ayari-racing.com\/wp-content\/uploads\/2018\/09\/SOHEIL-AYARI-BARCELONE-GT4-1.jpg\",\"width\":1200,\"height\":800},{\"@type\":\"BreadcrumbList\",\"@id\":\"https:\/\/www.ayari-racing.com\/index.php\/2018\/09\/24\/le-gt4-sexporte-en-espagne-meeting-gt4-series-de-barcelone\/#breadcrumb\",\"itemListElement\":[{\"@type\":\"ListItem\",\"position\":1,\"name\":\"Home\",\"item\":\"https:\/\/www.ayari-racing.com\/\"},{\"@type\":\"ListItem\",\"position\":2,\"name\":\"LE GT4 S\u2019EXPORTE EN ESPAGNE : MEETING GT4 SERIES DE BARCELONE\"}]},{\"@type\":\"WebSite\",\"@id\":\"https:\/\/www.ayari-racing.com\/#website\",\"url\":\"https:\/\/www.ayari-racing.com\/\",\"name\":\"ayari-racing\",\"description\":\"Soheil Ayari, pilote automobile endurance, GT, coach de pilote\",\"publisher\":{\"@id\":\"https:\/\/www.ayari-racing.com\/#\/schema\/person\/32075f08efe1cf46ce5349d830333784\"},\"potentialAction\":[{\"@type\":\"SearchAction\",\"target\":{\"@type\":\"EntryPoint\",\"urlTemplate\":\"https:\/\/www.ayari-racing.com\/?s={search_term_string}\"},\"query-input\":{\"@type\":\"PropertyValueSpecification\",\"valueRequired\":true,\"valueName\":\"search_term_string\"}}],\"inLanguage\":\"fr-FR\"},{\"@type\":[\"Person\",\"Organization\"],\"@id\":\"https:\/\/www.ayari-racing.com\/#\/schema\/person\/32075f08efe1cf46ce5349d830333784\",\"name\":\"Ayari sassan\",\"image\":{\"@type\":\"ImageObject\",\"inLanguage\":\"fr-FR\",\"@id\":\"https:\/\/www.ayari-racing.com\/#\/schema\/person\/image\/\",\"url\":\"https:\/\/secure.gravatar.com\/avatar\/635fd46f213a2db5866407af58082930?s=96&d=mm&r=g\",\"contentUrl\":\"https:\/\/secure.gravatar.com\/avatar\/635fd46f213a2db5866407af58082930?s=96&d=mm&r=g\",\"caption\":\"Ayari sassan\"},\"logo\":{\"@id\":\"https:\/\/www.ayari-racing.com\/#\/schema\/person\/image\/\"},\"sameAs\":[\"http:\/\/www.acom-evenements.com\"]}]}<\/script>\n<!-- \/ Yoast SEO plugin. -->","yoast_head_json":{"title":"LE GT4 S\u2019EXPORTE EN ESPAGNE : MEETING GT4 SERIES DE BARCELONE - ayari-racing","robots":{"index":"index","follow":"follow","max-snippet":"max-snippet:-1","max-image-preview":"max-image-preview:large","max-video-preview":"max-video-preview:-1"},"canonical":"https:\/\/www.ayari-racing.com\/index.php\/2018\/09\/24\/le-gt4-sexporte-en-espagne-meeting-gt4-series-de-barcelone\/","og_locale":"fr_FR","og_type":"article","og_title":"LE GT4 S\u2019EXPORTE EN ESPAGNE : MEETING GT4 SERIES DE BARCELONE - ayari-racing","og_description":"LE GT4 S\u2019EXPORTE EN ESPAGNE\u00a0: MEETING GT4 SERIES DE BARCELONE Pour cette avant derni\u00e8re manche de la saison (2 courses\u00a0: Samedi + Dimanche), le GT4 passent la fronti\u00e8re et rejoint le Circuit de Catalunya, 30 km. au nord de Barcelone. Sur ce magnifique trac\u00e9 qui...","og_url":"https:\/\/www.ayari-racing.com\/index.php\/2018\/09\/24\/le-gt4-sexporte-en-espagne-meeting-gt4-series-de-barcelone\/","og_site_name":"ayari-racing","article_published_time":"2018-09-24T14:54:29+00:00","article_modified_time":"2018-09-26T08:02:09+00:00","og_image":[{"width":1200,"height":800,"url":"https:\/\/www.ayari-racing.com\/wp-content\/uploads\/2018\/09\/SOHEIL-AYARI-BARCELONE-GT4-1.jpg","type":"image\/jpeg"}],"author":"Ayari sassan","twitter_card":"summary_large_image","twitter_misc":{"\u00c9crit par":"Ayari sassan","Dur\u00e9e de lecture estim\u00e9e":"1 minute"},"schema":{"@context":"https:\/\/schema.org","@graph":[{"@type":"Article","@id":"https:\/\/www.ayari-racing.com\/index.php\/2018\/09\/24\/le-gt4-sexporte-en-espagne-meeting-gt4-series-de-barcelone\/#article","isPartOf":{"@id":"https:\/\/www.ayari-racing.com\/index.php\/2018\/09\/24\/le-gt4-sexporte-en-espagne-meeting-gt4-series-de-barcelone\/"},"author":{"name":"Ayari sassan","@id":"https:\/\/www.ayari-racing.com\/#\/schema\/person\/32075f08efe1cf46ce5349d830333784"},"headline":"LE GT4 S\u2019EXPORTE EN ESPAGNE : MEETING GT4 SERIES DE BARCELONE","datePublished":"2018-09-24T14:54:29+00:00","dateModified":"2018-09-26T08:02:09+00:00","mainEntityOfPage":{"@id":"https:\/\/www.ayari-racing.com\/index.php\/2018\/09\/24\/le-gt4-sexporte-en-espagne-meeting-gt4-series-de-barcelone\/"},"wordCount":182,"commentCount":0,"publisher":{"@id":"https:\/\/www.ayari-racing.com\/#\/schema\/person\/32075f08efe1cf46ce5349d830333784"},"image":{"@id":"https:\/\/www.ayari-racing.com\/index.php\/2018\/09\/24\/le-gt4-sexporte-en-espagne-meeting-gt4-series-de-barcelone\/#primaryimage"},"thumbnailUrl":"https:\/\/www.ayari-racing.com\/wp-content\/uploads\/2018\/09\/SOHEIL-AYARI-BARCELONE-GT4-1.jpg","articleSection":["Ayari-racing"],"inLanguage":"fr-FR","potentialAction":[{"@type":"CommentAction","name":"Comment","target":["https:\/\/www.ayari-racing.com\/index.php\/2018\/09\/24\/le-gt4-sexporte-en-espagne-meeting-gt4-series-de-barcelone\/#respond"]}]},{"@type":"WebPage","@id":"https:\/\/www.ayari-racing.com\/index.php\/2018\/09\/24\/le-gt4-sexporte-en-espagne-meeting-gt4-series-de-barcelone\/","url":"https:\/\/www.ayari-racing.com\/index.php\/2018\/09\/24\/le-gt4-sexporte-en-espagne-meeting-gt4-series-de-barcelone\/","name":"LE GT4 S\u2019EXPORTE EN ESPAGNE : MEETING GT4 SERIES DE BARCELONE - ayari-racing","isPartOf":{"@id":"https:\/\/www.ayari-racing.com\/#website"},"primaryImageOfPage":{"@id":"https:\/\/www.ayari-racing.com\/index.php\/2018\/09\/24\/le-gt4-sexporte-en-espagne-meeting-gt4-series-de-barcelone\/#primaryimage"},"image":{"@id":"https:\/\/www.ayari-racing.com\/index.php\/2018\/09\/24\/le-gt4-sexporte-en-espagne-meeting-gt4-series-de-barcelone\/#primaryimage"},"thumbnailUrl":"https:\/\/www.ayari-racing.com\/wp-content\/uploads\/2018\/09\/SOHEIL-AYARI-BARCELONE-GT4-1.jpg","datePublished":"2018-09-24T14:54:29+00:00","dateModified":"2018-09-26T08:02:09+00:00","breadcrumb":{"@id":"https:\/\/www.ayari-racing.com\/index.php\/2018\/09\/24\/le-gt4-sexporte-en-espagne-meeting-gt4-series-de-barcelone\/#breadcrumb"},"inLanguage":"fr-FR","potentialAction":[{"@type":"ReadAction","target":["https:\/\/www.ayari-racing.com\/index.php\/2018\/09\/24\/le-gt4-sexporte-en-espagne-meeting-gt4-series-de-barcelone\/"]}]},{"@type":"ImageObject","inLanguage":"fr-FR","@id":"https:\/\/www.ayari-racing.com\/index.php\/2018\/09\/24\/le-gt4-sexporte-en-espagne-meeting-gt4-series-de-barcelone\/#primaryimage","url":"https:\/\/www.ayari-racing.com\/wp-content\/uploads\/2018\/09\/SOHEIL-AYARI-BARCELONE-GT4-1.jpg","contentUrl":"https:\/\/www.ayari-racing.com\/wp-content\/uploads\/2018\/09\/SOHEIL-AYARI-BARCELONE-GT4-1.jpg","width":1200,"height":800},{"@type":"BreadcrumbList","@id":"https:\/\/www.ayari-racing.com\/index.php\/2018\/09\/24\/le-gt4-sexporte-en-espagne-meeting-gt4-series-de-barcelone\/#breadcrumb","itemListElement":[{"@type":"ListItem","position":1,"name":"Home","item":"https:\/\/www.ayari-racing.com\/"},{"@type":"ListItem","position":2,"name":"LE GT4 S\u2019EXPORTE EN ESPAGNE : MEETING GT4 SERIES DE BARCELONE"}]},{"@type":"WebSite","@id":"https:\/\/www.ayari-racing.com\/#website","url":"https:\/\/www.ayari-racing.com\/","name":"ayari-racing","description":"Soheil Ayari, pilote automobile endurance, GT, coach de pilote","publisher":{"@id":"https:\/\/www.ayari-racing.com\/#\/schema\/person\/32075f08efe1cf46ce5349d830333784"},"potentialAction":[{"@type":"SearchAction","target":{"@type":"EntryPoint","urlTemplate":"https:\/\/www.ayari-racing.com\/?s={search_term_string}"},"query-input":{"@type":"PropertyValueSpecification","valueRequired":true,"valueName":"search_term_string"}}],"inLanguage":"fr-FR"},{"@type":["Person","Organization"],"@id":"https:\/\/www.ayari-racing.com\/#\/schema\/person\/32075f08efe1cf46ce5349d830333784","name":"Ayari sassan","image":{"@type":"ImageObject","inLanguage":"fr-FR","@id":"https:\/\/www.ayari-racing.com\/#\/schema\/person\/image\/","url":"https:\/\/secure.gravatar.com\/avatar\/635fd46f213a2db5866407af58082930?s=96&d=mm&r=g","contentUrl":"https:\/\/secure.gravatar.com\/avatar\/635fd46f213a2db5866407af58082930?s=96&d=mm&r=g","caption":"Ayari sassan"},"logo":{"@id":"https:\/\/www.ayari-racing.com\/#\/schema\/person\/image\/"},"sameAs":["http:\/\/www.acom-evenements.com"]}]}},"_links":{"self":[{"href":"https:\/\/www.ayari-racing.com\/index.php\/wp-json\/wp\/v2\/posts\/8466"}],"collection":[{"href":"https:\/\/www.ayari-racing.com\/index.php\/wp-json\/wp\/v2\/posts"}],"about":[{"href":"https:\/\/www.ayari-racing.com\/index.php\/wp-json\/wp\/v2\/types\/post"}],"author":[{"embeddable":true,"href":"https:\/\/www.ayari-racing.com\/index.php\/wp-json\/wp\/v2\/users\/4"}],"replies":[{"embeddable":true,"href":"https:\/\/www.ayari-racing.com\/index.php\/wp-json\/wp\/v2\/comments?post=8466"}],"version-history":[{"count":5,"href":"https:\/\/www.ayari-racing.com\/index.php\/wp-json\/wp\/v2\/posts\/8466\/revisions"}],"predecessor-version":[{"id":8468,"href":"https:\/\/www.ayari-racing.com\/index.php\/wp-json\/wp\/v2\/posts\/8466\/revisions\/8468"}],"wp:featuredmedia":[{"embeddable":true,"href":"https:\/\/www.ayari-racing.com\/index.php\/wp-json\/wp\/v2\/media\/8462"}],"wp:attachment":[{"href":"https:\/\/www.ayari-racing.com\/index.php\/wp-json\/wp\/v2\/media?parent=8466"}],"wp:term":[{"taxonomy":"category","embeddable":true,"href":"https:\/\/www.ayari-racing.com\/index.php\/wp-json\/wp\/v2\/categories?post=8466"},{"taxonomy":"post_tag","embeddable":true,"href":"https:\/\/www.ayari-racing.com\/index.php\/wp-json\/wp\/v2\/tags?post=8466"}],"curies":[{"name":"wp","href":"https:\/\/api.w.org\/{rel}","templated":true}]}}