{"id":8537,"date":"2018-10-01T13:49:12","date_gmt":"2018-10-01T11:49:12","guid":{"rendered":"http:\/\/www.ayari-racing.com\/?p=8537"},"modified":"2018-10-01T14:11:26","modified_gmt":"2018-10-01T12:11:26","slug":"barcelone-gt4-series-un-week-end-a-oublier-pour-le-duo-ayari-tardif","status":"publish","type":"post","link":"https:\/\/www.ayari-racing.com\/index.php\/2018\/10\/01\/barcelone-gt4-series-un-week-end-a-oublier-pour-le-duo-ayari-tardif\/","title":{"rendered":"BARCELONE GT4 SERIES : UN WEEK-END \u00c0 OUBLIER POUR LE DUO AYARI-TARDIF"},"content":{"rendered":"<div><\/div>\n<div style=\"text-align: center;\"><span style=\"font-family: impact, sans-serif; font-size: 18pt; color: #000000;\"><strong>BARCELONE GT4 SERIES\u00a0: UN WEEK-END \u00c0 OUBLIER<\/strong><\/span><\/div>\n<div style=\"text-align: center;\"><span style=\"font-family: impact, sans-serif; font-size: 18pt; color: #000000;\"><strong>POUR LE DUO AYARI-TARDIF<\/strong><\/span><\/div>\n<div><\/div>\n<div style=\"text-align: justify;\"><\/div>\n<div style=\"text-align: justify;\">\n<div style=\"text-align: justify;\"><span style=\"color: #000000;\"><img loading=\"lazy\" decoding=\"async\" class=\"alignleft wp-image-8552\" src=\"http:\/\/www.ayari-racing.com\/wp-content\/uploads\/2018\/10\/BARCELONE-GT4-SERIES-2018-WEB-0040.jpg\" alt=\"\" width=\"409\" height=\"158\" srcset=\"https:\/\/www.ayari-racing.com\/wp-content\/uploads\/2018\/10\/BARCELONE-GT4-SERIES-2018-WEB-0040.jpg 586w, https:\/\/www.ayari-racing.com\/wp-content\/uploads\/2018\/10\/BARCELONE-GT4-SERIES-2018-WEB-0040-300x116.jpg 300w\" sizes=\"(max-width: 409px) 100vw, 409px\" \/>L\u2019avant dernier meeting GT4 Series au Paul Ricard commen\u00e7ait en demi-teinte pour Nicolas TARDIF, victime d\u00e8s le vendredi soir d\u2019une intoxication alimentaire. Diminu\u00e9, il se qualifiait \u00e0 une lointaine 19<sup>e<\/sup> place pour la Course 1. De son c\u00f4t\u00e9, sur un circuit de Catalunya o\u00f9 il gagna et roula dans de nombreuses cat\u00e9gories (m\u00eame au volant d&rsquo;une F1 fraichement Championne du Monde\u00a0: essais Williams GP en d\u00e9cembre 1997\u00a0!), Soheil ne parvenait pas \u00e0 se classer mieux que 9<sup>e<\/sup> (6\/10<sup>e<\/sup> de la pole position).<\/span><\/div>\n<div style=\"text-align: justify;\"><\/div>\n<div style=\"text-align: justify;\"><span style=\"color: #000000;\"><img loading=\"lazy\" decoding=\"async\" class=\"wp-image-8551 alignright\" src=\"http:\/\/www.ayari-racing.com\/wp-content\/uploads\/2018\/10\/BARCELONE-GT4-SERIES-2018-WEB-0034.jpg\" alt=\"\" width=\"248\" height=\"203\" srcset=\"https:\/\/www.ayari-racing.com\/wp-content\/uploads\/2018\/10\/BARCELONE-GT4-SERIES-2018-WEB-0034.jpg 474w, https:\/\/www.ayari-racing.com\/wp-content\/uploads\/2018\/10\/BARCELONE-GT4-SERIES-2018-WEB-0034-300x246.jpg 300w\" sizes=\"(max-width: 248px) 100vw, 248px\" \/>Alors qu\u2019il commen\u00e7ait \u00e0 descendre ses chronos, le pilote du Team CMR ne comprenait pas la manoeuvre d&rsquo;un pilote au ralenti qui braquait sur l\u2019Alpine n\u00b026 pour s\u2019\u00e9carter de la piste. L\u2019accrochage et l\u2019abandon \u00e9taient in\u00e9vitables, s\u00e9ance de qualifications termin\u00e9e\u00a0! Double peine : le pilote d\u2019Aix-les-Bains \u00e9copait de trois places de p\u00e9nalit\u00e9 sur la grille de d\u00e9part de la Course 2 pour s\u2019\u00eatre accroch\u00e9 : 12<sup>e<\/sup>.<\/span><\/div>\n<div><\/div>\n<\/div>\n<div style=\"text-align: justify;\">\n<div><span style=\"color: #000000;\">Au d\u00e9part de la course du samedi, c\u2019est un Nicolas TARDIF combatif mais en m\u00e9forme qui s\u2019\u00e9lan\u00e7ait, et rendait l\u2019auto \u00e0 Soheil en 18<sup>e<\/sup> position. Le Savoyard entamait une belle remont\u00e9e avec dans son sillage la Mercedes AMG de Jim PLA (5<sup>e<\/sup> au final). Apr\u00e8s dix minutes de relais, les deux voitures d\u00e9passaient la Ginetta #7 de Lundberg \/ Courroye. Mais ce-dernier manquait sa trajectoire et touchait l\u2019Alpine A110 de Soheil, qui s\u2019immobilisait \u00e0 nouveau en bord de piste pour se retirer.<\/span><\/div>\n<div><\/div>\n<\/div>\n<div><img loading=\"lazy\" decoding=\"async\" class=\"size-full wp-image-8549 aligncenter\" src=\"http:\/\/www.ayari-racing.com\/wp-content\/uploads\/2018\/10\/BARCELONE-GT4-SERIES-2018-GALERIE-0027-1.jpg\" alt=\"\" width=\"1211\" height=\"595\" srcset=\"https:\/\/www.ayari-racing.com\/wp-content\/uploads\/2018\/10\/BARCELONE-GT4-SERIES-2018-GALERIE-0027-1.jpg 1211w, https:\/\/www.ayari-racing.com\/wp-content\/uploads\/2018\/10\/BARCELONE-GT4-SERIES-2018-GALERIE-0027-1-300x147.jpg 300w, https:\/\/www.ayari-racing.com\/wp-content\/uploads\/2018\/10\/BARCELONE-GT4-SERIES-2018-GALERIE-0027-1-768x377.jpg 768w, https:\/\/www.ayari-racing.com\/wp-content\/uploads\/2018\/10\/BARCELONE-GT4-SERIES-2018-GALERIE-0027-1-1030x506.jpg 1030w, https:\/\/www.ayari-racing.com\/wp-content\/uploads\/2018\/10\/BARCELONE-GT4-SERIES-2018-GALERIE-0027-1-700x344.jpg 700w\" sizes=\"(max-width: 1211px) 100vw, 1211px\" \/><\/div>\n<div style=\"text-align: justify;\">\n<div><\/div>\n<div><span style=\"color: #000000;\">La course du dimanche \u00e9tait \u00e9court\u00e9e pour la n\u00b026, due \u00e0 l\u2019impossibilit\u00e9 de Nicolas TARDIF de piloter. L\u2019\u00e9quipe CMR d\u00e9cidait de prendre le d\u00e9part et profiter de cette \u00ab\u00a0demi-course\u00a0\u00bb comme une opportunit\u00e9 de r\u00e9gler l\u2019auto, avec Soheil au volant. Le meeting s\u2019achevait sur une bonne note puisqu\u2019il remontait de la 12<sup>e<\/sup> \u00e0 la 4<sup>e<\/sup> place avant de terminer sa course au stand apr\u00e8s un relais de 30\u2019.<\/span><\/div>\n<div><\/div>\n<\/div>\n<div>\n<div style=\"text-align: justify;\"><span style=\"color: #000000;\">\u00ab<i> Un week-end \u00e0 oublier, mais je me suis r\u00e9gal\u00e9 dans la Course 2 et nous \u00e9tions performants\u00a0!\u00a0<\/i>\u00bb positivait Soheil, qui signait le 4<sup>e<\/sup> temps en course. Nicolas TARDIF, qui se souviendra sans doute de son week-end catalan, allait un peu mieux dimanche soir.<\/span><\/div>\n<div style=\"text-align: justify;\"><\/div>\n<div style=\"text-align: justify;\"><span style=\"color: #000000;\"><b>Prochaine \u00e9preuve<\/b> : Circuit Paul Ricard, du 12 au 14 octobre 2018.<\/span><\/div>\n<\/div>\n<div><\/div>\n<div>\n<hr \/>\n<\/div>\n<div><\/div>\n<div><span style=\"font-size: 14pt; font-family: impact, sans-serif; color: #000000;\"><strong>Tous les r\u00e9sultats du meeting GT4 Series de Barcelone\u00a0:<\/strong><\/span><\/div>\n<div><\/div>\n<div>\u00a0<a href=\"https:\/\/ffsagt.gt4series.com\/fr_fr\/results\/1\/2018\" target=\"_blank\" rel=\"noopener\"><img loading=\"lazy\" decoding=\"async\" class=\"size-full wp-image-8554 aligncenter\" src=\"http:\/\/www.ayari-racing.com\/wp-content\/uploads\/2018\/10\/RESULTATS-GT4-SERIES-BARCELONE-2018.jpg\" alt=\"\" width=\"2048\" height=\"745\" srcset=\"https:\/\/www.ayari-racing.com\/wp-content\/uploads\/2018\/10\/RESULTATS-GT4-SERIES-BARCELONE-2018.jpg 2048w, https:\/\/www.ayari-racing.com\/wp-content\/uploads\/2018\/10\/RESULTATS-GT4-SERIES-BARCELONE-2018-300x109.jpg 300w, https:\/\/www.ayari-racing.com\/wp-content\/uploads\/2018\/10\/RESULTATS-GT4-SERIES-BARCELONE-2018-768x279.jpg 768w, https:\/\/www.ayari-racing.com\/wp-content\/uploads\/2018\/10\/RESULTATS-GT4-SERIES-BARCELONE-2018-1030x375.jpg 1030w, https:\/\/www.ayari-racing.com\/wp-content\/uploads\/2018\/10\/RESULTATS-GT4-SERIES-BARCELONE-2018-700x255.jpg 700w, https:\/\/www.ayari-racing.com\/wp-content\/uploads\/2018\/10\/RESULTATS-GT4-SERIES-BARCELONE-2018-1320x480.jpg 1320w\" sizes=\"(max-width: 2048px) 100vw, 2048px\" \/><\/a><\/div>\n<div>\n<hr \/>\n<\/div>\n<div><\/div>\n<div><span style=\"font-size: 14pt; font-family: impact, sans-serif;\"><strong><span style=\"color: #000000;\">La galerie photos du meeting GT4 Series de Barcelone\u00a0:<\/span><\/strong><\/span><\/div>\n<div><\/div>\n<div><a href=\"https:\/\/www.ayari-racing.com\/index.php\/photos\/\" target=\"_blank\" rel=\"noopener\"><img loading=\"lazy\" decoding=\"async\" class=\"size-full wp-image-8585 aligncenter\" src=\"http:\/\/www.ayari-racing.com\/wp-content\/uploads\/2018\/10\/Capture-d\u2019e\u0301cran-2018-10-01-a\u0300-14.08.03.png\" alt=\"\" width=\"1134\" height=\"1074\" srcset=\"https:\/\/www.ayari-racing.com\/wp-content\/uploads\/2018\/10\/Capture-d\u2019e\u0301cran-2018-10-01-a\u0300-14.08.03.png 1134w, https:\/\/www.ayari-racing.com\/wp-content\/uploads\/2018\/10\/Capture-d\u2019e\u0301cran-2018-10-01-a\u0300-14.08.03-300x284.png 300w, https:\/\/www.ayari-racing.com\/wp-content\/uploads\/2018\/10\/Capture-d\u2019e\u0301cran-2018-10-01-a\u0300-14.08.03-768x727.png 768w, https:\/\/www.ayari-racing.com\/wp-content\/uploads\/2018\/10\/Capture-d\u2019e\u0301cran-2018-10-01-a\u0300-14.08.03-1030x976.png 1030w, https:\/\/www.ayari-racing.com\/wp-content\/uploads\/2018\/10\/Capture-d\u2019e\u0301cran-2018-10-01-a\u0300-14.08.03-700x663.png 700w\" sizes=\"(max-width: 1134px) 100vw, 1134px\" \/><\/a><\/div>\n<div><a href=\"http:\/\/www.photographeprofessionel-patrickhecq.com\"><b><i><span style=\"color: #000000;\">Photos Patrick HECQ.<\/span><\/i><\/b><\/a><\/div>\n<div><\/div>\n<div><\/div>\n","protected":false},"excerpt":{"rendered":"<p>BARCELONE GT4 SERIES\u00a0: UN WEEK-END \u00c0 OUBLIER POUR LE DUO AYARI-TARDIF L\u2019avant dernier meeting GT4 Series au Paul Ricard commen\u00e7ait en demi-teinte pour Nicolas TARDIF, victime d\u00e8s le vendredi soir d\u2019une intoxication alimentaire. Diminu\u00e9, il se qualifiait \u00e0 une lointaine 19e place pour la Course&#8230;<\/p>\n","protected":false},"author":4,"featured_media":8550,"comment_status":"open","ping_status":"open","sticky":false,"template":"","format":"standard","meta":{"_exactmetrics_skip_tracking":false,"_exactmetrics_sitenote_active":false,"_exactmetrics_sitenote_note":"","_exactmetrics_sitenote_category":0,"footnotes":""},"categories":[5],"tags":[],"yoast_head":"<!-- This site is optimized with the Yoast SEO plugin v24.5 - https:\/\/yoast.com\/wordpress\/plugins\/seo\/ -->\n<title>BARCELONE GT4 SERIES : UN WEEK-END \u00c0 OUBLIER POUR LE DUO AYARI-TARDIF - ayari-racing<\/title>\n<meta name=\"robots\" content=\"index, follow, max-snippet:-1, max-image-preview:large, max-video-preview:-1\" \/>\n<link rel=\"canonical\" href=\"https:\/\/www.ayari-racing.com\/index.php\/2018\/10\/01\/barcelone-gt4-series-un-week-end-a-oublier-pour-le-duo-ayari-tardif\/\" \/>\n<meta property=\"og:locale\" content=\"fr_FR\" \/>\n<meta property=\"og:type\" content=\"article\" \/>\n<meta property=\"og:title\" content=\"BARCELONE GT4 SERIES : UN WEEK-END \u00c0 OUBLIER POUR LE DUO AYARI-TARDIF - ayari-racing\" \/>\n<meta property=\"og:description\" content=\"BARCELONE GT4 SERIES\u00a0: UN WEEK-END \u00c0 OUBLIER POUR LE DUO AYARI-TARDIF L\u2019avant dernier meeting GT4 Series au Paul Ricard commen\u00e7ait en demi-teinte pour Nicolas TARDIF, victime d\u00e8s le vendredi soir d\u2019une intoxication alimentaire. Diminu\u00e9, il se qualifiait \u00e0 une lointaine 19e place pour la Course...\" \/>\n<meta property=\"og:url\" content=\"https:\/\/www.ayari-racing.com\/index.php\/2018\/10\/01\/barcelone-gt4-series-un-week-end-a-oublier-pour-le-duo-ayari-tardif\/\" \/>\n<meta property=\"og:site_name\" content=\"ayari-racing\" \/>\n<meta property=\"article:published_time\" content=\"2018-10-01T11:49:12+00:00\" \/>\n<meta property=\"article:modified_time\" content=\"2018-10-01T12:11:26+00:00\" \/>\n<meta property=\"og:image\" content=\"https:\/\/www.ayari-racing.com\/wp-content\/uploads\/2018\/10\/BARCELONE-GT4-SERIES-2018-GALERIE-0027-2.jpg\" \/>\n\t<meta property=\"og:image:width\" content=\"1400\" \/>\n\t<meta property=\"og:image:height\" content=\"933\" \/>\n\t<meta property=\"og:image:type\" content=\"image\/jpeg\" \/>\n<meta name=\"author\" content=\"Ayari sassan\" \/>\n<meta name=\"twitter:card\" content=\"summary_large_image\" \/>\n<meta name=\"twitter:label1\" content=\"\u00c9crit par\" \/>\n\t<meta name=\"twitter:data1\" content=\"Ayari sassan\" \/>\n\t<meta name=\"twitter:label2\" content=\"Dur\u00e9e de lecture estim\u00e9e\" \/>\n\t<meta name=\"twitter:data2\" content=\"2 minutes\" \/>\n<script type=\"application\/ld+json\" class=\"yoast-schema-graph\">{\"@context\":\"https:\/\/schema.org\",\"@graph\":[{\"@type\":\"Article\",\"@id\":\"https:\/\/www.ayari-racing.com\/index.php\/2018\/10\/01\/barcelone-gt4-series-un-week-end-a-oublier-pour-le-duo-ayari-tardif\/#article\",\"isPartOf\":{\"@id\":\"https:\/\/www.ayari-racing.com\/index.php\/2018\/10\/01\/barcelone-gt4-series-un-week-end-a-oublier-pour-le-duo-ayari-tardif\/\"},\"author\":{\"name\":\"Ayari sassan\",\"@id\":\"https:\/\/www.ayari-racing.com\/#\/schema\/person\/32075f08efe1cf46ce5349d830333784\"},\"headline\":\"BARCELONE GT4 SERIES : UN WEEK-END \u00c0 OUBLIER POUR LE DUO AYARI-TARDIF\",\"datePublished\":\"2018-10-01T11:49:12+00:00\",\"dateModified\":\"2018-10-01T12:11:26+00:00\",\"mainEntityOfPage\":{\"@id\":\"https:\/\/www.ayari-racing.com\/index.php\/2018\/10\/01\/barcelone-gt4-series-un-week-end-a-oublier-pour-le-duo-ayari-tardif\/\"},\"wordCount\":416,\"commentCount\":0,\"publisher\":{\"@id\":\"https:\/\/www.ayari-racing.com\/#\/schema\/person\/32075f08efe1cf46ce5349d830333784\"},\"image\":{\"@id\":\"https:\/\/www.ayari-racing.com\/index.php\/2018\/10\/01\/barcelone-gt4-series-un-week-end-a-oublier-pour-le-duo-ayari-tardif\/#primaryimage\"},\"thumbnailUrl\":\"https:\/\/www.ayari-racing.com\/wp-content\/uploads\/2018\/10\/BARCELONE-GT4-SERIES-2018-GALERIE-0027-2.jpg\",\"articleSection\":[\"Ayari-racing\"],\"inLanguage\":\"fr-FR\",\"potentialAction\":[{\"@type\":\"CommentAction\",\"name\":\"Comment\",\"target\":[\"https:\/\/www.ayari-racing.com\/index.php\/2018\/10\/01\/barcelone-gt4-series-un-week-end-a-oublier-pour-le-duo-ayari-tardif\/#respond\"]}]},{\"@type\":\"WebPage\",\"@id\":\"https:\/\/www.ayari-racing.com\/index.php\/2018\/10\/01\/barcelone-gt4-series-un-week-end-a-oublier-pour-le-duo-ayari-tardif\/\",\"url\":\"https:\/\/www.ayari-racing.com\/index.php\/2018\/10\/01\/barcelone-gt4-series-un-week-end-a-oublier-pour-le-duo-ayari-tardif\/\",\"name\":\"BARCELONE GT4 SERIES : UN WEEK-END \u00c0 OUBLIER POUR LE DUO AYARI-TARDIF - ayari-racing\",\"isPartOf\":{\"@id\":\"https:\/\/www.ayari-racing.com\/#website\"},\"primaryImageOfPage\":{\"@id\":\"https:\/\/www.ayari-racing.com\/index.php\/2018\/10\/01\/barcelone-gt4-series-un-week-end-a-oublier-pour-le-duo-ayari-tardif\/#primaryimage\"},\"image\":{\"@id\":\"https:\/\/www.ayari-racing.com\/index.php\/2018\/10\/01\/barcelone-gt4-series-un-week-end-a-oublier-pour-le-duo-ayari-tardif\/#primaryimage\"},\"thumbnailUrl\":\"https:\/\/www.ayari-racing.com\/wp-content\/uploads\/2018\/10\/BARCELONE-GT4-SERIES-2018-GALERIE-0027-2.jpg\",\"datePublished\":\"2018-10-01T11:49:12+00:00\",\"dateModified\":\"2018-10-01T12:11:26+00:00\",\"breadcrumb\":{\"@id\":\"https:\/\/www.ayari-racing.com\/index.php\/2018\/10\/01\/barcelone-gt4-series-un-week-end-a-oublier-pour-le-duo-ayari-tardif\/#breadcrumb\"},\"inLanguage\":\"fr-FR\",\"potentialAction\":[{\"@type\":\"ReadAction\",\"target\":[\"https:\/\/www.ayari-racing.com\/index.php\/2018\/10\/01\/barcelone-gt4-series-un-week-end-a-oublier-pour-le-duo-ayari-tardif\/\"]}]},{\"@type\":\"ImageObject\",\"inLanguage\":\"fr-FR\",\"@id\":\"https:\/\/www.ayari-racing.com\/index.php\/2018\/10\/01\/barcelone-gt4-series-un-week-end-a-oublier-pour-le-duo-ayari-tardif\/#primaryimage\",\"url\":\"https:\/\/www.ayari-racing.com\/wp-content\/uploads\/2018\/10\/BARCELONE-GT4-SERIES-2018-GALERIE-0027-2.jpg\",\"contentUrl\":\"https:\/\/www.ayari-racing.com\/wp-content\/uploads\/2018\/10\/BARCELONE-GT4-SERIES-2018-GALERIE-0027-2.jpg\",\"width\":1400,\"height\":933},{\"@type\":\"BreadcrumbList\",\"@id\":\"https:\/\/www.ayari-racing.com\/index.php\/2018\/10\/01\/barcelone-gt4-series-un-week-end-a-oublier-pour-le-duo-ayari-tardif\/#breadcrumb\",\"itemListElement\":[{\"@type\":\"ListItem\",\"position\":1,\"name\":\"Home\",\"item\":\"https:\/\/www.ayari-racing.com\/\"},{\"@type\":\"ListItem\",\"position\":2,\"name\":\"BARCELONE GT4 SERIES : UN WEEK-END \u00c0 OUBLIER POUR LE DUO AYARI-TARDIF\"}]},{\"@type\":\"WebSite\",\"@id\":\"https:\/\/www.ayari-racing.com\/#website\",\"url\":\"https:\/\/www.ayari-racing.com\/\",\"name\":\"ayari-racing\",\"description\":\"Soheil Ayari, pilote automobile endurance, GT, coach de pilote\",\"publisher\":{\"@id\":\"https:\/\/www.ayari-racing.com\/#\/schema\/person\/32075f08efe1cf46ce5349d830333784\"},\"potentialAction\":[{\"@type\":\"SearchAction\",\"target\":{\"@type\":\"EntryPoint\",\"urlTemplate\":\"https:\/\/www.ayari-racing.com\/?s={search_term_string}\"},\"query-input\":{\"@type\":\"PropertyValueSpecification\",\"valueRequired\":true,\"valueName\":\"search_term_string\"}}],\"inLanguage\":\"fr-FR\"},{\"@type\":[\"Person\",\"Organization\"],\"@id\":\"https:\/\/www.ayari-racing.com\/#\/schema\/person\/32075f08efe1cf46ce5349d830333784\",\"name\":\"Ayari sassan\",\"image\":{\"@type\":\"ImageObject\",\"inLanguage\":\"fr-FR\",\"@id\":\"https:\/\/www.ayari-racing.com\/#\/schema\/person\/image\/\",\"url\":\"https:\/\/secure.gravatar.com\/avatar\/635fd46f213a2db5866407af58082930?s=96&d=mm&r=g\",\"contentUrl\":\"https:\/\/secure.gravatar.com\/avatar\/635fd46f213a2db5866407af58082930?s=96&d=mm&r=g\",\"caption\":\"Ayari sassan\"},\"logo\":{\"@id\":\"https:\/\/www.ayari-racing.com\/#\/schema\/person\/image\/\"},\"sameAs\":[\"http:\/\/www.acom-evenements.com\"]}]}<\/script>\n<!-- \/ Yoast SEO plugin. -->","yoast_head_json":{"title":"BARCELONE GT4 SERIES : UN WEEK-END \u00c0 OUBLIER POUR LE DUO AYARI-TARDIF - ayari-racing","robots":{"index":"index","follow":"follow","max-snippet":"max-snippet:-1","max-image-preview":"max-image-preview:large","max-video-preview":"max-video-preview:-1"},"canonical":"https:\/\/www.ayari-racing.com\/index.php\/2018\/10\/01\/barcelone-gt4-series-un-week-end-a-oublier-pour-le-duo-ayari-tardif\/","og_locale":"fr_FR","og_type":"article","og_title":"BARCELONE GT4 SERIES : UN WEEK-END \u00c0 OUBLIER POUR LE DUO AYARI-TARDIF - ayari-racing","og_description":"BARCELONE GT4 SERIES\u00a0: UN WEEK-END \u00c0 OUBLIER POUR LE DUO AYARI-TARDIF L\u2019avant dernier meeting GT4 Series au Paul Ricard commen\u00e7ait en demi-teinte pour Nicolas TARDIF, victime d\u00e8s le vendredi soir d\u2019une intoxication alimentaire. Diminu\u00e9, il se qualifiait \u00e0 une lointaine 19e place pour la Course...","og_url":"https:\/\/www.ayari-racing.com\/index.php\/2018\/10\/01\/barcelone-gt4-series-un-week-end-a-oublier-pour-le-duo-ayari-tardif\/","og_site_name":"ayari-racing","article_published_time":"2018-10-01T11:49:12+00:00","article_modified_time":"2018-10-01T12:11:26+00:00","og_image":[{"width":1400,"height":933,"url":"https:\/\/www.ayari-racing.com\/wp-content\/uploads\/2018\/10\/BARCELONE-GT4-SERIES-2018-GALERIE-0027-2.jpg","type":"image\/jpeg"}],"author":"Ayari sassan","twitter_card":"summary_large_image","twitter_misc":{"\u00c9crit par":"Ayari sassan","Dur\u00e9e de lecture estim\u00e9e":"2 minutes"},"schema":{"@context":"https:\/\/schema.org","@graph":[{"@type":"Article","@id":"https:\/\/www.ayari-racing.com\/index.php\/2018\/10\/01\/barcelone-gt4-series-un-week-end-a-oublier-pour-le-duo-ayari-tardif\/#article","isPartOf":{"@id":"https:\/\/www.ayari-racing.com\/index.php\/2018\/10\/01\/barcelone-gt4-series-un-week-end-a-oublier-pour-le-duo-ayari-tardif\/"},"author":{"name":"Ayari sassan","@id":"https:\/\/www.ayari-racing.com\/#\/schema\/person\/32075f08efe1cf46ce5349d830333784"},"headline":"BARCELONE GT4 SERIES : UN WEEK-END \u00c0 OUBLIER POUR LE DUO AYARI-TARDIF","datePublished":"2018-10-01T11:49:12+00:00","dateModified":"2018-10-01T12:11:26+00:00","mainEntityOfPage":{"@id":"https:\/\/www.ayari-racing.com\/index.php\/2018\/10\/01\/barcelone-gt4-series-un-week-end-a-oublier-pour-le-duo-ayari-tardif\/"},"wordCount":416,"commentCount":0,"publisher":{"@id":"https:\/\/www.ayari-racing.com\/#\/schema\/person\/32075f08efe1cf46ce5349d830333784"},"image":{"@id":"https:\/\/www.ayari-racing.com\/index.php\/2018\/10\/01\/barcelone-gt4-series-un-week-end-a-oublier-pour-le-duo-ayari-tardif\/#primaryimage"},"thumbnailUrl":"https:\/\/www.ayari-racing.com\/wp-content\/uploads\/2018\/10\/BARCELONE-GT4-SERIES-2018-GALERIE-0027-2.jpg","articleSection":["Ayari-racing"],"inLanguage":"fr-FR","potentialAction":[{"@type":"CommentAction","name":"Comment","target":["https:\/\/www.ayari-racing.com\/index.php\/2018\/10\/01\/barcelone-gt4-series-un-week-end-a-oublier-pour-le-duo-ayari-tardif\/#respond"]}]},{"@type":"WebPage","@id":"https:\/\/www.ayari-racing.com\/index.php\/2018\/10\/01\/barcelone-gt4-series-un-week-end-a-oublier-pour-le-duo-ayari-tardif\/","url":"https:\/\/www.ayari-racing.com\/index.php\/2018\/10\/01\/barcelone-gt4-series-un-week-end-a-oublier-pour-le-duo-ayari-tardif\/","name":"BARCELONE GT4 SERIES : UN WEEK-END \u00c0 OUBLIER POUR LE DUO AYARI-TARDIF - ayari-racing","isPartOf":{"@id":"https:\/\/www.ayari-racing.com\/#website"},"primaryImageOfPage":{"@id":"https:\/\/www.ayari-racing.com\/index.php\/2018\/10\/01\/barcelone-gt4-series-un-week-end-a-oublier-pour-le-duo-ayari-tardif\/#primaryimage"},"image":{"@id":"https:\/\/www.ayari-racing.com\/index.php\/2018\/10\/01\/barcelone-gt4-series-un-week-end-a-oublier-pour-le-duo-ayari-tardif\/#primaryimage"},"thumbnailUrl":"https:\/\/www.ayari-racing.com\/wp-content\/uploads\/2018\/10\/BARCELONE-GT4-SERIES-2018-GALERIE-0027-2.jpg","datePublished":"2018-10-01T11:49:12+00:00","dateModified":"2018-10-01T12:11:26+00:00","breadcrumb":{"@id":"https:\/\/www.ayari-racing.com\/index.php\/2018\/10\/01\/barcelone-gt4-series-un-week-end-a-oublier-pour-le-duo-ayari-tardif\/#breadcrumb"},"inLanguage":"fr-FR","potentialAction":[{"@type":"ReadAction","target":["https:\/\/www.ayari-racing.com\/index.php\/2018\/10\/01\/barcelone-gt4-series-un-week-end-a-oublier-pour-le-duo-ayari-tardif\/"]}]},{"@type":"ImageObject","inLanguage":"fr-FR","@id":"https:\/\/www.ayari-racing.com\/index.php\/2018\/10\/01\/barcelone-gt4-series-un-week-end-a-oublier-pour-le-duo-ayari-tardif\/#primaryimage","url":"https:\/\/www.ayari-racing.com\/wp-content\/uploads\/2018\/10\/BARCELONE-GT4-SERIES-2018-GALERIE-0027-2.jpg","contentUrl":"https:\/\/www.ayari-racing.com\/wp-content\/uploads\/2018\/10\/BARCELONE-GT4-SERIES-2018-GALERIE-0027-2.jpg","width":1400,"height":933},{"@type":"BreadcrumbList","@id":"https:\/\/www.ayari-racing.com\/index.php\/2018\/10\/01\/barcelone-gt4-series-un-week-end-a-oublier-pour-le-duo-ayari-tardif\/#breadcrumb","itemListElement":[{"@type":"ListItem","position":1,"name":"Home","item":"https:\/\/www.ayari-racing.com\/"},{"@type":"ListItem","position":2,"name":"BARCELONE GT4 SERIES : UN WEEK-END \u00c0 OUBLIER POUR LE DUO AYARI-TARDIF"}]},{"@type":"WebSite","@id":"https:\/\/www.ayari-racing.com\/#website","url":"https:\/\/www.ayari-racing.com\/","name":"ayari-racing","description":"Soheil Ayari, pilote automobile endurance, GT, coach de pilote","publisher":{"@id":"https:\/\/www.ayari-racing.com\/#\/schema\/person\/32075f08efe1cf46ce5349d830333784"},"potentialAction":[{"@type":"SearchAction","target":{"@type":"EntryPoint","urlTemplate":"https:\/\/www.ayari-racing.com\/?s={search_term_string}"},"query-input":{"@type":"PropertyValueSpecification","valueRequired":true,"valueName":"search_term_string"}}],"inLanguage":"fr-FR"},{"@type":["Person","Organization"],"@id":"https:\/\/www.ayari-racing.com\/#\/schema\/person\/32075f08efe1cf46ce5349d830333784","name":"Ayari sassan","image":{"@type":"ImageObject","inLanguage":"fr-FR","@id":"https:\/\/www.ayari-racing.com\/#\/schema\/person\/image\/","url":"https:\/\/secure.gravatar.com\/avatar\/635fd46f213a2db5866407af58082930?s=96&d=mm&r=g","contentUrl":"https:\/\/secure.gravatar.com\/avatar\/635fd46f213a2db5866407af58082930?s=96&d=mm&r=g","caption":"Ayari sassan"},"logo":{"@id":"https:\/\/www.ayari-racing.com\/#\/schema\/person\/image\/"},"sameAs":["http:\/\/www.acom-evenements.com"]}]}},"_links":{"self":[{"href":"https:\/\/www.ayari-racing.com\/index.php\/wp-json\/wp\/v2\/posts\/8537"}],"collection":[{"href":"https:\/\/www.ayari-racing.com\/index.php\/wp-json\/wp\/v2\/posts"}],"about":[{"href":"https:\/\/www.ayari-racing.com\/index.php\/wp-json\/wp\/v2\/types\/post"}],"author":[{"embeddable":true,"href":"https:\/\/www.ayari-racing.com\/index.php\/wp-json\/wp\/v2\/users\/4"}],"replies":[{"embeddable":true,"href":"https:\/\/www.ayari-racing.com\/index.php\/wp-json\/wp\/v2\/comments?post=8537"}],"version-history":[{"count":4,"href":"https:\/\/www.ayari-racing.com\/index.php\/wp-json\/wp\/v2\/posts\/8537\/revisions"}],"predecessor-version":[{"id":8569,"href":"https:\/\/www.ayari-racing.com\/index.php\/wp-json\/wp\/v2\/posts\/8537\/revisions\/8569"}],"wp:featuredmedia":[{"embeddable":true,"href":"https:\/\/www.ayari-racing.com\/index.php\/wp-json\/wp\/v2\/media\/8550"}],"wp:attachment":[{"href":"https:\/\/www.ayari-racing.com\/index.php\/wp-json\/wp\/v2\/media?parent=8537"}],"wp:term":[{"taxonomy":"category","embeddable":true,"href":"https:\/\/www.ayari-racing.com\/index.php\/wp-json\/wp\/v2\/categories?post=8537"},{"taxonomy":"post_tag","embeddable":true,"href":"https:\/\/www.ayari-racing.com\/index.php\/wp-json\/wp\/v2\/tags?post=8537"}],"curies":[{"name":"wp","href":"https:\/\/api.w.org\/{rel}","templated":true}]}}