{"id":8747,"date":"2019-04-11T07:13:23","date_gmt":"2019-04-11T05:13:23","guid":{"rendered":"http:\/\/www.ayari-racing.com\/?p=8747"},"modified":"2019-04-11T08:56:07","modified_gmt":"2019-04-11T06:56:07","slug":"nouveau-championnat-nouvel-equipier-debut-de-la-saison-gt4-european-series-a-monza","status":"publish","type":"post","link":"https:\/\/www.ayari-racing.com\/index.php\/2019\/04\/11\/nouveau-championnat-nouvel-equipier-debut-de-la-saison-gt4-european-series-a-monza\/","title":{"rendered":"NOUVEAU CHAMPIONNAT, NOUVEL \u00c9QUIPIER : D\u00c9BUT DE LA SAISON GT4 EUROPEAN SERIES \u00c0 MONZA."},"content":{"rendered":"<div style=\"text-align: center;\"><span style=\"color: #000000; font-size: 18pt; font-family: impact, sans-serif;\">NOUVEAU CHAMPIONNAT, NOUVEL \u00c9QUIPIER\u00a0:<\/span><\/div>\n<div style=\"text-align: center;\"><span style=\"color: #000000; font-size: 18pt; font-family: impact, sans-serif;\">D\u00c9BUT DE LA SAISON GT4 EUROPEAN SERIES \u00c0 MONZA.<\/span><\/div>\n<div>\n<hr \/>\n<\/div>\n<div><\/div>\n<div><img loading=\"lazy\" decoding=\"async\" class=\"size-full wp-image-8698 aligncenter\" src=\"http:\/\/www.ayari-racing.com\/wp-content\/uploads\/2019\/04\/IMG-20190323-WA0005.jpg\" alt=\"\" width=\"1300\" height=\"722\" srcset=\"https:\/\/www.ayari-racing.com\/wp-content\/uploads\/2019\/04\/IMG-20190323-WA0005.jpg 1300w, https:\/\/www.ayari-racing.com\/wp-content\/uploads\/2019\/04\/IMG-20190323-WA0005-300x167.jpg 300w, https:\/\/www.ayari-racing.com\/wp-content\/uploads\/2019\/04\/IMG-20190323-WA0005-768x427.jpg 768w, https:\/\/www.ayari-racing.com\/wp-content\/uploads\/2019\/04\/IMG-20190323-WA0005-1030x572.jpg 1030w, https:\/\/www.ayari-racing.com\/wp-content\/uploads\/2019\/04\/IMG-20190323-WA0005-700x389.jpg 700w\" sizes=\"(max-width: 1300px) 100vw, 1300px\" \/><\/div>\n<div>\n<div><\/div>\n<div><span style=\"color: #000000;\">Soheil lancera sa saison par la manche d\u2019ouverture du <a style=\"color: #000000;\" href=\"https:\/\/european.gt4series.com\/\">GT4 European Series<\/a> sur le mythique et rapide circuit de Monza, proche de Milan.<\/span><\/div>\n<div><\/div>\n<div><span style=\"color: #000000;\">Apr\u00e8s plusieurs journ\u00e9es d\u2019essais au volant de l\u2019Alpine du Team CMR, dans lequel il disputera \u00e9galement le GT FFSA, Soheil a h\u00e2te de commencer une saison \u00ab\u00a0full Alpine\u00a0\u00bb qui s\u2019annonce passionnante.<\/span><\/div>\n<div><\/div>\n<div><span style=\"color: #000000;\">Avec quasiment quarante concurrents annonc\u00e9s ce week-end, compos\u00e9s de 23 \u00e9quipes et 11 marques diff\u00e9rentes, le GT4 a en Europe aussi le vent en poupe.<\/span><\/div>\n<\/div>\n<div><\/div>\n<div><img loading=\"lazy\" decoding=\"async\" class=\"wp-image-8751 alignleft\" src=\"http:\/\/www.ayari-racing.com\/wp-content\/uploads\/2019\/04\/IMG-20190323-WA0001-2-1.jpg\" alt=\"\" width=\"239\" height=\"318\" srcset=\"https:\/\/www.ayari-racing.com\/wp-content\/uploads\/2019\/04\/IMG-20190323-WA0001-2-1.jpg 1200w, https:\/\/www.ayari-racing.com\/wp-content\/uploads\/2019\/04\/IMG-20190323-WA0001-2-1-225x300.jpg 225w, https:\/\/www.ayari-racing.com\/wp-content\/uploads\/2019\/04\/IMG-20190323-WA0001-2-1-768x1024.jpg 768w, https:\/\/www.ayari-racing.com\/wp-content\/uploads\/2019\/04\/IMG-20190323-WA0001-2-1-773x1030.jpg 773w, https:\/\/www.ayari-racing.com\/wp-content\/uploads\/2019\/04\/IMG-20190323-WA0001-2-1-600x800.jpg 600w, https:\/\/www.ayari-racing.com\/wp-content\/uploads\/2019\/04\/IMG-20190323-WA0001-2-1-700x933.jpg 700w\" sizes=\"(max-width: 239px) 100vw, 239px\" \/><\/div>\n<div><span style=\"color: #000000;\">Le pilote d\u2019Aix-les-Bains fera \u00e9quipe avec un ami de longue date, Guillaume Roman, qu\u2019il a vu gravir les \u00e9chelons du sport automobile depuis 10 ans. <\/span><\/div>\n<div><\/div>\n<div><span style=\"color: #000000;\">Le pilote de Valreas a fait ses armes sous les couleurs du Team Peugeot Altran dans les cat\u00e9gories de berlines et dans les courses au long cours (Championnat VLN en Allemagne, 24 Heures Series International). Aff\u00fbt\u00e9 et r\u00e9fl\u00e9chi, habitu\u00e9 aux pelotons, Guillaume a r\u00e9alis\u00e9 d\u2019excellents essais de pr\u00e9-saison et compte bien profiter de la pr\u00e9sence de Soheil a ses c\u00f4t\u00e9s pour s\u2019adapter rapidement au GT.<\/span><\/div>\n<div><\/div>\n<div><\/div>\n<div><\/div>\n<div>\n<div><img loading=\"lazy\" decoding=\"async\" class=\"size-full wp-image-8753 alignright\" src=\"http:\/\/www.ayari-racing.com\/wp-content\/uploads\/2019\/04\/maxresdefault.jpg\" alt=\"\" width=\"240\" height=\"363\" srcset=\"https:\/\/www.ayari-racing.com\/wp-content\/uploads\/2019\/04\/maxresdefault.jpg 240w, https:\/\/www.ayari-racing.com\/wp-content\/uploads\/2019\/04\/maxresdefault-198x300.jpg 198w\" sizes=\"(max-width: 240px) 100vw, 240px\" \/><span style=\"color: #000000;\">\u00ab\u00a0<i>Je suis tr\u00e8s motiv\u00e9 par cette saison europ\u00e9enne avec Guillaume. Elle se disputera en 6 manches de 2 courses (<\/i>1h chacune, <a style=\"color: #000000;\" href=\"https:\/\/european.gt4series.com\/gb_en\/calendar\/6\/2019\">voir le calendrier<\/a><i>) et nous arrivons avec un bon niveau de pr\u00e9paration. <\/i><\/span><\/div>\n<div><\/div>\n<div><span style=\"color: #000000;\"><i>J\u2019ai conscience du niveau du championnat car plusieurs des meilleurs concurrents fran\u00e7ais le disputent \u00e9galement. Je sais que nous pouvons faire de belles choses avec Guillaume en GT4 European Series.<\/i>\u00a0\u00bb commentait Soheil.<\/span><\/div>\n<div><\/div>\n<div>\n<div><span style=\"color: #000000;\">Avec ses longues lignes droites et son nombre restreint de virages, le circuit de Monza n\u2019offre pas sur le papier le profil id\u00e9al \u00e0 l\u2019Alpine A110&#8230; verdict en piste et devant vos \u00e9crans en LIVE samedi \u00e0 15h15 et dimanche \u00e0 12h10 &#8230;<\/span><\/div>\n<\/div>\n<\/div>\n<div><\/div>\n<div><\/div>\n<p>&nbsp;<\/p>\n<hr \/>\n<p><span style=\"font-family: impact, sans-serif; font-size: 18pt; color: #000000;\">LA LISTE DES ENGAG\u00c9S DU MEETING DE MONZA.<\/span><\/p>\n<p><a href=\"https:\/\/ayari-racing.com\/GT4EuropeanSeriesEntryListMonza.pdf\" target=\"_blank\" rel=\"noopener\"><img loading=\"lazy\" decoding=\"async\" class=\"size-full wp-image-8755 aligncenter\" src=\"http:\/\/www.ayari-racing.com\/wp-content\/uploads\/2019\/04\/GT4-European-Series-provisional-Entry-List-Monza-08.04.2019.jpg\" alt=\"\" width=\"600\" height=\"424\" srcset=\"https:\/\/www.ayari-racing.com\/wp-content\/uploads\/2019\/04\/GT4-European-Series-provisional-Entry-List-Monza-08.04.2019.jpg 600w, https:\/\/www.ayari-racing.com\/wp-content\/uploads\/2019\/04\/GT4-European-Series-provisional-Entry-List-Monza-08.04.2019-300x212.jpg 300w\" sizes=\"(max-width: 600px) 100vw, 600px\" \/><\/a><\/p>\n<p>&nbsp;<\/p>\n<hr \/>\n<p><span style=\"color: #000000; font-size: 18pt; font-family: impact, sans-serif;\">LES HORAIRES DU MEETING DE MONZA.<\/span><\/p>\n<p><a href=\"https:\/\/ayari-racing.com\/2019BlancpainGTSeriesMonzaTimetableDraft3.pdf\" target=\"_blank\" rel=\"noopener\"><img loading=\"lazy\" decoding=\"async\" class=\"size-full wp-image-8756 aligncenter\" src=\"http:\/\/www.ayari-racing.com\/wp-content\/uploads\/2019\/04\/Capture-d\u2019e\u0301cran-2019-04-11-a\u0300-07.03.53.png\" alt=\"\" width=\"600\" height=\"875\" srcset=\"https:\/\/www.ayari-racing.com\/wp-content\/uploads\/2019\/04\/Capture-d\u2019e\u0301cran-2019-04-11-a\u0300-07.03.53.png 600w, https:\/\/www.ayari-racing.com\/wp-content\/uploads\/2019\/04\/Capture-d\u2019e\u0301cran-2019-04-11-a\u0300-07.03.53-206x300.png 206w\" sizes=\"(max-width: 600px) 100vw, 600px\" \/><\/a><\/p>\n<p>&nbsp;<\/p>\n<p>&nbsp;<\/p>\n","protected":false},"excerpt":{"rendered":"<p>NOUVEAU CHAMPIONNAT, NOUVEL \u00c9QUIPIER\u00a0: D\u00c9BUT DE LA SAISON GT4 EUROPEAN SERIES \u00c0 MONZA. Soheil lancera sa saison par la manche d\u2019ouverture du GT4 European Series sur le mythique et rapide circuit de Monza, proche de Milan. Apr\u00e8s plusieurs journ\u00e9es d\u2019essais au volant de l\u2019Alpine du&#8230;<\/p>\n","protected":false},"author":4,"featured_media":8730,"comment_status":"open","ping_status":"open","sticky":false,"template":"","format":"standard","meta":{"_exactmetrics_skip_tracking":false,"_exactmetrics_sitenote_active":false,"_exactmetrics_sitenote_note":"","_exactmetrics_sitenote_category":0,"footnotes":""},"categories":[5],"tags":[],"yoast_head":"<!-- This site is optimized with the Yoast SEO plugin v24.5 - https:\/\/yoast.com\/wordpress\/plugins\/seo\/ -->\n<title>NOUVEAU CHAMPIONNAT, NOUVEL \u00c9QUIPIER : D\u00c9BUT DE LA SAISON GT4 EUROPEAN SERIES \u00c0 MONZA. - ayari-racing<\/title>\n<meta name=\"robots\" content=\"index, follow, max-snippet:-1, max-image-preview:large, max-video-preview:-1\" \/>\n<link rel=\"canonical\" href=\"https:\/\/www.ayari-racing.com\/index.php\/2019\/04\/11\/nouveau-championnat-nouvel-equipier-debut-de-la-saison-gt4-european-series-a-monza\/\" \/>\n<meta property=\"og:locale\" content=\"fr_FR\" \/>\n<meta property=\"og:type\" content=\"article\" \/>\n<meta property=\"og:title\" content=\"NOUVEAU CHAMPIONNAT, NOUVEL \u00c9QUIPIER : D\u00c9BUT DE LA SAISON GT4 EUROPEAN SERIES \u00c0 MONZA. - ayari-racing\" \/>\n<meta property=\"og:description\" content=\"NOUVEAU CHAMPIONNAT, NOUVEL \u00c9QUIPIER\u00a0: D\u00c9BUT DE LA SAISON GT4 EUROPEAN SERIES \u00c0 MONZA. Soheil lancera sa saison par la manche d\u2019ouverture du GT4 European Series sur le mythique et rapide circuit de Monza, proche de Milan. Apr\u00e8s plusieurs journ\u00e9es d\u2019essais au volant de l\u2019Alpine du...\" \/>\n<meta property=\"og:url\" content=\"https:\/\/www.ayari-racing.com\/index.php\/2019\/04\/11\/nouveau-championnat-nouvel-equipier-debut-de-la-saison-gt4-european-series-a-monza\/\" \/>\n<meta property=\"og:site_name\" content=\"ayari-racing\" \/>\n<meta property=\"article:published_time\" content=\"2019-04-11T05:13:23+00:00\" \/>\n<meta property=\"article:modified_time\" content=\"2019-04-11T06:56:07+00:00\" \/>\n<meta property=\"og:image\" content=\"https:\/\/www.ayari-racing.com\/wp-content\/uploads\/2019\/04\/IMG-20190323-WA0005-1.jpg\" \/>\n\t<meta property=\"og:image:width\" content=\"1300\" \/>\n\t<meta property=\"og:image:height\" content=\"722\" \/>\n\t<meta property=\"og:image:type\" content=\"image\/jpeg\" \/>\n<meta name=\"author\" content=\"Ayari sassan\" \/>\n<meta name=\"twitter:card\" content=\"summary_large_image\" \/>\n<meta name=\"twitter:label1\" content=\"\u00c9crit par\" \/>\n\t<meta name=\"twitter:data1\" content=\"Ayari sassan\" \/>\n\t<meta name=\"twitter:label2\" content=\"Dur\u00e9e de lecture estim\u00e9e\" \/>\n\t<meta name=\"twitter:data2\" content=\"2 minutes\" \/>\n<script type=\"application\/ld+json\" class=\"yoast-schema-graph\">{\"@context\":\"https:\/\/schema.org\",\"@graph\":[{\"@type\":\"Article\",\"@id\":\"https:\/\/www.ayari-racing.com\/index.php\/2019\/04\/11\/nouveau-championnat-nouvel-equipier-debut-de-la-saison-gt4-european-series-a-monza\/#article\",\"isPartOf\":{\"@id\":\"https:\/\/www.ayari-racing.com\/index.php\/2019\/04\/11\/nouveau-championnat-nouvel-equipier-debut-de-la-saison-gt4-european-series-a-monza\/\"},\"author\":{\"name\":\"Ayari sassan\",\"@id\":\"https:\/\/www.ayari-racing.com\/#\/schema\/person\/32075f08efe1cf46ce5349d830333784\"},\"headline\":\"NOUVEAU CHAMPIONNAT, NOUVEL \u00c9QUIPIER : D\u00c9BUT DE LA SAISON GT4 EUROPEAN SERIES \u00c0 MONZA.\",\"datePublished\":\"2019-04-11T05:13:23+00:00\",\"dateModified\":\"2019-04-11T06:56:07+00:00\",\"mainEntityOfPage\":{\"@id\":\"https:\/\/www.ayari-racing.com\/index.php\/2019\/04\/11\/nouveau-championnat-nouvel-equipier-debut-de-la-saison-gt4-european-series-a-monza\/\"},\"wordCount\":343,\"commentCount\":0,\"publisher\":{\"@id\":\"https:\/\/www.ayari-racing.com\/#\/schema\/person\/32075f08efe1cf46ce5349d830333784\"},\"image\":{\"@id\":\"https:\/\/www.ayari-racing.com\/index.php\/2019\/04\/11\/nouveau-championnat-nouvel-equipier-debut-de-la-saison-gt4-european-series-a-monza\/#primaryimage\"},\"thumbnailUrl\":\"https:\/\/www.ayari-racing.com\/wp-content\/uploads\/2019\/04\/IMG-20190323-WA0005-1.jpg\",\"articleSection\":[\"Ayari-racing\"],\"inLanguage\":\"fr-FR\",\"potentialAction\":[{\"@type\":\"CommentAction\",\"name\":\"Comment\",\"target\":[\"https:\/\/www.ayari-racing.com\/index.php\/2019\/04\/11\/nouveau-championnat-nouvel-equipier-debut-de-la-saison-gt4-european-series-a-monza\/#respond\"]}]},{\"@type\":\"WebPage\",\"@id\":\"https:\/\/www.ayari-racing.com\/index.php\/2019\/04\/11\/nouveau-championnat-nouvel-equipier-debut-de-la-saison-gt4-european-series-a-monza\/\",\"url\":\"https:\/\/www.ayari-racing.com\/index.php\/2019\/04\/11\/nouveau-championnat-nouvel-equipier-debut-de-la-saison-gt4-european-series-a-monza\/\",\"name\":\"NOUVEAU CHAMPIONNAT, NOUVEL \u00c9QUIPIER : D\u00c9BUT DE LA SAISON GT4 EUROPEAN SERIES \u00c0 MONZA. - ayari-racing\",\"isPartOf\":{\"@id\":\"https:\/\/www.ayari-racing.com\/#website\"},\"primaryImageOfPage\":{\"@id\":\"https:\/\/www.ayari-racing.com\/index.php\/2019\/04\/11\/nouveau-championnat-nouvel-equipier-debut-de-la-saison-gt4-european-series-a-monza\/#primaryimage\"},\"image\":{\"@id\":\"https:\/\/www.ayari-racing.com\/index.php\/2019\/04\/11\/nouveau-championnat-nouvel-equipier-debut-de-la-saison-gt4-european-series-a-monza\/#primaryimage\"},\"thumbnailUrl\":\"https:\/\/www.ayari-racing.com\/wp-content\/uploads\/2019\/04\/IMG-20190323-WA0005-1.jpg\",\"datePublished\":\"2019-04-11T05:13:23+00:00\",\"dateModified\":\"2019-04-11T06:56:07+00:00\",\"breadcrumb\":{\"@id\":\"https:\/\/www.ayari-racing.com\/index.php\/2019\/04\/11\/nouveau-championnat-nouvel-equipier-debut-de-la-saison-gt4-european-series-a-monza\/#breadcrumb\"},\"inLanguage\":\"fr-FR\",\"potentialAction\":[{\"@type\":\"ReadAction\",\"target\":[\"https:\/\/www.ayari-racing.com\/index.php\/2019\/04\/11\/nouveau-championnat-nouvel-equipier-debut-de-la-saison-gt4-european-series-a-monza\/\"]}]},{\"@type\":\"ImageObject\",\"inLanguage\":\"fr-FR\",\"@id\":\"https:\/\/www.ayari-racing.com\/index.php\/2019\/04\/11\/nouveau-championnat-nouvel-equipier-debut-de-la-saison-gt4-european-series-a-monza\/#primaryimage\",\"url\":\"https:\/\/www.ayari-racing.com\/wp-content\/uploads\/2019\/04\/IMG-20190323-WA0005-1.jpg\",\"contentUrl\":\"https:\/\/www.ayari-racing.com\/wp-content\/uploads\/2019\/04\/IMG-20190323-WA0005-1.jpg\",\"width\":1300,\"height\":722},{\"@type\":\"BreadcrumbList\",\"@id\":\"https:\/\/www.ayari-racing.com\/index.php\/2019\/04\/11\/nouveau-championnat-nouvel-equipier-debut-de-la-saison-gt4-european-series-a-monza\/#breadcrumb\",\"itemListElement\":[{\"@type\":\"ListItem\",\"position\":1,\"name\":\"Home\",\"item\":\"https:\/\/www.ayari-racing.com\/\"},{\"@type\":\"ListItem\",\"position\":2,\"name\":\"NOUVEAU CHAMPIONNAT, NOUVEL \u00c9QUIPIER : D\u00c9BUT DE LA SAISON GT4 EUROPEAN SERIES \u00c0 MONZA.\"}]},{\"@type\":\"WebSite\",\"@id\":\"https:\/\/www.ayari-racing.com\/#website\",\"url\":\"https:\/\/www.ayari-racing.com\/\",\"name\":\"ayari-racing\",\"description\":\"Soheil Ayari, pilote automobile endurance, GT, coach de pilote\",\"publisher\":{\"@id\":\"https:\/\/www.ayari-racing.com\/#\/schema\/person\/32075f08efe1cf46ce5349d830333784\"},\"potentialAction\":[{\"@type\":\"SearchAction\",\"target\":{\"@type\":\"EntryPoint\",\"urlTemplate\":\"https:\/\/www.ayari-racing.com\/?s={search_term_string}\"},\"query-input\":{\"@type\":\"PropertyValueSpecification\",\"valueRequired\":true,\"valueName\":\"search_term_string\"}}],\"inLanguage\":\"fr-FR\"},{\"@type\":[\"Person\",\"Organization\"],\"@id\":\"https:\/\/www.ayari-racing.com\/#\/schema\/person\/32075f08efe1cf46ce5349d830333784\",\"name\":\"Ayari sassan\",\"image\":{\"@type\":\"ImageObject\",\"inLanguage\":\"fr-FR\",\"@id\":\"https:\/\/www.ayari-racing.com\/#\/schema\/person\/image\/\",\"url\":\"https:\/\/secure.gravatar.com\/avatar\/635fd46f213a2db5866407af58082930?s=96&d=mm&r=g\",\"contentUrl\":\"https:\/\/secure.gravatar.com\/avatar\/635fd46f213a2db5866407af58082930?s=96&d=mm&r=g\",\"caption\":\"Ayari sassan\"},\"logo\":{\"@id\":\"https:\/\/www.ayari-racing.com\/#\/schema\/person\/image\/\"},\"sameAs\":[\"http:\/\/www.acom-evenements.com\"]}]}<\/script>\n<!-- \/ Yoast SEO plugin. -->","yoast_head_json":{"title":"NOUVEAU CHAMPIONNAT, NOUVEL \u00c9QUIPIER : D\u00c9BUT DE LA SAISON GT4 EUROPEAN SERIES \u00c0 MONZA. - ayari-racing","robots":{"index":"index","follow":"follow","max-snippet":"max-snippet:-1","max-image-preview":"max-image-preview:large","max-video-preview":"max-video-preview:-1"},"canonical":"https:\/\/www.ayari-racing.com\/index.php\/2019\/04\/11\/nouveau-championnat-nouvel-equipier-debut-de-la-saison-gt4-european-series-a-monza\/","og_locale":"fr_FR","og_type":"article","og_title":"NOUVEAU CHAMPIONNAT, NOUVEL \u00c9QUIPIER : D\u00c9BUT DE LA SAISON GT4 EUROPEAN SERIES \u00c0 MONZA. - ayari-racing","og_description":"NOUVEAU CHAMPIONNAT, NOUVEL \u00c9QUIPIER\u00a0: D\u00c9BUT DE LA SAISON GT4 EUROPEAN SERIES \u00c0 MONZA. Soheil lancera sa saison par la manche d\u2019ouverture du GT4 European Series sur le mythique et rapide circuit de Monza, proche de Milan. Apr\u00e8s plusieurs journ\u00e9es d\u2019essais au volant de l\u2019Alpine du...","og_url":"https:\/\/www.ayari-racing.com\/index.php\/2019\/04\/11\/nouveau-championnat-nouvel-equipier-debut-de-la-saison-gt4-european-series-a-monza\/","og_site_name":"ayari-racing","article_published_time":"2019-04-11T05:13:23+00:00","article_modified_time":"2019-04-11T06:56:07+00:00","og_image":[{"width":1300,"height":722,"url":"https:\/\/www.ayari-racing.com\/wp-content\/uploads\/2019\/04\/IMG-20190323-WA0005-1.jpg","type":"image\/jpeg"}],"author":"Ayari sassan","twitter_card":"summary_large_image","twitter_misc":{"\u00c9crit par":"Ayari sassan","Dur\u00e9e de lecture estim\u00e9e":"2 minutes"},"schema":{"@context":"https:\/\/schema.org","@graph":[{"@type":"Article","@id":"https:\/\/www.ayari-racing.com\/index.php\/2019\/04\/11\/nouveau-championnat-nouvel-equipier-debut-de-la-saison-gt4-european-series-a-monza\/#article","isPartOf":{"@id":"https:\/\/www.ayari-racing.com\/index.php\/2019\/04\/11\/nouveau-championnat-nouvel-equipier-debut-de-la-saison-gt4-european-series-a-monza\/"},"author":{"name":"Ayari sassan","@id":"https:\/\/www.ayari-racing.com\/#\/schema\/person\/32075f08efe1cf46ce5349d830333784"},"headline":"NOUVEAU CHAMPIONNAT, NOUVEL \u00c9QUIPIER : D\u00c9BUT DE LA SAISON GT4 EUROPEAN SERIES \u00c0 MONZA.","datePublished":"2019-04-11T05:13:23+00:00","dateModified":"2019-04-11T06:56:07+00:00","mainEntityOfPage":{"@id":"https:\/\/www.ayari-racing.com\/index.php\/2019\/04\/11\/nouveau-championnat-nouvel-equipier-debut-de-la-saison-gt4-european-series-a-monza\/"},"wordCount":343,"commentCount":0,"publisher":{"@id":"https:\/\/www.ayari-racing.com\/#\/schema\/person\/32075f08efe1cf46ce5349d830333784"},"image":{"@id":"https:\/\/www.ayari-racing.com\/index.php\/2019\/04\/11\/nouveau-championnat-nouvel-equipier-debut-de-la-saison-gt4-european-series-a-monza\/#primaryimage"},"thumbnailUrl":"https:\/\/www.ayari-racing.com\/wp-content\/uploads\/2019\/04\/IMG-20190323-WA0005-1.jpg","articleSection":["Ayari-racing"],"inLanguage":"fr-FR","potentialAction":[{"@type":"CommentAction","name":"Comment","target":["https:\/\/www.ayari-racing.com\/index.php\/2019\/04\/11\/nouveau-championnat-nouvel-equipier-debut-de-la-saison-gt4-european-series-a-monza\/#respond"]}]},{"@type":"WebPage","@id":"https:\/\/www.ayari-racing.com\/index.php\/2019\/04\/11\/nouveau-championnat-nouvel-equipier-debut-de-la-saison-gt4-european-series-a-monza\/","url":"https:\/\/www.ayari-racing.com\/index.php\/2019\/04\/11\/nouveau-championnat-nouvel-equipier-debut-de-la-saison-gt4-european-series-a-monza\/","name":"NOUVEAU CHAMPIONNAT, NOUVEL \u00c9QUIPIER : D\u00c9BUT DE LA SAISON GT4 EUROPEAN SERIES \u00c0 MONZA. - ayari-racing","isPartOf":{"@id":"https:\/\/www.ayari-racing.com\/#website"},"primaryImageOfPage":{"@id":"https:\/\/www.ayari-racing.com\/index.php\/2019\/04\/11\/nouveau-championnat-nouvel-equipier-debut-de-la-saison-gt4-european-series-a-monza\/#primaryimage"},"image":{"@id":"https:\/\/www.ayari-racing.com\/index.php\/2019\/04\/11\/nouveau-championnat-nouvel-equipier-debut-de-la-saison-gt4-european-series-a-monza\/#primaryimage"},"thumbnailUrl":"https:\/\/www.ayari-racing.com\/wp-content\/uploads\/2019\/04\/IMG-20190323-WA0005-1.jpg","datePublished":"2019-04-11T05:13:23+00:00","dateModified":"2019-04-11T06:56:07+00:00","breadcrumb":{"@id":"https:\/\/www.ayari-racing.com\/index.php\/2019\/04\/11\/nouveau-championnat-nouvel-equipier-debut-de-la-saison-gt4-european-series-a-monza\/#breadcrumb"},"inLanguage":"fr-FR","potentialAction":[{"@type":"ReadAction","target":["https:\/\/www.ayari-racing.com\/index.php\/2019\/04\/11\/nouveau-championnat-nouvel-equipier-debut-de-la-saison-gt4-european-series-a-monza\/"]}]},{"@type":"ImageObject","inLanguage":"fr-FR","@id":"https:\/\/www.ayari-racing.com\/index.php\/2019\/04\/11\/nouveau-championnat-nouvel-equipier-debut-de-la-saison-gt4-european-series-a-monza\/#primaryimage","url":"https:\/\/www.ayari-racing.com\/wp-content\/uploads\/2019\/04\/IMG-20190323-WA0005-1.jpg","contentUrl":"https:\/\/www.ayari-racing.com\/wp-content\/uploads\/2019\/04\/IMG-20190323-WA0005-1.jpg","width":1300,"height":722},{"@type":"BreadcrumbList","@id":"https:\/\/www.ayari-racing.com\/index.php\/2019\/04\/11\/nouveau-championnat-nouvel-equipier-debut-de-la-saison-gt4-european-series-a-monza\/#breadcrumb","itemListElement":[{"@type":"ListItem","position":1,"name":"Home","item":"https:\/\/www.ayari-racing.com\/"},{"@type":"ListItem","position":2,"name":"NOUVEAU CHAMPIONNAT, NOUVEL \u00c9QUIPIER : D\u00c9BUT DE LA SAISON GT4 EUROPEAN SERIES \u00c0 MONZA."}]},{"@type":"WebSite","@id":"https:\/\/www.ayari-racing.com\/#website","url":"https:\/\/www.ayari-racing.com\/","name":"ayari-racing","description":"Soheil Ayari, pilote automobile endurance, GT, coach de pilote","publisher":{"@id":"https:\/\/www.ayari-racing.com\/#\/schema\/person\/32075f08efe1cf46ce5349d830333784"},"potentialAction":[{"@type":"SearchAction","target":{"@type":"EntryPoint","urlTemplate":"https:\/\/www.ayari-racing.com\/?s={search_term_string}"},"query-input":{"@type":"PropertyValueSpecification","valueRequired":true,"valueName":"search_term_string"}}],"inLanguage":"fr-FR"},{"@type":["Person","Organization"],"@id":"https:\/\/www.ayari-racing.com\/#\/schema\/person\/32075f08efe1cf46ce5349d830333784","name":"Ayari sassan","image":{"@type":"ImageObject","inLanguage":"fr-FR","@id":"https:\/\/www.ayari-racing.com\/#\/schema\/person\/image\/","url":"https:\/\/secure.gravatar.com\/avatar\/635fd46f213a2db5866407af58082930?s=96&d=mm&r=g","contentUrl":"https:\/\/secure.gravatar.com\/avatar\/635fd46f213a2db5866407af58082930?s=96&d=mm&r=g","caption":"Ayari sassan"},"logo":{"@id":"https:\/\/www.ayari-racing.com\/#\/schema\/person\/image\/"},"sameAs":["http:\/\/www.acom-evenements.com"]}]}},"_links":{"self":[{"href":"https:\/\/www.ayari-racing.com\/index.php\/wp-json\/wp\/v2\/posts\/8747"}],"collection":[{"href":"https:\/\/www.ayari-racing.com\/index.php\/wp-json\/wp\/v2\/posts"}],"about":[{"href":"https:\/\/www.ayari-racing.com\/index.php\/wp-json\/wp\/v2\/types\/post"}],"author":[{"embeddable":true,"href":"https:\/\/www.ayari-racing.com\/index.php\/wp-json\/wp\/v2\/users\/4"}],"replies":[{"embeddable":true,"href":"https:\/\/www.ayari-racing.com\/index.php\/wp-json\/wp\/v2\/comments?post=8747"}],"version-history":[{"count":4,"href":"https:\/\/www.ayari-racing.com\/index.php\/wp-json\/wp\/v2\/posts\/8747\/revisions"}],"predecessor-version":[{"id":8749,"href":"https:\/\/www.ayari-racing.com\/index.php\/wp-json\/wp\/v2\/posts\/8747\/revisions\/8749"}],"wp:featuredmedia":[{"embeddable":true,"href":"https:\/\/www.ayari-racing.com\/index.php\/wp-json\/wp\/v2\/media\/8730"}],"wp:attachment":[{"href":"https:\/\/www.ayari-racing.com\/index.php\/wp-json\/wp\/v2\/media?parent=8747"}],"wp:term":[{"taxonomy":"category","embeddable":true,"href":"https:\/\/www.ayari-racing.com\/index.php\/wp-json\/wp\/v2\/categories?post=8747"},{"taxonomy":"post_tag","embeddable":true,"href":"https:\/\/www.ayari-racing.com\/index.php\/wp-json\/wp\/v2\/tags?post=8747"}],"curies":[{"name":"wp","href":"https:\/\/api.w.org\/{rel}","templated":true}]}}