{"id":8865,"date":"2019-07-04T14:53:39","date_gmt":"2019-07-04T12:53:39","guid":{"rendered":"http:\/\/www.ayari-racing.com\/?p=8865"},"modified":"2019-07-04T15:00:33","modified_gmt":"2019-07-04T13:00:33","slug":"ledenon-ffsa-gt-se-racheter-avant-lete","status":"publish","type":"post","link":"https:\/\/www.ayari-racing.com\/index.php\/2019\/07\/04\/ledenon-ffsa-gt-se-racheter-avant-lete\/","title":{"rendered":"L\u00c9DENON FFSA GT : SE RACHETER AVANT L\u2019\u00c9T\u00c9 !"},"content":{"rendered":"<p style=\"text-align: center;\"><span style=\"color: #000000; font-size: 18pt; font-family: impact, sans-serif;\"><strong>L\u00c9DENON FFSA GT\u00a0: SE RACHETER AVANT L\u2019\u00c9T\u00c9\u00a0!<\/strong><\/span><\/p>\n<p><span style=\"color: #000000;\"><img loading=\"lazy\" decoding=\"async\" class=\" wp-image-8866 alignleft\" src=\"http:\/\/www.ayari-racing.com\/wp-content\/uploads\/2019\/07\/40-190519_2P_4017_Perchicot.jpg\" alt=\"\" width=\"511\" height=\"150\" srcset=\"https:\/\/www.ayari-racing.com\/wp-content\/uploads\/2019\/07\/40-190519_2P_4017_Perchicot.jpg 600w, https:\/\/www.ayari-racing.com\/wp-content\/uploads\/2019\/07\/40-190519_2P_4017_Perchicot-300x88.jpg 300w\" sizes=\"(max-width: 511px) 100vw, 511px\" \/>Les fortes chaleurs seront au rendez-vous sur le circuit gardois de L\u00e9denon, au nord de N\u00eemes. Pour ce 3<sup>e<\/sup> meeting du FFSA GT, on annonce 36 \u00b0C au mercure et bien plus en piste avec la quarantaine de concurrents Grand Tourisme attendus ce week-end.<\/span><\/p>\n<div>\n<div><\/div>\n<div><span style=\"color: #000000;\"><img loading=\"lazy\" decoding=\"async\" class=\"size-full wp-image-8867 alignright\" src=\"http:\/\/www.ayari-racing.com\/wp-content\/uploads\/2019\/07\/gt4_2019_lmresized_2.jpg\" alt=\"\" width=\"240\" height=\"339\" srcset=\"https:\/\/www.ayari-racing.com\/wp-content\/uploads\/2019\/07\/gt4_2019_lmresized_2.jpg 240w, https:\/\/www.ayari-racing.com\/wp-content\/uploads\/2019\/07\/gt4_2019_lmresized_2-212x300.jpg 212w\" sizes=\"(max-width: 240px) 100vw, 240px\" \/>Sur un circuit de 3,2 km, le d\u00e9fi sera avant tout pour le duo AYARI-HERNANDEZ de bien se qualifier et d\u2019\u00e9viter tous les pi\u00e8ges d\u2019un peloton tr\u00e8s (trop) agit\u00e9.<\/span><\/div>\n<\/div>\n<div><\/div>\n<div><span style=\"color: #000000;\">\u00ab <i>Plus les courses passent plus nous avons de touchettes et c\u2019est souvent l\u2019Alpine qui reste sur le carreau. <\/i><\/span><\/div>\n<div><\/div>\n<div><span style=\"color: #000000;\"><i>Du coup nous n\u2019avons pas vraiment fait de course r\u00e9f\u00e9rence cette saison et nous ne savons pas trop quoi attendre de L\u00e9denon bien que le trac\u00e9 devrait convenir \u00e0 l\u2019agilit\u00e9 de l\u2019A110.\u00a0<\/i>\u00bb commentait Soheil.<\/span><\/div>\n<div><\/div>\n<div>\n<hr \/>\n<\/div>\n<p><span style=\"font-size: 14pt; font-family: impact, sans-serif; color: #000000;\"><b>LES EN<\/b><\/span><span style=\"font-size: 14pt; font-family: impact, sans-serif; color: #000000;\"><b>GAG\u00c9S DU MEETING DE L\u00c9DENON.<\/b><\/span><\/p>\n<p>&nbsp;<\/p>\n<p><a href=\"https:\/\/ffsagt.gt4series.com\/file\/download\/1182\/2019%20Championnat%20de%20France%20FFSA%20GT%20Liste%20des%20engag%C3%A9s%20provisoire%20L%C3%A9denon.pdf\" target=\"_blank\" rel=\"noopener\"><img loading=\"lazy\" decoding=\"async\" class=\"size-full wp-image-8870 aligncenter\" src=\"http:\/\/www.ayari-racing.com\/wp-content\/uploads\/2019\/07\/FFSAGTENGAGESLEDENON.jpg\" alt=\"\" width=\"600\" height=\"424\" srcset=\"https:\/\/www.ayari-racing.com\/wp-content\/uploads\/2019\/07\/FFSAGTENGAGESLEDENON.jpg 600w, https:\/\/www.ayari-racing.com\/wp-content\/uploads\/2019\/07\/FFSAGTENGAGESLEDENON-300x212.jpg 300w\" sizes=\"(max-width: 600px) 100vw, 600px\" \/><\/a><\/p>\n<hr \/>\n<p><span style=\"font-size: 14pt; color: #000000; font-family: impact, sans-serif;\"><b>LES HORAIRES DU MEETING DE L\u00c9DENON.<\/b><\/span><\/p>\n<p><a href=\"https:\/\/ffsagt.gt4series.com\/file\/download\/1179\/2019%20Horaires%20L%C3%A9denon%20FFSA%20GT%20projet%20n%C2%B05[1].pdf\" target=\"_blank\" rel=\"noopener\"><img loading=\"lazy\" decoding=\"async\" class=\"size-full wp-image-8868 aligncenter\" src=\"http:\/\/www.ayari-racing.com\/wp-content\/uploads\/2019\/07\/2019-Horaires-Le\u0301denon-FFSA-GT-projet-n\u00b051.jpg\" alt=\"\" width=\"600\" height=\"849\" srcset=\"https:\/\/www.ayari-racing.com\/wp-content\/uploads\/2019\/07\/2019-Horaires-Le\u0301denon-FFSA-GT-projet-n\u00b051.jpg 600w, https:\/\/www.ayari-racing.com\/wp-content\/uploads\/2019\/07\/2019-Horaires-Le\u0301denon-FFSA-GT-projet-n\u00b051-212x300.jpg 212w\" sizes=\"(max-width: 600px) 100vw, 600px\" \/><\/a><\/p>\n<hr \/>\n<div>\n<div><span style=\"font-size: 14pt; font-family: impact, sans-serif; color: #000000;\"><b>SUIVRE LES DEUX COURSES EN LIVE STREAMING\u00a0:<\/b><\/span><\/div>\n<\/div>\n<ul>\n<li><span style=\"color: #000000;\">Samedi 6 juillet \u00e0 15h10 : <a style=\"color: #000000;\" href=\"https:\/\/ffsagt.gt4series.com\/fr_fr\/live\/\"><b>cliquez ici<\/b><\/a>.<\/span><\/li>\n<\/ul>\n<ul>\n<li><span style=\"color: #000000;\">Dimanche 7 juillet \u00e0 12h50 : <a style=\"color: #000000;\" href=\"https:\/\/ffsagt.gt4series.com\/fr_fr\/live\/\"><b>cliquez ici<\/b><\/a>.<\/span><\/li>\n<\/ul>\n<p>&nbsp;<\/p>\n<hr \/>\n<p><span style=\"color: #000000;\"><a style=\"color: #000000;\" href=\"http:\/\/www.photographeprofessionel-patrickhecq.com\">Photos Patrick HECQ.<\/a><\/span><\/p>\n<p>&nbsp;<\/p>\n","protected":false},"excerpt":{"rendered":"<p>L\u00c9DENON FFSA GT\u00a0: SE RACHETER AVANT L\u2019\u00c9T\u00c9\u00a0! Les fortes chaleurs seront au rendez-vous sur le circuit gardois de L\u00e9denon, au nord de N\u00eemes. Pour ce 3e meeting du FFSA GT, on annonce 36 \u00b0C au mercure et bien plus en piste avec la quarantaine de&#8230;<\/p>\n","protected":false},"author":4,"featured_media":8872,"comment_status":"open","ping_status":"open","sticky":false,"template":"","format":"standard","meta":{"_exactmetrics_skip_tracking":false,"_exactmetrics_sitenote_active":false,"_exactmetrics_sitenote_note":"","_exactmetrics_sitenote_category":0,"footnotes":""},"categories":[5],"tags":[],"yoast_head":"<!-- This site is optimized with the Yoast SEO plugin v24.5 - https:\/\/yoast.com\/wordpress\/plugins\/seo\/ -->\n<title>L\u00c9DENON FFSA GT : SE RACHETER AVANT L\u2019\u00c9T\u00c9 ! - ayari-racing<\/title>\n<meta name=\"robots\" content=\"index, follow, max-snippet:-1, max-image-preview:large, max-video-preview:-1\" \/>\n<link rel=\"canonical\" href=\"https:\/\/www.ayari-racing.com\/index.php\/2019\/07\/04\/ledenon-ffsa-gt-se-racheter-avant-lete\/\" \/>\n<meta property=\"og:locale\" content=\"fr_FR\" \/>\n<meta property=\"og:type\" content=\"article\" \/>\n<meta property=\"og:title\" content=\"L\u00c9DENON FFSA GT : SE RACHETER AVANT L\u2019\u00c9T\u00c9 ! - ayari-racing\" \/>\n<meta property=\"og:description\" content=\"L\u00c9DENON FFSA GT\u00a0: SE RACHETER AVANT L\u2019\u00c9T\u00c9\u00a0! Les fortes chaleurs seront au rendez-vous sur le circuit gardois de L\u00e9denon, au nord de N\u00eemes. Pour ce 3e meeting du FFSA GT, on annonce 36 \u00b0C au mercure et bien plus en piste avec la quarantaine de...\" \/>\n<meta property=\"og:url\" content=\"https:\/\/www.ayari-racing.com\/index.php\/2019\/07\/04\/ledenon-ffsa-gt-se-racheter-avant-lete\/\" \/>\n<meta property=\"og:site_name\" content=\"ayari-racing\" \/>\n<meta property=\"article:published_time\" content=\"2019-07-04T12:53:39+00:00\" \/>\n<meta property=\"article:modified_time\" content=\"2019-07-04T13:00:33+00:00\" \/>\n<meta property=\"og:image\" content=\"https:\/\/www.ayari-racing.com\/wp-content\/uploads\/2019\/07\/A4V_PosterLedenon-4@100.jpg\" \/>\n\t<meta property=\"og:image:width\" content=\"1090\" \/>\n\t<meta property=\"og:image:height\" content=\"1536\" \/>\n\t<meta property=\"og:image:type\" content=\"image\/jpeg\" \/>\n<meta name=\"author\" content=\"Ayari sassan\" \/>\n<meta name=\"twitter:card\" content=\"summary_large_image\" \/>\n<meta name=\"twitter:label1\" content=\"\u00c9crit par\" \/>\n\t<meta name=\"twitter:data1\" content=\"Ayari sassan\" \/>\n\t<meta name=\"twitter:label2\" content=\"Dur\u00e9e de lecture estim\u00e9e\" \/>\n\t<meta name=\"twitter:data2\" content=\"1 minute\" \/>\n<script type=\"application\/ld+json\" class=\"yoast-schema-graph\">{\"@context\":\"https:\/\/schema.org\",\"@graph\":[{\"@type\":\"Article\",\"@id\":\"https:\/\/www.ayari-racing.com\/index.php\/2019\/07\/04\/ledenon-ffsa-gt-se-racheter-avant-lete\/#article\",\"isPartOf\":{\"@id\":\"https:\/\/www.ayari-racing.com\/index.php\/2019\/07\/04\/ledenon-ffsa-gt-se-racheter-avant-lete\/\"},\"author\":{\"name\":\"Ayari sassan\",\"@id\":\"https:\/\/www.ayari-racing.com\/#\/schema\/person\/32075f08efe1cf46ce5349d830333784\"},\"headline\":\"L\u00c9DENON FFSA GT : SE RACHETER AVANT L\u2019\u00c9T\u00c9 !\",\"datePublished\":\"2019-07-04T12:53:39+00:00\",\"dateModified\":\"2019-07-04T13:00:33+00:00\",\"mainEntityOfPage\":{\"@id\":\"https:\/\/www.ayari-racing.com\/index.php\/2019\/07\/04\/ledenon-ffsa-gt-se-racheter-avant-lete\/\"},\"wordCount\":194,\"commentCount\":0,\"publisher\":{\"@id\":\"https:\/\/www.ayari-racing.com\/#\/schema\/person\/32075f08efe1cf46ce5349d830333784\"},\"image\":{\"@id\":\"https:\/\/www.ayari-racing.com\/index.php\/2019\/07\/04\/ledenon-ffsa-gt-se-racheter-avant-lete\/#primaryimage\"},\"thumbnailUrl\":\"https:\/\/www.ayari-racing.com\/wp-content\/uploads\/2019\/07\/A4V_PosterLedenon-4@100.jpg\",\"articleSection\":[\"Ayari-racing\"],\"inLanguage\":\"fr-FR\",\"potentialAction\":[{\"@type\":\"CommentAction\",\"name\":\"Comment\",\"target\":[\"https:\/\/www.ayari-racing.com\/index.php\/2019\/07\/04\/ledenon-ffsa-gt-se-racheter-avant-lete\/#respond\"]}]},{\"@type\":\"WebPage\",\"@id\":\"https:\/\/www.ayari-racing.com\/index.php\/2019\/07\/04\/ledenon-ffsa-gt-se-racheter-avant-lete\/\",\"url\":\"https:\/\/www.ayari-racing.com\/index.php\/2019\/07\/04\/ledenon-ffsa-gt-se-racheter-avant-lete\/\",\"name\":\"L\u00c9DENON FFSA GT : SE RACHETER AVANT L\u2019\u00c9T\u00c9 ! - ayari-racing\",\"isPartOf\":{\"@id\":\"https:\/\/www.ayari-racing.com\/#website\"},\"primaryImageOfPage\":{\"@id\":\"https:\/\/www.ayari-racing.com\/index.php\/2019\/07\/04\/ledenon-ffsa-gt-se-racheter-avant-lete\/#primaryimage\"},\"image\":{\"@id\":\"https:\/\/www.ayari-racing.com\/index.php\/2019\/07\/04\/ledenon-ffsa-gt-se-racheter-avant-lete\/#primaryimage\"},\"thumbnailUrl\":\"https:\/\/www.ayari-racing.com\/wp-content\/uploads\/2019\/07\/A4V_PosterLedenon-4@100.jpg\",\"datePublished\":\"2019-07-04T12:53:39+00:00\",\"dateModified\":\"2019-07-04T13:00:33+00:00\",\"breadcrumb\":{\"@id\":\"https:\/\/www.ayari-racing.com\/index.php\/2019\/07\/04\/ledenon-ffsa-gt-se-racheter-avant-lete\/#breadcrumb\"},\"inLanguage\":\"fr-FR\",\"potentialAction\":[{\"@type\":\"ReadAction\",\"target\":[\"https:\/\/www.ayari-racing.com\/index.php\/2019\/07\/04\/ledenon-ffsa-gt-se-racheter-avant-lete\/\"]}]},{\"@type\":\"ImageObject\",\"inLanguage\":\"fr-FR\",\"@id\":\"https:\/\/www.ayari-racing.com\/index.php\/2019\/07\/04\/ledenon-ffsa-gt-se-racheter-avant-lete\/#primaryimage\",\"url\":\"https:\/\/www.ayari-racing.com\/wp-content\/uploads\/2019\/07\/A4V_PosterLedenon-4@100.jpg\",\"contentUrl\":\"https:\/\/www.ayari-racing.com\/wp-content\/uploads\/2019\/07\/A4V_PosterLedenon-4@100.jpg\",\"width\":1090,\"height\":1536},{\"@type\":\"BreadcrumbList\",\"@id\":\"https:\/\/www.ayari-racing.com\/index.php\/2019\/07\/04\/ledenon-ffsa-gt-se-racheter-avant-lete\/#breadcrumb\",\"itemListElement\":[{\"@type\":\"ListItem\",\"position\":1,\"name\":\"Home\",\"item\":\"https:\/\/www.ayari-racing.com\/\"},{\"@type\":\"ListItem\",\"position\":2,\"name\":\"L\u00c9DENON FFSA GT : SE RACHETER AVANT L\u2019\u00c9T\u00c9 !\"}]},{\"@type\":\"WebSite\",\"@id\":\"https:\/\/www.ayari-racing.com\/#website\",\"url\":\"https:\/\/www.ayari-racing.com\/\",\"name\":\"ayari-racing\",\"description\":\"Soheil Ayari, pilote automobile endurance, GT, coach de pilote\",\"publisher\":{\"@id\":\"https:\/\/www.ayari-racing.com\/#\/schema\/person\/32075f08efe1cf46ce5349d830333784\"},\"potentialAction\":[{\"@type\":\"SearchAction\",\"target\":{\"@type\":\"EntryPoint\",\"urlTemplate\":\"https:\/\/www.ayari-racing.com\/?s={search_term_string}\"},\"query-input\":{\"@type\":\"PropertyValueSpecification\",\"valueRequired\":true,\"valueName\":\"search_term_string\"}}],\"inLanguage\":\"fr-FR\"},{\"@type\":[\"Person\",\"Organization\"],\"@id\":\"https:\/\/www.ayari-racing.com\/#\/schema\/person\/32075f08efe1cf46ce5349d830333784\",\"name\":\"Ayari sassan\",\"image\":{\"@type\":\"ImageObject\",\"inLanguage\":\"fr-FR\",\"@id\":\"https:\/\/www.ayari-racing.com\/#\/schema\/person\/image\/\",\"url\":\"https:\/\/secure.gravatar.com\/avatar\/635fd46f213a2db5866407af58082930?s=96&d=mm&r=g\",\"contentUrl\":\"https:\/\/secure.gravatar.com\/avatar\/635fd46f213a2db5866407af58082930?s=96&d=mm&r=g\",\"caption\":\"Ayari sassan\"},\"logo\":{\"@id\":\"https:\/\/www.ayari-racing.com\/#\/schema\/person\/image\/\"},\"sameAs\":[\"http:\/\/www.acom-evenements.com\"]}]}<\/script>\n<!-- \/ Yoast SEO plugin. -->","yoast_head_json":{"title":"L\u00c9DENON FFSA GT : SE RACHETER AVANT L\u2019\u00c9T\u00c9 ! - ayari-racing","robots":{"index":"index","follow":"follow","max-snippet":"max-snippet:-1","max-image-preview":"max-image-preview:large","max-video-preview":"max-video-preview:-1"},"canonical":"https:\/\/www.ayari-racing.com\/index.php\/2019\/07\/04\/ledenon-ffsa-gt-se-racheter-avant-lete\/","og_locale":"fr_FR","og_type":"article","og_title":"L\u00c9DENON FFSA GT : SE RACHETER AVANT L\u2019\u00c9T\u00c9 ! - ayari-racing","og_description":"L\u00c9DENON FFSA GT\u00a0: SE RACHETER AVANT L\u2019\u00c9T\u00c9\u00a0! Les fortes chaleurs seront au rendez-vous sur le circuit gardois de L\u00e9denon, au nord de N\u00eemes. Pour ce 3e meeting du FFSA GT, on annonce 36 \u00b0C au mercure et bien plus en piste avec la quarantaine de...","og_url":"https:\/\/www.ayari-racing.com\/index.php\/2019\/07\/04\/ledenon-ffsa-gt-se-racheter-avant-lete\/","og_site_name":"ayari-racing","article_published_time":"2019-07-04T12:53:39+00:00","article_modified_time":"2019-07-04T13:00:33+00:00","og_image":[{"width":1090,"height":1536,"url":"https:\/\/www.ayari-racing.com\/wp-content\/uploads\/2019\/07\/A4V_PosterLedenon-4@100.jpg","type":"image\/jpeg"}],"author":"Ayari sassan","twitter_card":"summary_large_image","twitter_misc":{"\u00c9crit par":"Ayari sassan","Dur\u00e9e de lecture estim\u00e9e":"1 minute"},"schema":{"@context":"https:\/\/schema.org","@graph":[{"@type":"Article","@id":"https:\/\/www.ayari-racing.com\/index.php\/2019\/07\/04\/ledenon-ffsa-gt-se-racheter-avant-lete\/#article","isPartOf":{"@id":"https:\/\/www.ayari-racing.com\/index.php\/2019\/07\/04\/ledenon-ffsa-gt-se-racheter-avant-lete\/"},"author":{"name":"Ayari sassan","@id":"https:\/\/www.ayari-racing.com\/#\/schema\/person\/32075f08efe1cf46ce5349d830333784"},"headline":"L\u00c9DENON FFSA GT : SE RACHETER AVANT L\u2019\u00c9T\u00c9 !","datePublished":"2019-07-04T12:53:39+00:00","dateModified":"2019-07-04T13:00:33+00:00","mainEntityOfPage":{"@id":"https:\/\/www.ayari-racing.com\/index.php\/2019\/07\/04\/ledenon-ffsa-gt-se-racheter-avant-lete\/"},"wordCount":194,"commentCount":0,"publisher":{"@id":"https:\/\/www.ayari-racing.com\/#\/schema\/person\/32075f08efe1cf46ce5349d830333784"},"image":{"@id":"https:\/\/www.ayari-racing.com\/index.php\/2019\/07\/04\/ledenon-ffsa-gt-se-racheter-avant-lete\/#primaryimage"},"thumbnailUrl":"https:\/\/www.ayari-racing.com\/wp-content\/uploads\/2019\/07\/A4V_PosterLedenon-4@100.jpg","articleSection":["Ayari-racing"],"inLanguage":"fr-FR","potentialAction":[{"@type":"CommentAction","name":"Comment","target":["https:\/\/www.ayari-racing.com\/index.php\/2019\/07\/04\/ledenon-ffsa-gt-se-racheter-avant-lete\/#respond"]}]},{"@type":"WebPage","@id":"https:\/\/www.ayari-racing.com\/index.php\/2019\/07\/04\/ledenon-ffsa-gt-se-racheter-avant-lete\/","url":"https:\/\/www.ayari-racing.com\/index.php\/2019\/07\/04\/ledenon-ffsa-gt-se-racheter-avant-lete\/","name":"L\u00c9DENON FFSA GT : SE RACHETER AVANT L\u2019\u00c9T\u00c9 ! - ayari-racing","isPartOf":{"@id":"https:\/\/www.ayari-racing.com\/#website"},"primaryImageOfPage":{"@id":"https:\/\/www.ayari-racing.com\/index.php\/2019\/07\/04\/ledenon-ffsa-gt-se-racheter-avant-lete\/#primaryimage"},"image":{"@id":"https:\/\/www.ayari-racing.com\/index.php\/2019\/07\/04\/ledenon-ffsa-gt-se-racheter-avant-lete\/#primaryimage"},"thumbnailUrl":"https:\/\/www.ayari-racing.com\/wp-content\/uploads\/2019\/07\/A4V_PosterLedenon-4@100.jpg","datePublished":"2019-07-04T12:53:39+00:00","dateModified":"2019-07-04T13:00:33+00:00","breadcrumb":{"@id":"https:\/\/www.ayari-racing.com\/index.php\/2019\/07\/04\/ledenon-ffsa-gt-se-racheter-avant-lete\/#breadcrumb"},"inLanguage":"fr-FR","potentialAction":[{"@type":"ReadAction","target":["https:\/\/www.ayari-racing.com\/index.php\/2019\/07\/04\/ledenon-ffsa-gt-se-racheter-avant-lete\/"]}]},{"@type":"ImageObject","inLanguage":"fr-FR","@id":"https:\/\/www.ayari-racing.com\/index.php\/2019\/07\/04\/ledenon-ffsa-gt-se-racheter-avant-lete\/#primaryimage","url":"https:\/\/www.ayari-racing.com\/wp-content\/uploads\/2019\/07\/A4V_PosterLedenon-4@100.jpg","contentUrl":"https:\/\/www.ayari-racing.com\/wp-content\/uploads\/2019\/07\/A4V_PosterLedenon-4@100.jpg","width":1090,"height":1536},{"@type":"BreadcrumbList","@id":"https:\/\/www.ayari-racing.com\/index.php\/2019\/07\/04\/ledenon-ffsa-gt-se-racheter-avant-lete\/#breadcrumb","itemListElement":[{"@type":"ListItem","position":1,"name":"Home","item":"https:\/\/www.ayari-racing.com\/"},{"@type":"ListItem","position":2,"name":"L\u00c9DENON FFSA GT : SE RACHETER AVANT L\u2019\u00c9T\u00c9 !"}]},{"@type":"WebSite","@id":"https:\/\/www.ayari-racing.com\/#website","url":"https:\/\/www.ayari-racing.com\/","name":"ayari-racing","description":"Soheil Ayari, pilote automobile endurance, GT, coach de pilote","publisher":{"@id":"https:\/\/www.ayari-racing.com\/#\/schema\/person\/32075f08efe1cf46ce5349d830333784"},"potentialAction":[{"@type":"SearchAction","target":{"@type":"EntryPoint","urlTemplate":"https:\/\/www.ayari-racing.com\/?s={search_term_string}"},"query-input":{"@type":"PropertyValueSpecification","valueRequired":true,"valueName":"search_term_string"}}],"inLanguage":"fr-FR"},{"@type":["Person","Organization"],"@id":"https:\/\/www.ayari-racing.com\/#\/schema\/person\/32075f08efe1cf46ce5349d830333784","name":"Ayari sassan","image":{"@type":"ImageObject","inLanguage":"fr-FR","@id":"https:\/\/www.ayari-racing.com\/#\/schema\/person\/image\/","url":"https:\/\/secure.gravatar.com\/avatar\/635fd46f213a2db5866407af58082930?s=96&d=mm&r=g","contentUrl":"https:\/\/secure.gravatar.com\/avatar\/635fd46f213a2db5866407af58082930?s=96&d=mm&r=g","caption":"Ayari sassan"},"logo":{"@id":"https:\/\/www.ayari-racing.com\/#\/schema\/person\/image\/"},"sameAs":["http:\/\/www.acom-evenements.com"]}]}},"_links":{"self":[{"href":"https:\/\/www.ayari-racing.com\/index.php\/wp-json\/wp\/v2\/posts\/8865"}],"collection":[{"href":"https:\/\/www.ayari-racing.com\/index.php\/wp-json\/wp\/v2\/posts"}],"about":[{"href":"https:\/\/www.ayari-racing.com\/index.php\/wp-json\/wp\/v2\/types\/post"}],"author":[{"embeddable":true,"href":"https:\/\/www.ayari-racing.com\/index.php\/wp-json\/wp\/v2\/users\/4"}],"replies":[{"embeddable":true,"href":"https:\/\/www.ayari-racing.com\/index.php\/wp-json\/wp\/v2\/comments?post=8865"}],"version-history":[{"count":4,"href":"https:\/\/www.ayari-racing.com\/index.php\/wp-json\/wp\/v2\/posts\/8865\/revisions"}],"predecessor-version":[{"id":8875,"href":"https:\/\/www.ayari-racing.com\/index.php\/wp-json\/wp\/v2\/posts\/8865\/revisions\/8875"}],"wp:featuredmedia":[{"embeddable":true,"href":"https:\/\/www.ayari-racing.com\/index.php\/wp-json\/wp\/v2\/media\/8872"}],"wp:attachment":[{"href":"https:\/\/www.ayari-racing.com\/index.php\/wp-json\/wp\/v2\/media?parent=8865"}],"wp:term":[{"taxonomy":"category","embeddable":true,"href":"https:\/\/www.ayari-racing.com\/index.php\/wp-json\/wp\/v2\/categories?post=8865"},{"taxonomy":"post_tag","embeddable":true,"href":"https:\/\/www.ayari-racing.com\/index.php\/wp-json\/wp\/v2\/tags?post=8865"}],"curies":[{"name":"wp","href":"https:\/\/api.w.org\/{rel}","templated":true}]}}