{"id":8937,"date":"2021-05-16T08:40:41","date_gmt":"2021-05-16T06:40:41","guid":{"rendered":"http:\/\/www.ayari-racing.com\/?p=8937"},"modified":"2021-05-16T08:41:48","modified_gmt":"2021-05-16T06:41:48","slug":"meeting-ffsa-gt-de-magny-cours-trahi-par-son-moteur","status":"publish","type":"post","link":"https:\/\/www.ayari-racing.com\/index.php\/2021\/05\/16\/meeting-ffsa-gt-de-magny-cours-trahi-par-son-moteur\/","title":{"rendered":"MEETING FFSA GT DE MAGNY-COURS : TRAHI PAR SON MOTEUR"},"content":{"rendered":"\n<p><span style=\"color: #000000;\">Pour son retour en FFSA GT apr\u00e8s une saison 2020 stopp\u00e9e par la crise sanitaire, Soheil avait du pain sur la planche ! Les deux s\u00e9ances d&rsquo;essais libres n&rsquo;\u00e9taient pas de trop pour r\u00e9gler L&rsquo;AUDI R8 GT4 qu&rsquo;il partage avec le Lyonnais Jean-Paul BUFFIN.<\/span><\/p>\n<p><img loading=\"lazy\" decoding=\"async\" class=\"size-full wp-image-8972 aligncenter\" src=\"http:\/\/www.ayari-racing.com\/wp-content\/uploads\/2021\/05\/1m5e_SoheilAYARIMAGNYCOURS1.jpg\" alt=\"SOHEIL AAYRI FFSA GT 1\" width=\"600\" height=\"451\" srcset=\"https:\/\/www.ayari-racing.com\/wp-content\/uploads\/2021\/05\/1m5e_SoheilAYARIMAGNYCOURS1.jpg 600w, https:\/\/www.ayari-racing.com\/wp-content\/uploads\/2021\/05\/1m5e_SoheilAYARIMAGNYCOURS1-300x226.jpg 300w\" sizes=\"(max-width: 600px) 100vw, 600px\" \/><\/p>\n<div><span style=\"color: #000000;\">Parmi les 35 voitures en piste, la #44 n&rsquo;a pu se m\u00ealer \u00e0 la lutte et a souffert tout le week-end de micro-coupures moteur. Cherchant dans un premier temps du c\u00f4t\u00e9 des r\u00e9glages ch\u00e2ssis, les pilotes ont d\u00e9cel\u00e9 le soucis du propulseur Audi un peu plus tard, sans pouvoir le r\u00e9soudre.<\/span><\/div>\n<div>\u00a0<\/div>\n<div><span style=\"color: #000000;\">En perdant entre 1 et 2\u00a0\u00bb au tour, difficile d\u2019esp\u00e9rer mieux qu&rsquo;une lointaine 30e place en qualifications et une remont\u00e9e en 22e et en 26e places en course.<\/span><\/div>\n<div>\u00a0<\/div>\n<div><img loading=\"lazy\" decoding=\"async\" class=\"size-full wp-image-8971 aligncenter\" src=\"http:\/\/www.ayari-racing.com\/wp-content\/uploads\/2021\/05\/1m5e_SoheilAYARIMAGNYCOURS.jpg\" alt=\"SOHEIL AAYRI FFSA GT\" width=\"600\" height=\"298\" srcset=\"https:\/\/www.ayari-racing.com\/wp-content\/uploads\/2021\/05\/1m5e_SoheilAYARIMAGNYCOURS.jpg 600w, https:\/\/www.ayari-racing.com\/wp-content\/uploads\/2021\/05\/1m5e_SoheilAYARIMAGNYCOURS-300x149.jpg 300w\" sizes=\"(max-width: 600px) 100vw, 600px\" \/><\/div>\n<div>\u00a0<\/div>\n<div>\n<div><span style=\"color: #000000;\">Rendez-vous maintenant sur le Circuit d&rsquo;Albi les 4, 5 et 6 juin.<\/span><\/div>\n<div>\u00a0<\/div>\n<div><span style=\"color: #000000;\">\ud83d\udc49 Plus d&rsquo;infos sur le meeting FFSA GT de Magny-Cours et le championnat 2021 : <a style=\"color: #000000;\" href=\"https:\/\/ffsagt.gt4series.com\/\"><b>CLIQUER ICI<\/b><\/a>.<\/span><\/div>\n<\/div>\n<div>\u00a0<\/div>\n","protected":false},"excerpt":{"rendered":"<p>Pour son retour en FFSA GT apr\u00e8s une saison 2020 stopp\u00e9e par la crise sanitaire, Soheil avait du pain sur la planche ! Les deux s\u00e9ances d&rsquo;essais libres n&rsquo;\u00e9taient pas de trop pour r\u00e9gler L&rsquo;AUDI R8 GT4 qu&rsquo;il partage avec le Lyonnais Jean-Paul BUFFIN. Parmi&#8230;<\/p>\n","protected":false},"author":4,"featured_media":8971,"comment_status":"open","ping_status":"open","sticky":false,"template":"","format":"standard","meta":{"_exactmetrics_skip_tracking":false,"_exactmetrics_sitenote_active":false,"_exactmetrics_sitenote_note":"","_exactmetrics_sitenote_category":0,"footnotes":""},"categories":[1],"tags":[],"yoast_head":"<!-- This site is optimized with the Yoast SEO plugin v24.5 - https:\/\/yoast.com\/wordpress\/plugins\/seo\/ -->\n<title>MEETING FFSA GT DE MAGNY-COURS : TRAHI PAR SON MOTEUR - ayari-racing<\/title>\n<meta name=\"robots\" content=\"index, follow, max-snippet:-1, max-image-preview:large, max-video-preview:-1\" \/>\n<link rel=\"canonical\" href=\"https:\/\/www.ayari-racing.com\/index.php\/2021\/05\/16\/meeting-ffsa-gt-de-magny-cours-trahi-par-son-moteur\/\" \/>\n<meta property=\"og:locale\" content=\"fr_FR\" \/>\n<meta property=\"og:type\" content=\"article\" \/>\n<meta property=\"og:title\" content=\"MEETING FFSA GT DE MAGNY-COURS : TRAHI PAR SON MOTEUR - ayari-racing\" \/>\n<meta property=\"og:description\" content=\"Pour son retour en FFSA GT apr\u00e8s une saison 2020 stopp\u00e9e par la crise sanitaire, Soheil avait du pain sur la planche ! Les deux s\u00e9ances d&rsquo;essais libres n&rsquo;\u00e9taient pas de trop pour r\u00e9gler L&rsquo;AUDI R8 GT4 qu&rsquo;il partage avec le Lyonnais Jean-Paul BUFFIN. Parmi...\" \/>\n<meta property=\"og:url\" content=\"https:\/\/www.ayari-racing.com\/index.php\/2021\/05\/16\/meeting-ffsa-gt-de-magny-cours-trahi-par-son-moteur\/\" \/>\n<meta property=\"og:site_name\" content=\"ayari-racing\" \/>\n<meta property=\"article:published_time\" content=\"2021-05-16T06:40:41+00:00\" \/>\n<meta property=\"article:modified_time\" content=\"2021-05-16T06:41:48+00:00\" \/>\n<meta property=\"og:image\" content=\"https:\/\/www.ayari-racing.com\/wp-content\/uploads\/2021\/05\/1m5e_SoheilAYARIMAGNYCOURS.jpg\" \/>\n\t<meta property=\"og:image:width\" content=\"600\" \/>\n\t<meta property=\"og:image:height\" content=\"298\" \/>\n\t<meta property=\"og:image:type\" content=\"image\/jpeg\" \/>\n<meta name=\"author\" content=\"Ayari sassan\" \/>\n<meta name=\"twitter:card\" content=\"summary_large_image\" \/>\n<meta name=\"twitter:label1\" content=\"\u00c9crit par\" \/>\n\t<meta name=\"twitter:data1\" content=\"Ayari sassan\" \/>\n\t<meta name=\"twitter:label2\" content=\"Dur\u00e9e de lecture estim\u00e9e\" \/>\n\t<meta name=\"twitter:data2\" content=\"2 minutes\" \/>\n<script type=\"application\/ld+json\" class=\"yoast-schema-graph\">{\"@context\":\"https:\/\/schema.org\",\"@graph\":[{\"@type\":\"Article\",\"@id\":\"https:\/\/www.ayari-racing.com\/index.php\/2021\/05\/16\/meeting-ffsa-gt-de-magny-cours-trahi-par-son-moteur\/#article\",\"isPartOf\":{\"@id\":\"https:\/\/www.ayari-racing.com\/index.php\/2021\/05\/16\/meeting-ffsa-gt-de-magny-cours-trahi-par-son-moteur\/\"},\"author\":{\"name\":\"Ayari sassan\",\"@id\":\"https:\/\/www.ayari-racing.com\/#\/schema\/person\/32075f08efe1cf46ce5349d830333784\"},\"headline\":\"MEETING FFSA GT DE MAGNY-COURS : TRAHI PAR SON MOTEUR\",\"datePublished\":\"2021-05-16T06:40:41+00:00\",\"dateModified\":\"2021-05-16T06:41:48+00:00\",\"mainEntityOfPage\":{\"@id\":\"https:\/\/www.ayari-racing.com\/index.php\/2021\/05\/16\/meeting-ffsa-gt-de-magny-cours-trahi-par-son-moteur\/\"},\"wordCount\":163,\"commentCount\":0,\"publisher\":{\"@id\":\"https:\/\/www.ayari-racing.com\/#\/schema\/person\/32075f08efe1cf46ce5349d830333784\"},\"image\":{\"@id\":\"https:\/\/www.ayari-racing.com\/index.php\/2021\/05\/16\/meeting-ffsa-gt-de-magny-cours-trahi-par-son-moteur\/#primaryimage\"},\"thumbnailUrl\":\"https:\/\/www.ayari-racing.com\/wp-content\/uploads\/2021\/05\/1m5e_SoheilAYARIMAGNYCOURS.jpg\",\"inLanguage\":\"fr-FR\",\"potentialAction\":[{\"@type\":\"CommentAction\",\"name\":\"Comment\",\"target\":[\"https:\/\/www.ayari-racing.com\/index.php\/2021\/05\/16\/meeting-ffsa-gt-de-magny-cours-trahi-par-son-moteur\/#respond\"]}]},{\"@type\":\"WebPage\",\"@id\":\"https:\/\/www.ayari-racing.com\/index.php\/2021\/05\/16\/meeting-ffsa-gt-de-magny-cours-trahi-par-son-moteur\/\",\"url\":\"https:\/\/www.ayari-racing.com\/index.php\/2021\/05\/16\/meeting-ffsa-gt-de-magny-cours-trahi-par-son-moteur\/\",\"name\":\"MEETING FFSA GT DE MAGNY-COURS : TRAHI PAR SON MOTEUR - ayari-racing\",\"isPartOf\":{\"@id\":\"https:\/\/www.ayari-racing.com\/#website\"},\"primaryImageOfPage\":{\"@id\":\"https:\/\/www.ayari-racing.com\/index.php\/2021\/05\/16\/meeting-ffsa-gt-de-magny-cours-trahi-par-son-moteur\/#primaryimage\"},\"image\":{\"@id\":\"https:\/\/www.ayari-racing.com\/index.php\/2021\/05\/16\/meeting-ffsa-gt-de-magny-cours-trahi-par-son-moteur\/#primaryimage\"},\"thumbnailUrl\":\"https:\/\/www.ayari-racing.com\/wp-content\/uploads\/2021\/05\/1m5e_SoheilAYARIMAGNYCOURS.jpg\",\"datePublished\":\"2021-05-16T06:40:41+00:00\",\"dateModified\":\"2021-05-16T06:41:48+00:00\",\"breadcrumb\":{\"@id\":\"https:\/\/www.ayari-racing.com\/index.php\/2021\/05\/16\/meeting-ffsa-gt-de-magny-cours-trahi-par-son-moteur\/#breadcrumb\"},\"inLanguage\":\"fr-FR\",\"potentialAction\":[{\"@type\":\"ReadAction\",\"target\":[\"https:\/\/www.ayari-racing.com\/index.php\/2021\/05\/16\/meeting-ffsa-gt-de-magny-cours-trahi-par-son-moteur\/\"]}]},{\"@type\":\"ImageObject\",\"inLanguage\":\"fr-FR\",\"@id\":\"https:\/\/www.ayari-racing.com\/index.php\/2021\/05\/16\/meeting-ffsa-gt-de-magny-cours-trahi-par-son-moteur\/#primaryimage\",\"url\":\"https:\/\/www.ayari-racing.com\/wp-content\/uploads\/2021\/05\/1m5e_SoheilAYARIMAGNYCOURS.jpg\",\"contentUrl\":\"https:\/\/www.ayari-racing.com\/wp-content\/uploads\/2021\/05\/1m5e_SoheilAYARIMAGNYCOURS.jpg\",\"width\":600,\"height\":298,\"caption\":\"SOHEIL AAYRI FFSA GT\"},{\"@type\":\"BreadcrumbList\",\"@id\":\"https:\/\/www.ayari-racing.com\/index.php\/2021\/05\/16\/meeting-ffsa-gt-de-magny-cours-trahi-par-son-moteur\/#breadcrumb\",\"itemListElement\":[{\"@type\":\"ListItem\",\"position\":1,\"name\":\"Home\",\"item\":\"https:\/\/www.ayari-racing.com\/\"},{\"@type\":\"ListItem\",\"position\":2,\"name\":\"MEETING FFSA GT DE MAGNY-COURS : TRAHI PAR SON MOTEUR\"}]},{\"@type\":\"WebSite\",\"@id\":\"https:\/\/www.ayari-racing.com\/#website\",\"url\":\"https:\/\/www.ayari-racing.com\/\",\"name\":\"ayari-racing\",\"description\":\"Soheil Ayari, pilote automobile endurance, GT, coach de pilote\",\"publisher\":{\"@id\":\"https:\/\/www.ayari-racing.com\/#\/schema\/person\/32075f08efe1cf46ce5349d830333784\"},\"potentialAction\":[{\"@type\":\"SearchAction\",\"target\":{\"@type\":\"EntryPoint\",\"urlTemplate\":\"https:\/\/www.ayari-racing.com\/?s={search_term_string}\"},\"query-input\":{\"@type\":\"PropertyValueSpecification\",\"valueRequired\":true,\"valueName\":\"search_term_string\"}}],\"inLanguage\":\"fr-FR\"},{\"@type\":[\"Person\",\"Organization\"],\"@id\":\"https:\/\/www.ayari-racing.com\/#\/schema\/person\/32075f08efe1cf46ce5349d830333784\",\"name\":\"Ayari sassan\",\"image\":{\"@type\":\"ImageObject\",\"inLanguage\":\"fr-FR\",\"@id\":\"https:\/\/www.ayari-racing.com\/#\/schema\/person\/image\/\",\"url\":\"https:\/\/secure.gravatar.com\/avatar\/635fd46f213a2db5866407af58082930?s=96&d=mm&r=g\",\"contentUrl\":\"https:\/\/secure.gravatar.com\/avatar\/635fd46f213a2db5866407af58082930?s=96&d=mm&r=g\",\"caption\":\"Ayari sassan\"},\"logo\":{\"@id\":\"https:\/\/www.ayari-racing.com\/#\/schema\/person\/image\/\"},\"sameAs\":[\"http:\/\/www.acom-evenements.com\"]}]}<\/script>\n<!-- \/ Yoast SEO plugin. -->","yoast_head_json":{"title":"MEETING FFSA GT DE MAGNY-COURS : TRAHI PAR SON MOTEUR - ayari-racing","robots":{"index":"index","follow":"follow","max-snippet":"max-snippet:-1","max-image-preview":"max-image-preview:large","max-video-preview":"max-video-preview:-1"},"canonical":"https:\/\/www.ayari-racing.com\/index.php\/2021\/05\/16\/meeting-ffsa-gt-de-magny-cours-trahi-par-son-moteur\/","og_locale":"fr_FR","og_type":"article","og_title":"MEETING FFSA GT DE MAGNY-COURS : TRAHI PAR SON MOTEUR - ayari-racing","og_description":"Pour son retour en FFSA GT apr\u00e8s une saison 2020 stopp\u00e9e par la crise sanitaire, Soheil avait du pain sur la planche ! Les deux s\u00e9ances d&rsquo;essais libres n&rsquo;\u00e9taient pas de trop pour r\u00e9gler L&rsquo;AUDI R8 GT4 qu&rsquo;il partage avec le Lyonnais Jean-Paul BUFFIN. Parmi...","og_url":"https:\/\/www.ayari-racing.com\/index.php\/2021\/05\/16\/meeting-ffsa-gt-de-magny-cours-trahi-par-son-moteur\/","og_site_name":"ayari-racing","article_published_time":"2021-05-16T06:40:41+00:00","article_modified_time":"2021-05-16T06:41:48+00:00","og_image":[{"width":600,"height":298,"url":"https:\/\/www.ayari-racing.com\/wp-content\/uploads\/2021\/05\/1m5e_SoheilAYARIMAGNYCOURS.jpg","type":"image\/jpeg"}],"author":"Ayari sassan","twitter_card":"summary_large_image","twitter_misc":{"\u00c9crit par":"Ayari sassan","Dur\u00e9e de lecture estim\u00e9e":"2 minutes"},"schema":{"@context":"https:\/\/schema.org","@graph":[{"@type":"Article","@id":"https:\/\/www.ayari-racing.com\/index.php\/2021\/05\/16\/meeting-ffsa-gt-de-magny-cours-trahi-par-son-moteur\/#article","isPartOf":{"@id":"https:\/\/www.ayari-racing.com\/index.php\/2021\/05\/16\/meeting-ffsa-gt-de-magny-cours-trahi-par-son-moteur\/"},"author":{"name":"Ayari sassan","@id":"https:\/\/www.ayari-racing.com\/#\/schema\/person\/32075f08efe1cf46ce5349d830333784"},"headline":"MEETING FFSA GT DE MAGNY-COURS : TRAHI PAR SON MOTEUR","datePublished":"2021-05-16T06:40:41+00:00","dateModified":"2021-05-16T06:41:48+00:00","mainEntityOfPage":{"@id":"https:\/\/www.ayari-racing.com\/index.php\/2021\/05\/16\/meeting-ffsa-gt-de-magny-cours-trahi-par-son-moteur\/"},"wordCount":163,"commentCount":0,"publisher":{"@id":"https:\/\/www.ayari-racing.com\/#\/schema\/person\/32075f08efe1cf46ce5349d830333784"},"image":{"@id":"https:\/\/www.ayari-racing.com\/index.php\/2021\/05\/16\/meeting-ffsa-gt-de-magny-cours-trahi-par-son-moteur\/#primaryimage"},"thumbnailUrl":"https:\/\/www.ayari-racing.com\/wp-content\/uploads\/2021\/05\/1m5e_SoheilAYARIMAGNYCOURS.jpg","inLanguage":"fr-FR","potentialAction":[{"@type":"CommentAction","name":"Comment","target":["https:\/\/www.ayari-racing.com\/index.php\/2021\/05\/16\/meeting-ffsa-gt-de-magny-cours-trahi-par-son-moteur\/#respond"]}]},{"@type":"WebPage","@id":"https:\/\/www.ayari-racing.com\/index.php\/2021\/05\/16\/meeting-ffsa-gt-de-magny-cours-trahi-par-son-moteur\/","url":"https:\/\/www.ayari-racing.com\/index.php\/2021\/05\/16\/meeting-ffsa-gt-de-magny-cours-trahi-par-son-moteur\/","name":"MEETING FFSA GT DE MAGNY-COURS : TRAHI PAR SON MOTEUR - ayari-racing","isPartOf":{"@id":"https:\/\/www.ayari-racing.com\/#website"},"primaryImageOfPage":{"@id":"https:\/\/www.ayari-racing.com\/index.php\/2021\/05\/16\/meeting-ffsa-gt-de-magny-cours-trahi-par-son-moteur\/#primaryimage"},"image":{"@id":"https:\/\/www.ayari-racing.com\/index.php\/2021\/05\/16\/meeting-ffsa-gt-de-magny-cours-trahi-par-son-moteur\/#primaryimage"},"thumbnailUrl":"https:\/\/www.ayari-racing.com\/wp-content\/uploads\/2021\/05\/1m5e_SoheilAYARIMAGNYCOURS.jpg","datePublished":"2021-05-16T06:40:41+00:00","dateModified":"2021-05-16T06:41:48+00:00","breadcrumb":{"@id":"https:\/\/www.ayari-racing.com\/index.php\/2021\/05\/16\/meeting-ffsa-gt-de-magny-cours-trahi-par-son-moteur\/#breadcrumb"},"inLanguage":"fr-FR","potentialAction":[{"@type":"ReadAction","target":["https:\/\/www.ayari-racing.com\/index.php\/2021\/05\/16\/meeting-ffsa-gt-de-magny-cours-trahi-par-son-moteur\/"]}]},{"@type":"ImageObject","inLanguage":"fr-FR","@id":"https:\/\/www.ayari-racing.com\/index.php\/2021\/05\/16\/meeting-ffsa-gt-de-magny-cours-trahi-par-son-moteur\/#primaryimage","url":"https:\/\/www.ayari-racing.com\/wp-content\/uploads\/2021\/05\/1m5e_SoheilAYARIMAGNYCOURS.jpg","contentUrl":"https:\/\/www.ayari-racing.com\/wp-content\/uploads\/2021\/05\/1m5e_SoheilAYARIMAGNYCOURS.jpg","width":600,"height":298,"caption":"SOHEIL AAYRI FFSA GT"},{"@type":"BreadcrumbList","@id":"https:\/\/www.ayari-racing.com\/index.php\/2021\/05\/16\/meeting-ffsa-gt-de-magny-cours-trahi-par-son-moteur\/#breadcrumb","itemListElement":[{"@type":"ListItem","position":1,"name":"Home","item":"https:\/\/www.ayari-racing.com\/"},{"@type":"ListItem","position":2,"name":"MEETING FFSA GT DE MAGNY-COURS : TRAHI PAR SON MOTEUR"}]},{"@type":"WebSite","@id":"https:\/\/www.ayari-racing.com\/#website","url":"https:\/\/www.ayari-racing.com\/","name":"ayari-racing","description":"Soheil Ayari, pilote automobile endurance, GT, coach de pilote","publisher":{"@id":"https:\/\/www.ayari-racing.com\/#\/schema\/person\/32075f08efe1cf46ce5349d830333784"},"potentialAction":[{"@type":"SearchAction","target":{"@type":"EntryPoint","urlTemplate":"https:\/\/www.ayari-racing.com\/?s={search_term_string}"},"query-input":{"@type":"PropertyValueSpecification","valueRequired":true,"valueName":"search_term_string"}}],"inLanguage":"fr-FR"},{"@type":["Person","Organization"],"@id":"https:\/\/www.ayari-racing.com\/#\/schema\/person\/32075f08efe1cf46ce5349d830333784","name":"Ayari sassan","image":{"@type":"ImageObject","inLanguage":"fr-FR","@id":"https:\/\/www.ayari-racing.com\/#\/schema\/person\/image\/","url":"https:\/\/secure.gravatar.com\/avatar\/635fd46f213a2db5866407af58082930?s=96&d=mm&r=g","contentUrl":"https:\/\/secure.gravatar.com\/avatar\/635fd46f213a2db5866407af58082930?s=96&d=mm&r=g","caption":"Ayari sassan"},"logo":{"@id":"https:\/\/www.ayari-racing.com\/#\/schema\/person\/image\/"},"sameAs":["http:\/\/www.acom-evenements.com"]}]}},"_links":{"self":[{"href":"https:\/\/www.ayari-racing.com\/index.php\/wp-json\/wp\/v2\/posts\/8937"}],"collection":[{"href":"https:\/\/www.ayari-racing.com\/index.php\/wp-json\/wp\/v2\/posts"}],"about":[{"href":"https:\/\/www.ayari-racing.com\/index.php\/wp-json\/wp\/v2\/types\/post"}],"author":[{"embeddable":true,"href":"https:\/\/www.ayari-racing.com\/index.php\/wp-json\/wp\/v2\/users\/4"}],"replies":[{"embeddable":true,"href":"https:\/\/www.ayari-racing.com\/index.php\/wp-json\/wp\/v2\/comments?post=8937"}],"version-history":[{"count":3,"href":"https:\/\/www.ayari-racing.com\/index.php\/wp-json\/wp\/v2\/posts\/8937\/revisions"}],"predecessor-version":[{"id":8982,"href":"https:\/\/www.ayari-racing.com\/index.php\/wp-json\/wp\/v2\/posts\/8937\/revisions\/8982"}],"wp:featuredmedia":[{"embeddable":true,"href":"https:\/\/www.ayari-racing.com\/index.php\/wp-json\/wp\/v2\/media\/8971"}],"wp:attachment":[{"href":"https:\/\/www.ayari-racing.com\/index.php\/wp-json\/wp\/v2\/media?parent=8937"}],"wp:term":[{"taxonomy":"category","embeddable":true,"href":"https:\/\/www.ayari-racing.com\/index.php\/wp-json\/wp\/v2\/categories?post=8937"},{"taxonomy":"post_tag","embeddable":true,"href":"https:\/\/www.ayari-racing.com\/index.php\/wp-json\/wp\/v2\/tags?post=8937"}],"curies":[{"name":"wp","href":"https:\/\/api.w.org\/{rel}","templated":true}]}}