{"id":8999,"date":"2021-06-08T07:31:29","date_gmt":"2021-06-08T05:31:29","guid":{"rendered":"https:\/\/www.ayari-racing.com\/?p=8999"},"modified":"2021-06-08T07:38:56","modified_gmt":"2021-06-08T05:38:56","slug":"meeting-ffsa-gt-dalbi-laudi-en-manque-de-reglages","status":"publish","type":"post","link":"https:\/\/www.ayari-racing.com\/index.php\/2021\/06\/08\/meeting-ffsa-gt-dalbi-laudi-en-manque-de-reglages\/","title":{"rendered":"MEETING FFSA GT D&rsquo;ALBI &#8211; L&rsquo;AUDI R8 EN MANQUE DE R\u00c9GLAGES."},"content":{"rendered":"<p><span style=\"font-size: 18pt; color: #000000;\"><strong>MEETING FFSA GT D&rsquo;ALBI &#8211; L&rsquo;AUDI R8 EN MANQUE DE R\u00c9GLAGES.<\/strong><\/span><\/p>\n<p><span style=\"color: #000000;\">Le second meeting FFSA GT du tandem Soheil AYARI-Jean-Paul BUFFIN n&rsquo;a pas apport\u00e9 l&#8217;embellie esp\u00e9r\u00e9e, apr\u00e8s l&rsquo;\u00e9preuve inaugurale de Magny-Cours o\u00f9 le duo \u00e9tait victime de coupures moteur.<\/span><\/p>\n<p><img loading=\"lazy\" decoding=\"async\" class=\"alignleft wp-image-9001\" src=\"http:\/\/www.ayari-racing.com\/wp-content\/uploads\/2021\/06\/GT4-Albi-2781.jpg\" alt=\"\" width=\"377\" height=\"251\" srcset=\"https:\/\/www.ayari-racing.com\/wp-content\/uploads\/2021\/06\/GT4-Albi-2781.jpg 1200w, https:\/\/www.ayari-racing.com\/wp-content\/uploads\/2021\/06\/GT4-Albi-2781-300x200.jpg 300w, https:\/\/www.ayari-racing.com\/wp-content\/uploads\/2021\/06\/GT4-Albi-2781-1030x687.jpg 1030w, https:\/\/www.ayari-racing.com\/wp-content\/uploads\/2021\/06\/GT4-Albi-2781-768x512.jpg 768w, https:\/\/www.ayari-racing.com\/wp-content\/uploads\/2021\/06\/GT4-Albi-2781-700x467.jpg 700w\" sizes=\"(max-width: 377px) 100vw, 377px\" \/><\/p>\n<p><span style=\"color: #000000;\">Sur le rapide trac\u00e9 tarnais, o\u00f9 Soheil a gagn\u00e9 dans toutes les cat\u00e9gories, le Team Speedcar et ses pilotes n&rsquo;ont pas r\u00e9ussi \u00e0 apporter les bons r\u00e9glages de suspensions, et m\u00eame avec son exp\u00e9rience le pilote d&rsquo;Aix-les-Bains a rarement pu \u00eatre dans son rythme habituel.<\/span><\/p>\n<p><span style=\"color: #000000;\">\u00ab\u00a0<em>Nous avons fait des qualifications catastrophiques, l&rsquo;auto n&rsquo;\u00e9tait pas \u00e0 l&rsquo;aise sur les vibreurs d&rsquo;Albi, cela nous a fait perdre de pr\u00e9cieux dixi\u00e8mes. En course, lorsque j&rsquo;ai pris l&rsquo;auto, cela allait mieux et mes temps au tour \u00e9taient assez bons. Mais le lendemain pour la Course 2, j&rsquo;ai constat\u00e9 qu&rsquo;avec le plein d&rsquo;essence les probl\u00e8mes d&rsquo;\u00e9quilibre de l&rsquo;auto revenaient.<\/em>\u00a0\u00bb commentait Soheil.<\/span><\/p>\n<p>&nbsp;<\/p>\n<p><img loading=\"lazy\" decoding=\"async\" class=\"size-full wp-image-9002 aligncenter\" src=\"http:\/\/www.ayari-racing.com\/wp-content\/uploads\/2021\/06\/GT4-Albi-3829.jpg\" alt=\"Soheil AYARI GT FFSA\" width=\"1022\" height=\"433\" srcset=\"https:\/\/www.ayari-racing.com\/wp-content\/uploads\/2021\/06\/GT4-Albi-3829.jpg 1022w, https:\/\/www.ayari-racing.com\/wp-content\/uploads\/2021\/06\/GT4-Albi-3829-300x127.jpg 300w, https:\/\/www.ayari-racing.com\/wp-content\/uploads\/2021\/06\/GT4-Albi-3829-768x325.jpg 768w, https:\/\/www.ayari-racing.com\/wp-content\/uploads\/2021\/06\/GT4-Albi-3829-700x297.jpg 700w\" sizes=\"(max-width: 1022px) 100vw, 1022px\" \/><\/p>\n<p><span style=\"color: #000000;\">Apr\u00e8s deux r\u00e9sultats au-del\u00e0 de la 20e places \u00e0 Albi, l&rsquo;\u00e9quipe devra travailler avec ses pilotes pour trouver enfin les bons r\u00e9glages de suspensions lors de s\u00e9ances d&rsquo;essais priv\u00e9s. <\/span><\/p>\n<p><span style=\"color: #000000;\">Prochaine manque \u00e0 Spa fin juillet.<\/span><\/p>\n","protected":false},"excerpt":{"rendered":"<p>MEETING FFSA GT D&rsquo;ALBI &#8211; L&rsquo;AUDI R8 EN MANQUE DE R\u00c9GLAGES. Le second meeting FFSA GT du tandem Soheil AYARI-Jean-Paul BUFFIN n&rsquo;a pas apport\u00e9 l&#8217;embellie esp\u00e9r\u00e9e, apr\u00e8s l&rsquo;\u00e9preuve inaugurale de Magny-Cours o\u00f9 le duo \u00e9tait victime de coupures moteur. Sur le rapide trac\u00e9 tarnais, o\u00f9&#8230;<\/p>\n","protected":false},"author":4,"featured_media":9000,"comment_status":"open","ping_status":"open","sticky":false,"template":"","format":"standard","meta":{"_exactmetrics_skip_tracking":false,"_exactmetrics_sitenote_active":false,"_exactmetrics_sitenote_note":"","_exactmetrics_sitenote_category":0,"footnotes":""},"categories":[1],"tags":[],"yoast_head":"<!-- This site is optimized with the Yoast SEO plugin v24.5 - https:\/\/yoast.com\/wordpress\/plugins\/seo\/ -->\n<title>MEETING FFSA GT D&#039;ALBI - L&#039;AUDI R8 EN MANQUE DE R\u00c9GLAGES. - ayari-racing<\/title>\n<meta name=\"robots\" content=\"index, follow, max-snippet:-1, max-image-preview:large, max-video-preview:-1\" \/>\n<link rel=\"canonical\" href=\"https:\/\/www.ayari-racing.com\/index.php\/2021\/06\/08\/meeting-ffsa-gt-dalbi-laudi-en-manque-de-reglages\/\" \/>\n<meta property=\"og:locale\" content=\"fr_FR\" \/>\n<meta property=\"og:type\" content=\"article\" \/>\n<meta property=\"og:title\" content=\"MEETING FFSA GT D&#039;ALBI - L&#039;AUDI R8 EN MANQUE DE R\u00c9GLAGES. - ayari-racing\" \/>\n<meta property=\"og:description\" content=\"MEETING FFSA GT D&rsquo;ALBI &#8211; L&rsquo;AUDI R8 EN MANQUE DE R\u00c9GLAGES. Le second meeting FFSA GT du tandem Soheil AYARI-Jean-Paul BUFFIN n&rsquo;a pas apport\u00e9 l&#8217;embellie esp\u00e9r\u00e9e, apr\u00e8s l&rsquo;\u00e9preuve inaugurale de Magny-Cours o\u00f9 le duo \u00e9tait victime de coupures moteur. Sur le rapide trac\u00e9 tarnais, o\u00f9...\" \/>\n<meta property=\"og:url\" content=\"https:\/\/www.ayari-racing.com\/index.php\/2021\/06\/08\/meeting-ffsa-gt-dalbi-laudi-en-manque-de-reglages\/\" \/>\n<meta property=\"og:site_name\" content=\"ayari-racing\" \/>\n<meta property=\"article:published_time\" content=\"2021-06-08T05:31:29+00:00\" \/>\n<meta property=\"article:modified_time\" content=\"2021-06-08T05:38:56+00:00\" \/>\n<meta property=\"og:image\" content=\"https:\/\/www.ayari-racing.com\/wp-content\/uploads\/2021\/06\/GT4-Albi-3571.jpg\" \/>\n\t<meta property=\"og:image:width\" content=\"1200\" \/>\n\t<meta property=\"og:image:height\" content=\"800\" \/>\n\t<meta property=\"og:image:type\" content=\"image\/jpeg\" \/>\n<meta name=\"author\" content=\"Ayari sassan\" \/>\n<meta name=\"twitter:card\" content=\"summary_large_image\" \/>\n<meta name=\"twitter:label1\" content=\"\u00c9crit par\" \/>\n\t<meta name=\"twitter:data1\" content=\"Ayari sassan\" \/>\n\t<meta name=\"twitter:label2\" content=\"Dur\u00e9e de lecture estim\u00e9e\" \/>\n\t<meta name=\"twitter:data2\" content=\"2 minutes\" \/>\n<script type=\"application\/ld+json\" class=\"yoast-schema-graph\">{\"@context\":\"https:\/\/schema.org\",\"@graph\":[{\"@type\":\"Article\",\"@id\":\"https:\/\/www.ayari-racing.com\/index.php\/2021\/06\/08\/meeting-ffsa-gt-dalbi-laudi-en-manque-de-reglages\/#article\",\"isPartOf\":{\"@id\":\"https:\/\/www.ayari-racing.com\/index.php\/2021\/06\/08\/meeting-ffsa-gt-dalbi-laudi-en-manque-de-reglages\/\"},\"author\":{\"name\":\"Ayari sassan\",\"@id\":\"https:\/\/www.ayari-racing.com\/#\/schema\/person\/32075f08efe1cf46ce5349d830333784\"},\"headline\":\"MEETING FFSA GT D&rsquo;ALBI &#8211; L&rsquo;AUDI R8 EN MANQUE DE R\u00c9GLAGES.\",\"datePublished\":\"2021-06-08T05:31:29+00:00\",\"dateModified\":\"2021-06-08T05:38:56+00:00\",\"mainEntityOfPage\":{\"@id\":\"https:\/\/www.ayari-racing.com\/index.php\/2021\/06\/08\/meeting-ffsa-gt-dalbi-laudi-en-manque-de-reglages\/\"},\"wordCount\":209,\"commentCount\":0,\"publisher\":{\"@id\":\"https:\/\/www.ayari-racing.com\/#\/schema\/person\/32075f08efe1cf46ce5349d830333784\"},\"image\":{\"@id\":\"https:\/\/www.ayari-racing.com\/index.php\/2021\/06\/08\/meeting-ffsa-gt-dalbi-laudi-en-manque-de-reglages\/#primaryimage\"},\"thumbnailUrl\":\"https:\/\/www.ayari-racing.com\/wp-content\/uploads\/2021\/06\/GT4-Albi-3571.jpg\",\"inLanguage\":\"fr-FR\",\"potentialAction\":[{\"@type\":\"CommentAction\",\"name\":\"Comment\",\"target\":[\"https:\/\/www.ayari-racing.com\/index.php\/2021\/06\/08\/meeting-ffsa-gt-dalbi-laudi-en-manque-de-reglages\/#respond\"]}]},{\"@type\":\"WebPage\",\"@id\":\"https:\/\/www.ayari-racing.com\/index.php\/2021\/06\/08\/meeting-ffsa-gt-dalbi-laudi-en-manque-de-reglages\/\",\"url\":\"https:\/\/www.ayari-racing.com\/index.php\/2021\/06\/08\/meeting-ffsa-gt-dalbi-laudi-en-manque-de-reglages\/\",\"name\":\"MEETING FFSA GT D'ALBI - L'AUDI R8 EN MANQUE DE R\u00c9GLAGES. - ayari-racing\",\"isPartOf\":{\"@id\":\"https:\/\/www.ayari-racing.com\/#website\"},\"primaryImageOfPage\":{\"@id\":\"https:\/\/www.ayari-racing.com\/index.php\/2021\/06\/08\/meeting-ffsa-gt-dalbi-laudi-en-manque-de-reglages\/#primaryimage\"},\"image\":{\"@id\":\"https:\/\/www.ayari-racing.com\/index.php\/2021\/06\/08\/meeting-ffsa-gt-dalbi-laudi-en-manque-de-reglages\/#primaryimage\"},\"thumbnailUrl\":\"https:\/\/www.ayari-racing.com\/wp-content\/uploads\/2021\/06\/GT4-Albi-3571.jpg\",\"datePublished\":\"2021-06-08T05:31:29+00:00\",\"dateModified\":\"2021-06-08T05:38:56+00:00\",\"breadcrumb\":{\"@id\":\"https:\/\/www.ayari-racing.com\/index.php\/2021\/06\/08\/meeting-ffsa-gt-dalbi-laudi-en-manque-de-reglages\/#breadcrumb\"},\"inLanguage\":\"fr-FR\",\"potentialAction\":[{\"@type\":\"ReadAction\",\"target\":[\"https:\/\/www.ayari-racing.com\/index.php\/2021\/06\/08\/meeting-ffsa-gt-dalbi-laudi-en-manque-de-reglages\/\"]}]},{\"@type\":\"ImageObject\",\"inLanguage\":\"fr-FR\",\"@id\":\"https:\/\/www.ayari-racing.com\/index.php\/2021\/06\/08\/meeting-ffsa-gt-dalbi-laudi-en-manque-de-reglages\/#primaryimage\",\"url\":\"https:\/\/www.ayari-racing.com\/wp-content\/uploads\/2021\/06\/GT4-Albi-3571.jpg\",\"contentUrl\":\"https:\/\/www.ayari-racing.com\/wp-content\/uploads\/2021\/06\/GT4-Albi-3571.jpg\",\"width\":1200,\"height\":800,\"caption\":\"Soheil AYARI GT FFSA\"},{\"@type\":\"BreadcrumbList\",\"@id\":\"https:\/\/www.ayari-racing.com\/index.php\/2021\/06\/08\/meeting-ffsa-gt-dalbi-laudi-en-manque-de-reglages\/#breadcrumb\",\"itemListElement\":[{\"@type\":\"ListItem\",\"position\":1,\"name\":\"Home\",\"item\":\"https:\/\/www.ayari-racing.com\/\"},{\"@type\":\"ListItem\",\"position\":2,\"name\":\"MEETING FFSA GT D&rsquo;ALBI &#8211; L&rsquo;AUDI R8 EN MANQUE DE R\u00c9GLAGES.\"}]},{\"@type\":\"WebSite\",\"@id\":\"https:\/\/www.ayari-racing.com\/#website\",\"url\":\"https:\/\/www.ayari-racing.com\/\",\"name\":\"ayari-racing\",\"description\":\"Soheil Ayari, pilote automobile endurance, GT, coach de pilote\",\"publisher\":{\"@id\":\"https:\/\/www.ayari-racing.com\/#\/schema\/person\/32075f08efe1cf46ce5349d830333784\"},\"potentialAction\":[{\"@type\":\"SearchAction\",\"target\":{\"@type\":\"EntryPoint\",\"urlTemplate\":\"https:\/\/www.ayari-racing.com\/?s={search_term_string}\"},\"query-input\":{\"@type\":\"PropertyValueSpecification\",\"valueRequired\":true,\"valueName\":\"search_term_string\"}}],\"inLanguage\":\"fr-FR\"},{\"@type\":[\"Person\",\"Organization\"],\"@id\":\"https:\/\/www.ayari-racing.com\/#\/schema\/person\/32075f08efe1cf46ce5349d830333784\",\"name\":\"Ayari sassan\",\"image\":{\"@type\":\"ImageObject\",\"inLanguage\":\"fr-FR\",\"@id\":\"https:\/\/www.ayari-racing.com\/#\/schema\/person\/image\/\",\"url\":\"https:\/\/secure.gravatar.com\/avatar\/635fd46f213a2db5866407af58082930?s=96&d=mm&r=g\",\"contentUrl\":\"https:\/\/secure.gravatar.com\/avatar\/635fd46f213a2db5866407af58082930?s=96&d=mm&r=g\",\"caption\":\"Ayari sassan\"},\"logo\":{\"@id\":\"https:\/\/www.ayari-racing.com\/#\/schema\/person\/image\/\"},\"sameAs\":[\"http:\/\/www.acom-evenements.com\"]}]}<\/script>\n<!-- \/ Yoast SEO plugin. -->","yoast_head_json":{"title":"MEETING FFSA GT D'ALBI - L'AUDI R8 EN MANQUE DE R\u00c9GLAGES. - ayari-racing","robots":{"index":"index","follow":"follow","max-snippet":"max-snippet:-1","max-image-preview":"max-image-preview:large","max-video-preview":"max-video-preview:-1"},"canonical":"https:\/\/www.ayari-racing.com\/index.php\/2021\/06\/08\/meeting-ffsa-gt-dalbi-laudi-en-manque-de-reglages\/","og_locale":"fr_FR","og_type":"article","og_title":"MEETING FFSA GT D'ALBI - L'AUDI R8 EN MANQUE DE R\u00c9GLAGES. - ayari-racing","og_description":"MEETING FFSA GT D&rsquo;ALBI &#8211; L&rsquo;AUDI R8 EN MANQUE DE R\u00c9GLAGES. Le second meeting FFSA GT du tandem Soheil AYARI-Jean-Paul BUFFIN n&rsquo;a pas apport\u00e9 l&#8217;embellie esp\u00e9r\u00e9e, apr\u00e8s l&rsquo;\u00e9preuve inaugurale de Magny-Cours o\u00f9 le duo \u00e9tait victime de coupures moteur. Sur le rapide trac\u00e9 tarnais, o\u00f9...","og_url":"https:\/\/www.ayari-racing.com\/index.php\/2021\/06\/08\/meeting-ffsa-gt-dalbi-laudi-en-manque-de-reglages\/","og_site_name":"ayari-racing","article_published_time":"2021-06-08T05:31:29+00:00","article_modified_time":"2021-06-08T05:38:56+00:00","og_image":[{"width":1200,"height":800,"url":"https:\/\/www.ayari-racing.com\/wp-content\/uploads\/2021\/06\/GT4-Albi-3571.jpg","type":"image\/jpeg"}],"author":"Ayari sassan","twitter_card":"summary_large_image","twitter_misc":{"\u00c9crit par":"Ayari sassan","Dur\u00e9e de lecture estim\u00e9e":"2 minutes"},"schema":{"@context":"https:\/\/schema.org","@graph":[{"@type":"Article","@id":"https:\/\/www.ayari-racing.com\/index.php\/2021\/06\/08\/meeting-ffsa-gt-dalbi-laudi-en-manque-de-reglages\/#article","isPartOf":{"@id":"https:\/\/www.ayari-racing.com\/index.php\/2021\/06\/08\/meeting-ffsa-gt-dalbi-laudi-en-manque-de-reglages\/"},"author":{"name":"Ayari sassan","@id":"https:\/\/www.ayari-racing.com\/#\/schema\/person\/32075f08efe1cf46ce5349d830333784"},"headline":"MEETING FFSA GT D&rsquo;ALBI &#8211; L&rsquo;AUDI R8 EN MANQUE DE R\u00c9GLAGES.","datePublished":"2021-06-08T05:31:29+00:00","dateModified":"2021-06-08T05:38:56+00:00","mainEntityOfPage":{"@id":"https:\/\/www.ayari-racing.com\/index.php\/2021\/06\/08\/meeting-ffsa-gt-dalbi-laudi-en-manque-de-reglages\/"},"wordCount":209,"commentCount":0,"publisher":{"@id":"https:\/\/www.ayari-racing.com\/#\/schema\/person\/32075f08efe1cf46ce5349d830333784"},"image":{"@id":"https:\/\/www.ayari-racing.com\/index.php\/2021\/06\/08\/meeting-ffsa-gt-dalbi-laudi-en-manque-de-reglages\/#primaryimage"},"thumbnailUrl":"https:\/\/www.ayari-racing.com\/wp-content\/uploads\/2021\/06\/GT4-Albi-3571.jpg","inLanguage":"fr-FR","potentialAction":[{"@type":"CommentAction","name":"Comment","target":["https:\/\/www.ayari-racing.com\/index.php\/2021\/06\/08\/meeting-ffsa-gt-dalbi-laudi-en-manque-de-reglages\/#respond"]}]},{"@type":"WebPage","@id":"https:\/\/www.ayari-racing.com\/index.php\/2021\/06\/08\/meeting-ffsa-gt-dalbi-laudi-en-manque-de-reglages\/","url":"https:\/\/www.ayari-racing.com\/index.php\/2021\/06\/08\/meeting-ffsa-gt-dalbi-laudi-en-manque-de-reglages\/","name":"MEETING FFSA GT D'ALBI - L'AUDI R8 EN MANQUE DE R\u00c9GLAGES. - ayari-racing","isPartOf":{"@id":"https:\/\/www.ayari-racing.com\/#website"},"primaryImageOfPage":{"@id":"https:\/\/www.ayari-racing.com\/index.php\/2021\/06\/08\/meeting-ffsa-gt-dalbi-laudi-en-manque-de-reglages\/#primaryimage"},"image":{"@id":"https:\/\/www.ayari-racing.com\/index.php\/2021\/06\/08\/meeting-ffsa-gt-dalbi-laudi-en-manque-de-reglages\/#primaryimage"},"thumbnailUrl":"https:\/\/www.ayari-racing.com\/wp-content\/uploads\/2021\/06\/GT4-Albi-3571.jpg","datePublished":"2021-06-08T05:31:29+00:00","dateModified":"2021-06-08T05:38:56+00:00","breadcrumb":{"@id":"https:\/\/www.ayari-racing.com\/index.php\/2021\/06\/08\/meeting-ffsa-gt-dalbi-laudi-en-manque-de-reglages\/#breadcrumb"},"inLanguage":"fr-FR","potentialAction":[{"@type":"ReadAction","target":["https:\/\/www.ayari-racing.com\/index.php\/2021\/06\/08\/meeting-ffsa-gt-dalbi-laudi-en-manque-de-reglages\/"]}]},{"@type":"ImageObject","inLanguage":"fr-FR","@id":"https:\/\/www.ayari-racing.com\/index.php\/2021\/06\/08\/meeting-ffsa-gt-dalbi-laudi-en-manque-de-reglages\/#primaryimage","url":"https:\/\/www.ayari-racing.com\/wp-content\/uploads\/2021\/06\/GT4-Albi-3571.jpg","contentUrl":"https:\/\/www.ayari-racing.com\/wp-content\/uploads\/2021\/06\/GT4-Albi-3571.jpg","width":1200,"height":800,"caption":"Soheil AYARI GT FFSA"},{"@type":"BreadcrumbList","@id":"https:\/\/www.ayari-racing.com\/index.php\/2021\/06\/08\/meeting-ffsa-gt-dalbi-laudi-en-manque-de-reglages\/#breadcrumb","itemListElement":[{"@type":"ListItem","position":1,"name":"Home","item":"https:\/\/www.ayari-racing.com\/"},{"@type":"ListItem","position":2,"name":"MEETING FFSA GT D&rsquo;ALBI &#8211; L&rsquo;AUDI R8 EN MANQUE DE R\u00c9GLAGES."}]},{"@type":"WebSite","@id":"https:\/\/www.ayari-racing.com\/#website","url":"https:\/\/www.ayari-racing.com\/","name":"ayari-racing","description":"Soheil Ayari, pilote automobile endurance, GT, coach de pilote","publisher":{"@id":"https:\/\/www.ayari-racing.com\/#\/schema\/person\/32075f08efe1cf46ce5349d830333784"},"potentialAction":[{"@type":"SearchAction","target":{"@type":"EntryPoint","urlTemplate":"https:\/\/www.ayari-racing.com\/?s={search_term_string}"},"query-input":{"@type":"PropertyValueSpecification","valueRequired":true,"valueName":"search_term_string"}}],"inLanguage":"fr-FR"},{"@type":["Person","Organization"],"@id":"https:\/\/www.ayari-racing.com\/#\/schema\/person\/32075f08efe1cf46ce5349d830333784","name":"Ayari sassan","image":{"@type":"ImageObject","inLanguage":"fr-FR","@id":"https:\/\/www.ayari-racing.com\/#\/schema\/person\/image\/","url":"https:\/\/secure.gravatar.com\/avatar\/635fd46f213a2db5866407af58082930?s=96&d=mm&r=g","contentUrl":"https:\/\/secure.gravatar.com\/avatar\/635fd46f213a2db5866407af58082930?s=96&d=mm&r=g","caption":"Ayari sassan"},"logo":{"@id":"https:\/\/www.ayari-racing.com\/#\/schema\/person\/image\/"},"sameAs":["http:\/\/www.acom-evenements.com"]}]}},"_links":{"self":[{"href":"https:\/\/www.ayari-racing.com\/index.php\/wp-json\/wp\/v2\/posts\/8999"}],"collection":[{"href":"https:\/\/www.ayari-racing.com\/index.php\/wp-json\/wp\/v2\/posts"}],"about":[{"href":"https:\/\/www.ayari-racing.com\/index.php\/wp-json\/wp\/v2\/types\/post"}],"author":[{"embeddable":true,"href":"https:\/\/www.ayari-racing.com\/index.php\/wp-json\/wp\/v2\/users\/4"}],"replies":[{"embeddable":true,"href":"https:\/\/www.ayari-racing.com\/index.php\/wp-json\/wp\/v2\/comments?post=8999"}],"version-history":[{"count":4,"href":"https:\/\/www.ayari-racing.com\/index.php\/wp-json\/wp\/v2\/posts\/8999\/revisions"}],"predecessor-version":[{"id":9006,"href":"https:\/\/www.ayari-racing.com\/index.php\/wp-json\/wp\/v2\/posts\/8999\/revisions\/9006"}],"wp:featuredmedia":[{"embeddable":true,"href":"https:\/\/www.ayari-racing.com\/index.php\/wp-json\/wp\/v2\/media\/9000"}],"wp:attachment":[{"href":"https:\/\/www.ayari-racing.com\/index.php\/wp-json\/wp\/v2\/media?parent=8999"}],"wp:term":[{"taxonomy":"category","embeddable":true,"href":"https:\/\/www.ayari-racing.com\/index.php\/wp-json\/wp\/v2\/categories?post=8999"},{"taxonomy":"post_tag","embeddable":true,"href":"https:\/\/www.ayari-racing.com\/index.php\/wp-json\/wp\/v2\/tags?post=8999"}],"curies":[{"name":"wp","href":"https:\/\/api.w.org\/{rel}","templated":true}]}}