{"id":9018,"date":"2022-08-10T10:27:39","date_gmt":"2022-08-10T08:27:39","guid":{"rendered":"https:\/\/www.ayari-racing.com\/?p=9018"},"modified":"2022-08-10T10:29:44","modified_gmt":"2022-08-10T08:29:44","slug":"1-voiture-sur-2-du-team-ayari-classic-sillustre-lors-du-gp-de-france-f1-historique-paul-ricard-17-19-juin","status":"publish","type":"post","link":"https:\/\/www.ayari-racing.com\/index.php\/2022\/08\/10\/1-voiture-sur-2-du-team-ayari-classic-sillustre-lors-du-gp-de-france-f1-historique-paul-ricard-17-19-juin\/","title":{"rendered":"1 voiture sur 2 du Team AYARI Classic s\u2019illustre lors du GP de France F1 Historique ! (Paul Ricard | 17-19 juin)"},"content":{"rendered":"<p>Rendez-vous majeur de la saison pour tous les amateurs de F1 \u00ab\u00a0Classic\u00a0\u00bb, le Grand Prix de France historique a marqu\u00e9 les d\u00e9buts de la Ligier F1 JS21 de Soheil AYARI, apr\u00e8s des d\u00e9boires m\u00e9caniques \u00e0 la premi\u00e8re \u00e9preuve \u00e0 Monaco.<\/p>\n<p>Du mieux du c\u00f4t\u00e9 de l\u2019ancienne F1 fran\u00e7aise de 1983 du team AYARI Classic, avec notamment un partie ch\u00e2ssis dont les nombreux \u00e9l\u00e9ments refaits ont am\u00e9lior\u00e9 la fiabilit\u00e9, et le comportement permet d\u00e9sormais \u00e0 Soheil AYARI de ressentir parfaitement sa monoplace.<\/p>\n<div><img loading=\"lazy\" decoding=\"async\" class=\"alignleft size-full wp-image-9020\" src=\"http:\/\/www.ayari-racing.com\/wp-content\/uploads\/2022\/08\/1m5e_GT4Albi4459-2.jpg\" alt=\"AYARI CLASSIC MADNESS SOHEIL AYARI CHAMPIONNAT DU MONDE F1\" width=\"240\" height=\"252\" \/>En revanche, les probl\u00e8mes moteurs persistent avec une solution \u00e0 trouver avant la prochaine course au niveau de la pression d\u2019huile, cause de deux abandons de la Ligier du pilote savoyard le week-end dernier au Paul Ricard.<\/div>\n<div><\/div>\n<div>\u00ab\u00a0<i>Normalement le moteur n\u2019est pas un probl\u00e8me dans cette cat\u00e9gorie, car le Cosworth V8 a \u00e9t\u00e9 r\u00e9vis\u00e9 et faisait partie des plus r\u00e9sistants en F1. Nous avons identifi\u00e9 le probl\u00e8me et allons y rem\u00e9dier avant de faire une s\u00e9rie de tests.<\/i> \u00bb<\/div>\n<div><\/div>\n<div>\n<div>Un week-end qui ne sera pas \u00e0 oublier pour autant, car les r\u00e9glages du ch\u00e2ssis offrent de beaux espoirs \u00e0 Soheil pour les prochaines \u00e9preuves\u00a0!<\/div>\n<\/div>\n<div><\/div>\n<div>Du c\u00f4t\u00e9 de la seconde monoplace du Team, l\u2019Ensign MN175 de 1976 pilot\u00e9e par Guillaume ROMAN, la superbe anglaise a tourn\u00e9 comme une horloge et le pilote du Vaucluse progresse vitesse grand-V\u00a0!<\/div>\n<div><\/div>\n<div>Avec une 2<sup>e<\/sup> place lors de la course #1 et une 3<sup>e<\/sup> \u00e0 la course #2, il confirme son aisance et les bons r\u00e9glages prodigu\u00e9s par l\u2019\u00e9quipe AYARI Classic. G. ROMAN avait termin\u00e9 \u00e0 la 12<sup>e<\/sup> place du Grand Prix de Monaco historique mi-mai apr\u00e8s s\u2019\u00eatre \u00e9lanc\u00e9 19<sup>e<\/sup>\u2026 sa marge de progression est \u00e9norme\u00a0!<\/div>\n<div><\/div>\n<div><img loading=\"lazy\" decoding=\"async\" class=\" wp-image-9021 aligncenter\" src=\"http:\/\/www.ayari-racing.com\/wp-content\/uploads\/2022\/08\/1m5e_28929837452711226563351062920508790590935934n.jpg\" alt=\"AYARI CLASSIC MADNESS SOHEIL AYARI CHAMPIONNAT DU MONDE F1\" width=\"579\" height=\"404\" srcset=\"https:\/\/www.ayari-racing.com\/wp-content\/uploads\/2022\/08\/1m5e_28929837452711226563351062920508790590935934n.jpg 497w, https:\/\/www.ayari-racing.com\/wp-content\/uploads\/2022\/08\/1m5e_28929837452711226563351062920508790590935934n-300x209.jpg 300w\" sizes=\"(max-width: 579px) 100vw, 579px\" \/><\/div>\n","protected":false},"excerpt":{"rendered":"<p>Rendez-vous majeur de la saison pour tous les amateurs de F1 \u00ab\u00a0Classic\u00a0\u00bb, le Grand Prix de France historique a marqu\u00e9 les d\u00e9buts de la Ligier F1 JS21 de Soheil AYARI, apr\u00e8s des d\u00e9boires m\u00e9caniques \u00e0 la premi\u00e8re \u00e9preuve \u00e0 Monaco. Du mieux du c\u00f4t\u00e9 de&#8230;<\/p>\n","protected":false},"author":4,"featured_media":9019,"comment_status":"open","ping_status":"open","sticky":false,"template":"","format":"standard","meta":{"_exactmetrics_skip_tracking":false,"_exactmetrics_sitenote_active":false,"_exactmetrics_sitenote_note":"","_exactmetrics_sitenote_category":0,"footnotes":""},"categories":[1],"tags":[],"yoast_head":"<!-- This site is optimized with the Yoast SEO plugin v24.5 - https:\/\/yoast.com\/wordpress\/plugins\/seo\/ -->\n<title>1 voiture sur 2 du Team AYARI Classic s\u2019illustre lors du GP de France F1 Historique ! (Paul Ricard | 17-19 juin) - ayari-racing<\/title>\n<meta name=\"robots\" content=\"index, follow, max-snippet:-1, max-image-preview:large, max-video-preview:-1\" \/>\n<link rel=\"canonical\" href=\"https:\/\/www.ayari-racing.com\/index.php\/2022\/08\/10\/1-voiture-sur-2-du-team-ayari-classic-sillustre-lors-du-gp-de-france-f1-historique-paul-ricard-17-19-juin\/\" \/>\n<meta property=\"og:locale\" content=\"fr_FR\" \/>\n<meta property=\"og:type\" content=\"article\" \/>\n<meta property=\"og:title\" content=\"1 voiture sur 2 du Team AYARI Classic s\u2019illustre lors du GP de France F1 Historique ! (Paul Ricard | 17-19 juin) - ayari-racing\" \/>\n<meta property=\"og:description\" content=\"Rendez-vous majeur de la saison pour tous les amateurs de F1 \u00ab\u00a0Classic\u00a0\u00bb, le Grand Prix de France historique a marqu\u00e9 les d\u00e9buts de la Ligier F1 JS21 de Soheil AYARI, apr\u00e8s des d\u00e9boires m\u00e9caniques \u00e0 la premi\u00e8re \u00e9preuve \u00e0 Monaco. Du mieux du c\u00f4t\u00e9 de...\" \/>\n<meta property=\"og:url\" content=\"https:\/\/www.ayari-racing.com\/index.php\/2022\/08\/10\/1-voiture-sur-2-du-team-ayari-classic-sillustre-lors-du-gp-de-france-f1-historique-paul-ricard-17-19-juin\/\" \/>\n<meta property=\"og:site_name\" content=\"ayari-racing\" \/>\n<meta property=\"article:published_time\" content=\"2022-08-10T08:27:39+00:00\" \/>\n<meta property=\"article:modified_time\" content=\"2022-08-10T08:29:44+00:00\" \/>\n<meta property=\"og:image\" content=\"http:\/\/www.ayari-racing.com\/wp-content\/uploads\/2022\/08\/1m5e_DATAART9487410Fk4j5pj4-copie.jpg\" \/>\n\t<meta property=\"og:image:width\" content=\"1200\" \/>\n\t<meta property=\"og:image:height\" content=\"699\" \/>\n\t<meta property=\"og:image:type\" content=\"image\/jpeg\" \/>\n<meta name=\"author\" content=\"Ayari sassan\" \/>\n<meta name=\"twitter:card\" content=\"summary_large_image\" \/>\n<meta name=\"twitter:label1\" content=\"\u00c9crit par\" \/>\n\t<meta name=\"twitter:data1\" content=\"Ayari sassan\" \/>\n\t<meta name=\"twitter:label2\" content=\"Dur\u00e9e de lecture estim\u00e9e\" \/>\n\t<meta name=\"twitter:data2\" content=\"2 minutes\" \/>\n<script type=\"application\/ld+json\" class=\"yoast-schema-graph\">{\"@context\":\"https:\/\/schema.org\",\"@graph\":[{\"@type\":\"Article\",\"@id\":\"https:\/\/www.ayari-racing.com\/index.php\/2022\/08\/10\/1-voiture-sur-2-du-team-ayari-classic-sillustre-lors-du-gp-de-france-f1-historique-paul-ricard-17-19-juin\/#article\",\"isPartOf\":{\"@id\":\"https:\/\/www.ayari-racing.com\/index.php\/2022\/08\/10\/1-voiture-sur-2-du-team-ayari-classic-sillustre-lors-du-gp-de-france-f1-historique-paul-ricard-17-19-juin\/\"},\"author\":{\"name\":\"Ayari sassan\",\"@id\":\"https:\/\/www.ayari-racing.com\/#\/schema\/person\/32075f08efe1cf46ce5349d830333784\"},\"headline\":\"1 voiture sur 2 du Team AYARI Classic s\u2019illustre lors du GP de France F1 Historique ! (Paul Ricard | 17-19 juin)\",\"datePublished\":\"2022-08-10T08:27:39+00:00\",\"dateModified\":\"2022-08-10T08:29:44+00:00\",\"mainEntityOfPage\":{\"@id\":\"https:\/\/www.ayari-racing.com\/index.php\/2022\/08\/10\/1-voiture-sur-2-du-team-ayari-classic-sillustre-lors-du-gp-de-france-f1-historique-paul-ricard-17-19-juin\/\"},\"wordCount\":309,\"commentCount\":0,\"publisher\":{\"@id\":\"https:\/\/www.ayari-racing.com\/#\/schema\/person\/32075f08efe1cf46ce5349d830333784\"},\"image\":{\"@id\":\"https:\/\/www.ayari-racing.com\/index.php\/2022\/08\/10\/1-voiture-sur-2-du-team-ayari-classic-sillustre-lors-du-gp-de-france-f1-historique-paul-ricard-17-19-juin\/#primaryimage\"},\"thumbnailUrl\":\"https:\/\/www.ayari-racing.com\/wp-content\/uploads\/2022\/08\/1m5e_DATAART9487410Fk4j5pj4-copie.jpg\",\"inLanguage\":\"fr-FR\",\"potentialAction\":[{\"@type\":\"CommentAction\",\"name\":\"Comment\",\"target\":[\"https:\/\/www.ayari-racing.com\/index.php\/2022\/08\/10\/1-voiture-sur-2-du-team-ayari-classic-sillustre-lors-du-gp-de-france-f1-historique-paul-ricard-17-19-juin\/#respond\"]}]},{\"@type\":\"WebPage\",\"@id\":\"https:\/\/www.ayari-racing.com\/index.php\/2022\/08\/10\/1-voiture-sur-2-du-team-ayari-classic-sillustre-lors-du-gp-de-france-f1-historique-paul-ricard-17-19-juin\/\",\"url\":\"https:\/\/www.ayari-racing.com\/index.php\/2022\/08\/10\/1-voiture-sur-2-du-team-ayari-classic-sillustre-lors-du-gp-de-france-f1-historique-paul-ricard-17-19-juin\/\",\"name\":\"1 voiture sur 2 du Team AYARI Classic s\u2019illustre lors du GP de France F1 Historique ! (Paul Ricard | 17-19 juin) - ayari-racing\",\"isPartOf\":{\"@id\":\"https:\/\/www.ayari-racing.com\/#website\"},\"primaryImageOfPage\":{\"@id\":\"https:\/\/www.ayari-racing.com\/index.php\/2022\/08\/10\/1-voiture-sur-2-du-team-ayari-classic-sillustre-lors-du-gp-de-france-f1-historique-paul-ricard-17-19-juin\/#primaryimage\"},\"image\":{\"@id\":\"https:\/\/www.ayari-racing.com\/index.php\/2022\/08\/10\/1-voiture-sur-2-du-team-ayari-classic-sillustre-lors-du-gp-de-france-f1-historique-paul-ricard-17-19-juin\/#primaryimage\"},\"thumbnailUrl\":\"https:\/\/www.ayari-racing.com\/wp-content\/uploads\/2022\/08\/1m5e_DATAART9487410Fk4j5pj4-copie.jpg\",\"datePublished\":\"2022-08-10T08:27:39+00:00\",\"dateModified\":\"2022-08-10T08:29:44+00:00\",\"breadcrumb\":{\"@id\":\"https:\/\/www.ayari-racing.com\/index.php\/2022\/08\/10\/1-voiture-sur-2-du-team-ayari-classic-sillustre-lors-du-gp-de-france-f1-historique-paul-ricard-17-19-juin\/#breadcrumb\"},\"inLanguage\":\"fr-FR\",\"potentialAction\":[{\"@type\":\"ReadAction\",\"target\":[\"https:\/\/www.ayari-racing.com\/index.php\/2022\/08\/10\/1-voiture-sur-2-du-team-ayari-classic-sillustre-lors-du-gp-de-france-f1-historique-paul-ricard-17-19-juin\/\"]}]},{\"@type\":\"ImageObject\",\"inLanguage\":\"fr-FR\",\"@id\":\"https:\/\/www.ayari-racing.com\/index.php\/2022\/08\/10\/1-voiture-sur-2-du-team-ayari-classic-sillustre-lors-du-gp-de-france-f1-historique-paul-ricard-17-19-juin\/#primaryimage\",\"url\":\"https:\/\/www.ayari-racing.com\/wp-content\/uploads\/2022\/08\/1m5e_DATAART9487410Fk4j5pj4-copie.jpg\",\"contentUrl\":\"https:\/\/www.ayari-racing.com\/wp-content\/uploads\/2022\/08\/1m5e_DATAART9487410Fk4j5pj4-copie.jpg\",\"width\":1200,\"height\":699,\"caption\":\"AYARI CLASSIC MADNESS SOHEIL AYARI CHAMPIONNAT DU MONDE F1\"},{\"@type\":\"BreadcrumbList\",\"@id\":\"https:\/\/www.ayari-racing.com\/index.php\/2022\/08\/10\/1-voiture-sur-2-du-team-ayari-classic-sillustre-lors-du-gp-de-france-f1-historique-paul-ricard-17-19-juin\/#breadcrumb\",\"itemListElement\":[{\"@type\":\"ListItem\",\"position\":1,\"name\":\"Home\",\"item\":\"https:\/\/www.ayari-racing.com\/\"},{\"@type\":\"ListItem\",\"position\":2,\"name\":\"1 voiture sur 2 du Team AYARI Classic s\u2019illustre lors du GP de France F1 Historique ! (Paul Ricard | 17-19 juin)\"}]},{\"@type\":\"WebSite\",\"@id\":\"https:\/\/www.ayari-racing.com\/#website\",\"url\":\"https:\/\/www.ayari-racing.com\/\",\"name\":\"ayari-racing\",\"description\":\"Soheil Ayari, pilote automobile endurance, GT, coach de pilote\",\"publisher\":{\"@id\":\"https:\/\/www.ayari-racing.com\/#\/schema\/person\/32075f08efe1cf46ce5349d830333784\"},\"potentialAction\":[{\"@type\":\"SearchAction\",\"target\":{\"@type\":\"EntryPoint\",\"urlTemplate\":\"https:\/\/www.ayari-racing.com\/?s={search_term_string}\"},\"query-input\":{\"@type\":\"PropertyValueSpecification\",\"valueRequired\":true,\"valueName\":\"search_term_string\"}}],\"inLanguage\":\"fr-FR\"},{\"@type\":[\"Person\",\"Organization\"],\"@id\":\"https:\/\/www.ayari-racing.com\/#\/schema\/person\/32075f08efe1cf46ce5349d830333784\",\"name\":\"Ayari sassan\",\"image\":{\"@type\":\"ImageObject\",\"inLanguage\":\"fr-FR\",\"@id\":\"https:\/\/www.ayari-racing.com\/#\/schema\/person\/image\/\",\"url\":\"https:\/\/secure.gravatar.com\/avatar\/635fd46f213a2db5866407af58082930?s=96&d=mm&r=g\",\"contentUrl\":\"https:\/\/secure.gravatar.com\/avatar\/635fd46f213a2db5866407af58082930?s=96&d=mm&r=g\",\"caption\":\"Ayari sassan\"},\"logo\":{\"@id\":\"https:\/\/www.ayari-racing.com\/#\/schema\/person\/image\/\"},\"sameAs\":[\"http:\/\/www.acom-evenements.com\"]}]}<\/script>\n<!-- \/ Yoast SEO plugin. -->","yoast_head_json":{"title":"1 voiture sur 2 du Team AYARI Classic s\u2019illustre lors du GP de France F1 Historique ! (Paul Ricard | 17-19 juin) - ayari-racing","robots":{"index":"index","follow":"follow","max-snippet":"max-snippet:-1","max-image-preview":"max-image-preview:large","max-video-preview":"max-video-preview:-1"},"canonical":"https:\/\/www.ayari-racing.com\/index.php\/2022\/08\/10\/1-voiture-sur-2-du-team-ayari-classic-sillustre-lors-du-gp-de-france-f1-historique-paul-ricard-17-19-juin\/","og_locale":"fr_FR","og_type":"article","og_title":"1 voiture sur 2 du Team AYARI Classic s\u2019illustre lors du GP de France F1 Historique ! (Paul Ricard | 17-19 juin) - ayari-racing","og_description":"Rendez-vous majeur de la saison pour tous les amateurs de F1 \u00ab\u00a0Classic\u00a0\u00bb, le Grand Prix de France historique a marqu\u00e9 les d\u00e9buts de la Ligier F1 JS21 de Soheil AYARI, apr\u00e8s des d\u00e9boires m\u00e9caniques \u00e0 la premi\u00e8re \u00e9preuve \u00e0 Monaco. Du mieux du c\u00f4t\u00e9 de...","og_url":"https:\/\/www.ayari-racing.com\/index.php\/2022\/08\/10\/1-voiture-sur-2-du-team-ayari-classic-sillustre-lors-du-gp-de-france-f1-historique-paul-ricard-17-19-juin\/","og_site_name":"ayari-racing","article_published_time":"2022-08-10T08:27:39+00:00","article_modified_time":"2022-08-10T08:29:44+00:00","og_image":[{"width":1200,"height":699,"url":"http:\/\/www.ayari-racing.com\/wp-content\/uploads\/2022\/08\/1m5e_DATAART9487410Fk4j5pj4-copie.jpg","type":"image\/jpeg"}],"author":"Ayari sassan","twitter_card":"summary_large_image","twitter_misc":{"\u00c9crit par":"Ayari sassan","Dur\u00e9e de lecture estim\u00e9e":"2 minutes"},"schema":{"@context":"https:\/\/schema.org","@graph":[{"@type":"Article","@id":"https:\/\/www.ayari-racing.com\/index.php\/2022\/08\/10\/1-voiture-sur-2-du-team-ayari-classic-sillustre-lors-du-gp-de-france-f1-historique-paul-ricard-17-19-juin\/#article","isPartOf":{"@id":"https:\/\/www.ayari-racing.com\/index.php\/2022\/08\/10\/1-voiture-sur-2-du-team-ayari-classic-sillustre-lors-du-gp-de-france-f1-historique-paul-ricard-17-19-juin\/"},"author":{"name":"Ayari sassan","@id":"https:\/\/www.ayari-racing.com\/#\/schema\/person\/32075f08efe1cf46ce5349d830333784"},"headline":"1 voiture sur 2 du Team AYARI Classic s\u2019illustre lors du GP de France F1 Historique ! (Paul Ricard | 17-19 juin)","datePublished":"2022-08-10T08:27:39+00:00","dateModified":"2022-08-10T08:29:44+00:00","mainEntityOfPage":{"@id":"https:\/\/www.ayari-racing.com\/index.php\/2022\/08\/10\/1-voiture-sur-2-du-team-ayari-classic-sillustre-lors-du-gp-de-france-f1-historique-paul-ricard-17-19-juin\/"},"wordCount":309,"commentCount":0,"publisher":{"@id":"https:\/\/www.ayari-racing.com\/#\/schema\/person\/32075f08efe1cf46ce5349d830333784"},"image":{"@id":"https:\/\/www.ayari-racing.com\/index.php\/2022\/08\/10\/1-voiture-sur-2-du-team-ayari-classic-sillustre-lors-du-gp-de-france-f1-historique-paul-ricard-17-19-juin\/#primaryimage"},"thumbnailUrl":"https:\/\/www.ayari-racing.com\/wp-content\/uploads\/2022\/08\/1m5e_DATAART9487410Fk4j5pj4-copie.jpg","inLanguage":"fr-FR","potentialAction":[{"@type":"CommentAction","name":"Comment","target":["https:\/\/www.ayari-racing.com\/index.php\/2022\/08\/10\/1-voiture-sur-2-du-team-ayari-classic-sillustre-lors-du-gp-de-france-f1-historique-paul-ricard-17-19-juin\/#respond"]}]},{"@type":"WebPage","@id":"https:\/\/www.ayari-racing.com\/index.php\/2022\/08\/10\/1-voiture-sur-2-du-team-ayari-classic-sillustre-lors-du-gp-de-france-f1-historique-paul-ricard-17-19-juin\/","url":"https:\/\/www.ayari-racing.com\/index.php\/2022\/08\/10\/1-voiture-sur-2-du-team-ayari-classic-sillustre-lors-du-gp-de-france-f1-historique-paul-ricard-17-19-juin\/","name":"1 voiture sur 2 du Team AYARI Classic s\u2019illustre lors du GP de France F1 Historique ! (Paul Ricard | 17-19 juin) - ayari-racing","isPartOf":{"@id":"https:\/\/www.ayari-racing.com\/#website"},"primaryImageOfPage":{"@id":"https:\/\/www.ayari-racing.com\/index.php\/2022\/08\/10\/1-voiture-sur-2-du-team-ayari-classic-sillustre-lors-du-gp-de-france-f1-historique-paul-ricard-17-19-juin\/#primaryimage"},"image":{"@id":"https:\/\/www.ayari-racing.com\/index.php\/2022\/08\/10\/1-voiture-sur-2-du-team-ayari-classic-sillustre-lors-du-gp-de-france-f1-historique-paul-ricard-17-19-juin\/#primaryimage"},"thumbnailUrl":"https:\/\/www.ayari-racing.com\/wp-content\/uploads\/2022\/08\/1m5e_DATAART9487410Fk4j5pj4-copie.jpg","datePublished":"2022-08-10T08:27:39+00:00","dateModified":"2022-08-10T08:29:44+00:00","breadcrumb":{"@id":"https:\/\/www.ayari-racing.com\/index.php\/2022\/08\/10\/1-voiture-sur-2-du-team-ayari-classic-sillustre-lors-du-gp-de-france-f1-historique-paul-ricard-17-19-juin\/#breadcrumb"},"inLanguage":"fr-FR","potentialAction":[{"@type":"ReadAction","target":["https:\/\/www.ayari-racing.com\/index.php\/2022\/08\/10\/1-voiture-sur-2-du-team-ayari-classic-sillustre-lors-du-gp-de-france-f1-historique-paul-ricard-17-19-juin\/"]}]},{"@type":"ImageObject","inLanguage":"fr-FR","@id":"https:\/\/www.ayari-racing.com\/index.php\/2022\/08\/10\/1-voiture-sur-2-du-team-ayari-classic-sillustre-lors-du-gp-de-france-f1-historique-paul-ricard-17-19-juin\/#primaryimage","url":"https:\/\/www.ayari-racing.com\/wp-content\/uploads\/2022\/08\/1m5e_DATAART9487410Fk4j5pj4-copie.jpg","contentUrl":"https:\/\/www.ayari-racing.com\/wp-content\/uploads\/2022\/08\/1m5e_DATAART9487410Fk4j5pj4-copie.jpg","width":1200,"height":699,"caption":"AYARI CLASSIC MADNESS SOHEIL AYARI CHAMPIONNAT DU MONDE F1"},{"@type":"BreadcrumbList","@id":"https:\/\/www.ayari-racing.com\/index.php\/2022\/08\/10\/1-voiture-sur-2-du-team-ayari-classic-sillustre-lors-du-gp-de-france-f1-historique-paul-ricard-17-19-juin\/#breadcrumb","itemListElement":[{"@type":"ListItem","position":1,"name":"Home","item":"https:\/\/www.ayari-racing.com\/"},{"@type":"ListItem","position":2,"name":"1 voiture sur 2 du Team AYARI Classic s\u2019illustre lors du GP de France F1 Historique ! (Paul Ricard | 17-19 juin)"}]},{"@type":"WebSite","@id":"https:\/\/www.ayari-racing.com\/#website","url":"https:\/\/www.ayari-racing.com\/","name":"ayari-racing","description":"Soheil Ayari, pilote automobile endurance, GT, coach de pilote","publisher":{"@id":"https:\/\/www.ayari-racing.com\/#\/schema\/person\/32075f08efe1cf46ce5349d830333784"},"potentialAction":[{"@type":"SearchAction","target":{"@type":"EntryPoint","urlTemplate":"https:\/\/www.ayari-racing.com\/?s={search_term_string}"},"query-input":{"@type":"PropertyValueSpecification","valueRequired":true,"valueName":"search_term_string"}}],"inLanguage":"fr-FR"},{"@type":["Person","Organization"],"@id":"https:\/\/www.ayari-racing.com\/#\/schema\/person\/32075f08efe1cf46ce5349d830333784","name":"Ayari sassan","image":{"@type":"ImageObject","inLanguage":"fr-FR","@id":"https:\/\/www.ayari-racing.com\/#\/schema\/person\/image\/","url":"https:\/\/secure.gravatar.com\/avatar\/635fd46f213a2db5866407af58082930?s=96&d=mm&r=g","contentUrl":"https:\/\/secure.gravatar.com\/avatar\/635fd46f213a2db5866407af58082930?s=96&d=mm&r=g","caption":"Ayari sassan"},"logo":{"@id":"https:\/\/www.ayari-racing.com\/#\/schema\/person\/image\/"},"sameAs":["http:\/\/www.acom-evenements.com"]}]}},"_links":{"self":[{"href":"https:\/\/www.ayari-racing.com\/index.php\/wp-json\/wp\/v2\/posts\/9018"}],"collection":[{"href":"https:\/\/www.ayari-racing.com\/index.php\/wp-json\/wp\/v2\/posts"}],"about":[{"href":"https:\/\/www.ayari-racing.com\/index.php\/wp-json\/wp\/v2\/types\/post"}],"author":[{"embeddable":true,"href":"https:\/\/www.ayari-racing.com\/index.php\/wp-json\/wp\/v2\/users\/4"}],"replies":[{"embeddable":true,"href":"https:\/\/www.ayari-racing.com\/index.php\/wp-json\/wp\/v2\/comments?post=9018"}],"version-history":[{"count":3,"href":"https:\/\/www.ayari-racing.com\/index.php\/wp-json\/wp\/v2\/posts\/9018\/revisions"}],"predecessor-version":[{"id":9024,"href":"https:\/\/www.ayari-racing.com\/index.php\/wp-json\/wp\/v2\/posts\/9018\/revisions\/9024"}],"wp:featuredmedia":[{"embeddable":true,"href":"https:\/\/www.ayari-racing.com\/index.php\/wp-json\/wp\/v2\/media\/9019"}],"wp:attachment":[{"href":"https:\/\/www.ayari-racing.com\/index.php\/wp-json\/wp\/v2\/media?parent=9018"}],"wp:term":[{"taxonomy":"category","embeddable":true,"href":"https:\/\/www.ayari-racing.com\/index.php\/wp-json\/wp\/v2\/categories?post=9018"},{"taxonomy":"post_tag","embeddable":true,"href":"https:\/\/www.ayari-racing.com\/index.php\/wp-json\/wp\/v2\/tags?post=9018"}],"curies":[{"name":"wp","href":"https:\/\/api.w.org\/{rel}","templated":true}]}}