{"id":9171,"date":"2023-04-10T11:03:05","date_gmt":"2023-04-10T09:03:05","guid":{"rendered":"https:\/\/www.ayari-racing.com\/?p=9171"},"modified":"2023-10-09T19:19:08","modified_gmt":"2023-10-09T17:19:08","slug":"grand-prix-de-france-historique-f1-une-progression-tres-encourageante-ponctuee-par-deux-5e-places","status":"publish","type":"post","link":"https:\/\/www.ayari-racing.com\/index.php\/2023\/04\/10\/grand-prix-de-france-historique-f1-une-progression-tres-encourageante-ponctuee-par-deux-5e-places\/","title":{"rendered":"Grand Prix de France Historique F1 : Une progression tr\u00e8s encourageante ponctu\u00e9e par deux 5e places !"},"content":{"rendered":"<div>\n<h1 class=\"entry_title\" style=\"text-align: center;\"><span style=\"color: #000000; font-family: arial, helvetica, sans-serif;\">Grand Prix de France Historique F1<\/span><br \/>\n<span style=\"color: #000000; font-family: arial, helvetica, sans-serif;\">Une progression tr\u00e8s encourageante ponctu\u00e9e par deux 5e places !<\/span><\/h1>\n<p>&nbsp;<\/p>\n<\/div>\n<div><span style=\"font-family: arial, helvetica, sans-serif;\"><img loading=\"lazy\" decoding=\"async\" class=\"alignleft wp-image-9180\" src=\"http:\/\/www.ayari-racing.com\/wp-content\/uploads\/2023\/04\/IMG_3522.jpg\" alt=\"Soheil AYARI Classic Racing Paul Ricard 2023\" width=\"619\" height=\"464\" srcset=\"https:\/\/www.ayari-racing.com\/wp-content\/uploads\/2023\/04\/IMG_3522.jpg 1200w, https:\/\/www.ayari-racing.com\/wp-content\/uploads\/2023\/04\/IMG_3522-300x225.jpg 300w, https:\/\/www.ayari-racing.com\/wp-content\/uploads\/2023\/04\/IMG_3522-1030x773.jpg 1030w, https:\/\/www.ayari-racing.com\/wp-content\/uploads\/2023\/04\/IMG_3522-768x576.jpg 768w, https:\/\/www.ayari-racing.com\/wp-content\/uploads\/2023\/04\/IMG_3522-800x600.jpg 800w, https:\/\/www.ayari-racing.com\/wp-content\/uploads\/2023\/04\/IMG_3522-700x525.jpg 700w\" sizes=\"(max-width: 619px) 100vw, 619px\" \/><\/span><\/div>\n<div><\/div>\n<div><span style=\"font-size: 14pt; color: #000000; font-family: arial, helvetica, sans-serif;\">Pour ce premier RDV de la saison, sur le mythique Circuit Paul Ricard (trac\u00e9 de 5,8 km), Soheil AYARI et le Team AYARI Classic ont eu le temps de pr\u00e9parer la Ligier JS21 (1983) comme ils le souhaitaient. L\u2019objectif, apr\u00e8s la d\u00e9convenue des derni\u00e8res courses 2022 (abandons \u00e0 Estoril et Portimao), \u00e9tait de fiabiliser l\u2019auto, tout en poursuivant le d\u00e9veloppement des r\u00e9glages ch\u00e2ssis.<\/span><\/div>\n<div>\n<hr \/>\n<\/div>\n<div><span style=\"font-size: 14pt; color: #000000; font-family: arial, helvetica, sans-serif;\">La journ\u00e9e d\u2019essais libres et qualificatifs du vendredi portait tous ses fruits, puisque Soheil y pilotait une auto enfin en ad\u00e9quation avec ses souhaits de r\u00e9glages, et signait les 2e temps (libres) et 5e temps (qualifications). \u00ab <em>Bien que nous ayons toujours un manque de puissance en sortie de virage et en pointe<\/em> (ndlr : que 265 km\/h !), <em>l\u2019auto se comporte tr\u00e8s bien sur les phases de freinages et dans les serr\u00e9s.<\/em> \u00bb commentait le pilote d\u2019Aix-les-Bains.<\/span><\/div>\n<div>\n<hr \/>\n<\/div>\n<div><span style=\"font-size: 14pt; color: #000000; font-family: arial, helvetica, sans-serif;\">Avec une \u00e9quipe technique soud\u00e9e comme rarement, la Course 1 (samedi 8 avril) augurait de tr\u00e8s belles perspectives, avec une 5e place et des temps au tour r\u00e9guliers qui le pla\u00e7aient parmi les tout premiers. \u00ab <em>Avec plus de puissance, nous jouerions aux avant-postes&#8230; ce n\u2019est pas tr\u00e8s grave, l\u2019auto est parfaite en ch\u00e2ssis et il nous fallait ce premier bon r\u00e9sultat pour avoir une course r\u00e9f\u00e9rence et nous faire du bien ! Nous avons notre petite id\u00e9e sur comment gagner de pr\u00e9cieux chevaux.<\/em> \u00bb<\/span><\/div>\n<div><\/div>\n<div><span style=\"font-family: arial, helvetica, sans-serif;\"><img loading=\"lazy\" decoding=\"async\" class=\"size-full wp-image-9186 aligncenter\" src=\"http:\/\/www.ayari-racing.com\/wp-content\/uploads\/2023\/04\/Du-beau-monde-sur-la-grille-de-depart-Jean-Pierre-Jarier-pilote-impressionnant-de-la-Ligier-JS21-au-debut-des-annees-1980.-1.jpg\" alt=\"Soheil AYARI Classic Racing Paul Ricard 2023\" width=\"900\" height=\"351\" srcset=\"https:\/\/www.ayari-racing.com\/wp-content\/uploads\/2023\/04\/Du-beau-monde-sur-la-grille-de-depart-Jean-Pierre-Jarier-pilote-impressionnant-de-la-Ligier-JS21-au-debut-des-annees-1980.-1.jpg 900w, https:\/\/www.ayari-racing.com\/wp-content\/uploads\/2023\/04\/Du-beau-monde-sur-la-grille-de-depart-Jean-Pierre-Jarier-pilote-impressionnant-de-la-Ligier-JS21-au-debut-des-annees-1980.-1-300x117.jpg 300w, https:\/\/www.ayari-racing.com\/wp-content\/uploads\/2023\/04\/Du-beau-monde-sur-la-grille-de-depart-Jean-Pierre-Jarier-pilote-impressionnant-de-la-Ligier-JS21-au-debut-des-annees-1980.-1-768x300.jpg 768w, https:\/\/www.ayari-racing.com\/wp-content\/uploads\/2023\/04\/Du-beau-monde-sur-la-grille-de-depart-Jean-Pierre-Jarier-pilote-impressionnant-de-la-Ligier-JS21-au-debut-des-annees-1980.-1-700x273.jpg 700w\" sizes=\"(max-width: 900px) 100vw, 900px\" \/><\/span><\/div>\n<div><\/div>\n<div><span style=\"font-size: 14pt; color: #000000; font-family: arial, helvetica, sans-serif;\">Rebelote le lendemain, avec une voiture am\u00e9lior\u00e9e en a\u00e9ro par le changement d\u2019un capot moteur, qui permettait \u00e0 Soheil de remonter en 4e place, avant de devoir la rendre \u00e0 son adversaire, faute de puissance de son Ford Cosworth V8.<\/span><\/div>\n<div><\/div>\n<div><\/div>\n<div><span style=\"font-size: 14pt; color: #000000; font-family: arial, helvetica, sans-serif;\"><img loading=\"lazy\" decoding=\"async\" class=\"alignleft wp-image-9177\" src=\"http:\/\/www.ayari-racing.com\/wp-content\/uploads\/2023\/04\/20484101-24e7-4f78-9acb-9d09685f476e.jpg\" alt=\"Soheil AYARI Classic Racing Paul Ricard 2023\" width=\"291\" height=\"299\" srcset=\"https:\/\/www.ayari-racing.com\/wp-content\/uploads\/2023\/04\/20484101-24e7-4f78-9acb-9d09685f476e.jpg 1200w, https:\/\/www.ayari-racing.com\/wp-content\/uploads\/2023\/04\/20484101-24e7-4f78-9acb-9d09685f476e-292x300.jpg 292w, https:\/\/www.ayari-racing.com\/wp-content\/uploads\/2023\/04\/20484101-24e7-4f78-9acb-9d09685f476e-1002x1030.jpg 1002w, https:\/\/www.ayari-racing.com\/wp-content\/uploads\/2023\/04\/20484101-24e7-4f78-9acb-9d09685f476e-768x789.jpg 768w, https:\/\/www.ayari-racing.com\/wp-content\/uploads\/2023\/04\/20484101-24e7-4f78-9acb-9d09685f476e-700x719.jpg 700w\" sizes=\"(max-width: 291px) 100vw, 291px\" \/>Pour les spectateurs et les fans du pilote venus nombreux, la Ligier JS21 du Team AYARI Classic \u00e9tait sans doute l\u2019une des plus belles du plateau, aussi bien \u00e0 voir rouler que dans les stands !<\/span><\/div>\n<div>\n<hr \/>\n<\/div>\n<div><span style=\"color: #000000; font-size: 14pt; font-family: arial, helvetica, sans-serif;\">La seconde voiture du Team AYARI Classic, pilot\u00e9e par Guillaume ROMAN, remontait en 6e position de la Course 1 apr\u00e8s une qualification en 10e place. Malheureusement, l&rsquo;\u00e9preuve se terminait en 2\/3 de course sur panne moteur, contraignant le pilote du Vaucluse \u00e0 jeter l&rsquo;\u00e9ponge pour la Course 2 dimanche 9 avril. <\/span><\/div>\n<div><\/div>\n<div>\n<hr \/>\n<\/div>\n<div><\/div>\n<div><span style=\"font-size: 14pt; color: #000000; font-family: arial, helvetica, sans-serif;\"><strong><span style=\"color: #ff0000;\">REVOIR LA COURSE<\/span> : <a style=\"color: #000000;\" href=\"https:\/\/www.hvmracing.fr\/fr\/content\/67-grand-prix-de-france-historique\" target=\"_blank\" rel=\"noopener\">CLIQUEZ ICI<\/a> <\/strong>(\u00e0 partir de 1h20 de vid\u00e9o).<\/span><\/div>\n","protected":false},"excerpt":{"rendered":"<p>Grand Prix de France Historique F1 Une progression tr\u00e8s encourageante ponctu\u00e9e par deux 5e places ! &nbsp; Pour ce premier RDV de la saison, sur le mythique Circuit Paul Ricard (trac\u00e9 de 5,8 km), Soheil AYARI et le Team AYARI Classic ont eu le temps&#8230;<\/p>\n","protected":false},"author":4,"featured_media":9175,"comment_status":"open","ping_status":"open","sticky":false,"template":"","format":"standard","meta":{"_exactmetrics_skip_tracking":false,"_exactmetrics_sitenote_active":false,"_exactmetrics_sitenote_note":"","_exactmetrics_sitenote_category":0,"footnotes":""},"categories":[6,5,1],"tags":[],"yoast_head":"<!-- This site is optimized with the Yoast SEO plugin v24.5 - https:\/\/yoast.com\/wordpress\/plugins\/seo\/ -->\n<title>Grand Prix de France Historique F1 : Une progression tr\u00e8s encourageante ponctu\u00e9e par deux 5e places ! - ayari-racing<\/title>\n<meta name=\"robots\" content=\"index, follow, max-snippet:-1, max-image-preview:large, max-video-preview:-1\" \/>\n<link rel=\"canonical\" href=\"https:\/\/www.ayari-racing.com\/index.php\/2023\/04\/10\/grand-prix-de-france-historique-f1-une-progression-tres-encourageante-ponctuee-par-deux-5e-places\/\" \/>\n<meta property=\"og:locale\" content=\"fr_FR\" \/>\n<meta property=\"og:type\" content=\"article\" \/>\n<meta property=\"og:title\" content=\"Grand Prix de France Historique F1 : Une progression tr\u00e8s encourageante ponctu\u00e9e par deux 5e places ! - ayari-racing\" \/>\n<meta property=\"og:description\" content=\"Grand Prix de France Historique F1 Une progression tr\u00e8s encourageante ponctu\u00e9e par deux 5e places ! &nbsp; Pour ce premier RDV de la saison, sur le mythique Circuit Paul Ricard (trac\u00e9 de 5,8 km), Soheil AYARI et le Team AYARI Classic ont eu le temps...\" \/>\n<meta property=\"og:url\" content=\"https:\/\/www.ayari-racing.com\/index.php\/2023\/04\/10\/grand-prix-de-france-historique-f1-une-progression-tres-encourageante-ponctuee-par-deux-5e-places\/\" \/>\n<meta property=\"og:site_name\" content=\"ayari-racing\" \/>\n<meta property=\"article:published_time\" content=\"2023-04-10T09:03:05+00:00\" \/>\n<meta property=\"article:modified_time\" content=\"2023-10-09T17:19:08+00:00\" \/>\n<meta property=\"og:image\" content=\"http:\/\/www.ayari-racing.com\/wp-content\/uploads\/2023\/04\/7cf7723d-7968-4b06-b75e-521abe9a0ed6.jpg\" \/>\n\t<meta property=\"og:image:width\" content=\"1200\" \/>\n\t<meta property=\"og:image:height\" content=\"900\" \/>\n\t<meta property=\"og:image:type\" content=\"image\/jpeg\" \/>\n<meta name=\"author\" content=\"Ayari sassan\" \/>\n<meta name=\"twitter:card\" content=\"summary_large_image\" \/>\n<meta name=\"twitter:label1\" content=\"\u00c9crit par\" \/>\n\t<meta name=\"twitter:data1\" content=\"Ayari sassan\" \/>\n\t<meta name=\"twitter:label2\" content=\"Dur\u00e9e de lecture estim\u00e9e\" \/>\n\t<meta name=\"twitter:data2\" content=\"3 minutes\" \/>\n<script type=\"application\/ld+json\" class=\"yoast-schema-graph\">{\"@context\":\"https:\/\/schema.org\",\"@graph\":[{\"@type\":\"Article\",\"@id\":\"https:\/\/www.ayari-racing.com\/index.php\/2023\/04\/10\/grand-prix-de-france-historique-f1-une-progression-tres-encourageante-ponctuee-par-deux-5e-places\/#article\",\"isPartOf\":{\"@id\":\"https:\/\/www.ayari-racing.com\/index.php\/2023\/04\/10\/grand-prix-de-france-historique-f1-une-progression-tres-encourageante-ponctuee-par-deux-5e-places\/\"},\"author\":{\"name\":\"Ayari sassan\",\"@id\":\"https:\/\/www.ayari-racing.com\/#\/schema\/person\/32075f08efe1cf46ce5349d830333784\"},\"headline\":\"Grand Prix de France Historique F1 : Une progression tr\u00e8s encourageante ponctu\u00e9e par deux 5e places !\",\"datePublished\":\"2023-04-10T09:03:05+00:00\",\"dateModified\":\"2023-10-09T17:19:08+00:00\",\"mainEntityOfPage\":{\"@id\":\"https:\/\/www.ayari-racing.com\/index.php\/2023\/04\/10\/grand-prix-de-france-historique-f1-une-progression-tres-encourageante-ponctuee-par-deux-5e-places\/\"},\"wordCount\":416,\"commentCount\":0,\"publisher\":{\"@id\":\"https:\/\/www.ayari-racing.com\/#\/schema\/person\/32075f08efe1cf46ce5349d830333784\"},\"image\":{\"@id\":\"https:\/\/www.ayari-racing.com\/index.php\/2023\/04\/10\/grand-prix-de-france-historique-f1-une-progression-tres-encourageante-ponctuee-par-deux-5e-places\/#primaryimage\"},\"thumbnailUrl\":\"https:\/\/www.ayari-racing.com\/wp-content\/uploads\/2023\/04\/7cf7723d-7968-4b06-b75e-521abe9a0ed6.jpg\",\"articleSection\":[\"Ayari classic\",\"Ayari-racing\"],\"inLanguage\":\"fr-FR\",\"potentialAction\":[{\"@type\":\"CommentAction\",\"name\":\"Comment\",\"target\":[\"https:\/\/www.ayari-racing.com\/index.php\/2023\/04\/10\/grand-prix-de-france-historique-f1-une-progression-tres-encourageante-ponctuee-par-deux-5e-places\/#respond\"]}]},{\"@type\":\"WebPage\",\"@id\":\"https:\/\/www.ayari-racing.com\/index.php\/2023\/04\/10\/grand-prix-de-france-historique-f1-une-progression-tres-encourageante-ponctuee-par-deux-5e-places\/\",\"url\":\"https:\/\/www.ayari-racing.com\/index.php\/2023\/04\/10\/grand-prix-de-france-historique-f1-une-progression-tres-encourageante-ponctuee-par-deux-5e-places\/\",\"name\":\"Grand Prix de France Historique F1 : Une progression tr\u00e8s encourageante ponctu\u00e9e par deux 5e places ! - ayari-racing\",\"isPartOf\":{\"@id\":\"https:\/\/www.ayari-racing.com\/#website\"},\"primaryImageOfPage\":{\"@id\":\"https:\/\/www.ayari-racing.com\/index.php\/2023\/04\/10\/grand-prix-de-france-historique-f1-une-progression-tres-encourageante-ponctuee-par-deux-5e-places\/#primaryimage\"},\"image\":{\"@id\":\"https:\/\/www.ayari-racing.com\/index.php\/2023\/04\/10\/grand-prix-de-france-historique-f1-une-progression-tres-encourageante-ponctuee-par-deux-5e-places\/#primaryimage\"},\"thumbnailUrl\":\"https:\/\/www.ayari-racing.com\/wp-content\/uploads\/2023\/04\/7cf7723d-7968-4b06-b75e-521abe9a0ed6.jpg\",\"datePublished\":\"2023-04-10T09:03:05+00:00\",\"dateModified\":\"2023-10-09T17:19:08+00:00\",\"breadcrumb\":{\"@id\":\"https:\/\/www.ayari-racing.com\/index.php\/2023\/04\/10\/grand-prix-de-france-historique-f1-une-progression-tres-encourageante-ponctuee-par-deux-5e-places\/#breadcrumb\"},\"inLanguage\":\"fr-FR\",\"potentialAction\":[{\"@type\":\"ReadAction\",\"target\":[\"https:\/\/www.ayari-racing.com\/index.php\/2023\/04\/10\/grand-prix-de-france-historique-f1-une-progression-tres-encourageante-ponctuee-par-deux-5e-places\/\"]}]},{\"@type\":\"ImageObject\",\"inLanguage\":\"fr-FR\",\"@id\":\"https:\/\/www.ayari-racing.com\/index.php\/2023\/04\/10\/grand-prix-de-france-historique-f1-une-progression-tres-encourageante-ponctuee-par-deux-5e-places\/#primaryimage\",\"url\":\"https:\/\/www.ayari-racing.com\/wp-content\/uploads\/2023\/04\/7cf7723d-7968-4b06-b75e-521abe9a0ed6.jpg\",\"contentUrl\":\"https:\/\/www.ayari-racing.com\/wp-content\/uploads\/2023\/04\/7cf7723d-7968-4b06-b75e-521abe9a0ed6.jpg\",\"width\":1200,\"height\":900,\"caption\":\"Soheil AYARI Classic Racing Paul Ricard 2023\"},{\"@type\":\"BreadcrumbList\",\"@id\":\"https:\/\/www.ayari-racing.com\/index.php\/2023\/04\/10\/grand-prix-de-france-historique-f1-une-progression-tres-encourageante-ponctuee-par-deux-5e-places\/#breadcrumb\",\"itemListElement\":[{\"@type\":\"ListItem\",\"position\":1,\"name\":\"Home\",\"item\":\"https:\/\/www.ayari-racing.com\/\"},{\"@type\":\"ListItem\",\"position\":2,\"name\":\"Grand Prix de France Historique F1 : Une progression tr\u00e8s encourageante ponctu\u00e9e par deux 5e places !\"}]},{\"@type\":\"WebSite\",\"@id\":\"https:\/\/www.ayari-racing.com\/#website\",\"url\":\"https:\/\/www.ayari-racing.com\/\",\"name\":\"ayari-racing\",\"description\":\"Soheil Ayari, pilote automobile endurance, GT, coach de pilote\",\"publisher\":{\"@id\":\"https:\/\/www.ayari-racing.com\/#\/schema\/person\/32075f08efe1cf46ce5349d830333784\"},\"potentialAction\":[{\"@type\":\"SearchAction\",\"target\":{\"@type\":\"EntryPoint\",\"urlTemplate\":\"https:\/\/www.ayari-racing.com\/?s={search_term_string}\"},\"query-input\":{\"@type\":\"PropertyValueSpecification\",\"valueRequired\":true,\"valueName\":\"search_term_string\"}}],\"inLanguage\":\"fr-FR\"},{\"@type\":[\"Person\",\"Organization\"],\"@id\":\"https:\/\/www.ayari-racing.com\/#\/schema\/person\/32075f08efe1cf46ce5349d830333784\",\"name\":\"Ayari sassan\",\"image\":{\"@type\":\"ImageObject\",\"inLanguage\":\"fr-FR\",\"@id\":\"https:\/\/www.ayari-racing.com\/#\/schema\/person\/image\/\",\"url\":\"https:\/\/secure.gravatar.com\/avatar\/635fd46f213a2db5866407af58082930?s=96&d=mm&r=g\",\"contentUrl\":\"https:\/\/secure.gravatar.com\/avatar\/635fd46f213a2db5866407af58082930?s=96&d=mm&r=g\",\"caption\":\"Ayari sassan\"},\"logo\":{\"@id\":\"https:\/\/www.ayari-racing.com\/#\/schema\/person\/image\/\"},\"sameAs\":[\"http:\/\/www.acom-evenements.com\"]}]}<\/script>\n<!-- \/ Yoast SEO plugin. -->","yoast_head_json":{"title":"Grand Prix de France Historique F1 : Une progression tr\u00e8s encourageante ponctu\u00e9e par deux 5e places ! - ayari-racing","robots":{"index":"index","follow":"follow","max-snippet":"max-snippet:-1","max-image-preview":"max-image-preview:large","max-video-preview":"max-video-preview:-1"},"canonical":"https:\/\/www.ayari-racing.com\/index.php\/2023\/04\/10\/grand-prix-de-france-historique-f1-une-progression-tres-encourageante-ponctuee-par-deux-5e-places\/","og_locale":"fr_FR","og_type":"article","og_title":"Grand Prix de France Historique F1 : Une progression tr\u00e8s encourageante ponctu\u00e9e par deux 5e places ! - ayari-racing","og_description":"Grand Prix de France Historique F1 Une progression tr\u00e8s encourageante ponctu\u00e9e par deux 5e places ! &nbsp; Pour ce premier RDV de la saison, sur le mythique Circuit Paul Ricard (trac\u00e9 de 5,8 km), Soheil AYARI et le Team AYARI Classic ont eu le temps...","og_url":"https:\/\/www.ayari-racing.com\/index.php\/2023\/04\/10\/grand-prix-de-france-historique-f1-une-progression-tres-encourageante-ponctuee-par-deux-5e-places\/","og_site_name":"ayari-racing","article_published_time":"2023-04-10T09:03:05+00:00","article_modified_time":"2023-10-09T17:19:08+00:00","og_image":[{"width":1200,"height":900,"url":"http:\/\/www.ayari-racing.com\/wp-content\/uploads\/2023\/04\/7cf7723d-7968-4b06-b75e-521abe9a0ed6.jpg","type":"image\/jpeg"}],"author":"Ayari sassan","twitter_card":"summary_large_image","twitter_misc":{"\u00c9crit par":"Ayari sassan","Dur\u00e9e de lecture estim\u00e9e":"3 minutes"},"schema":{"@context":"https:\/\/schema.org","@graph":[{"@type":"Article","@id":"https:\/\/www.ayari-racing.com\/index.php\/2023\/04\/10\/grand-prix-de-france-historique-f1-une-progression-tres-encourageante-ponctuee-par-deux-5e-places\/#article","isPartOf":{"@id":"https:\/\/www.ayari-racing.com\/index.php\/2023\/04\/10\/grand-prix-de-france-historique-f1-une-progression-tres-encourageante-ponctuee-par-deux-5e-places\/"},"author":{"name":"Ayari sassan","@id":"https:\/\/www.ayari-racing.com\/#\/schema\/person\/32075f08efe1cf46ce5349d830333784"},"headline":"Grand Prix de France Historique F1 : Une progression tr\u00e8s encourageante ponctu\u00e9e par deux 5e places !","datePublished":"2023-04-10T09:03:05+00:00","dateModified":"2023-10-09T17:19:08+00:00","mainEntityOfPage":{"@id":"https:\/\/www.ayari-racing.com\/index.php\/2023\/04\/10\/grand-prix-de-france-historique-f1-une-progression-tres-encourageante-ponctuee-par-deux-5e-places\/"},"wordCount":416,"commentCount":0,"publisher":{"@id":"https:\/\/www.ayari-racing.com\/#\/schema\/person\/32075f08efe1cf46ce5349d830333784"},"image":{"@id":"https:\/\/www.ayari-racing.com\/index.php\/2023\/04\/10\/grand-prix-de-france-historique-f1-une-progression-tres-encourageante-ponctuee-par-deux-5e-places\/#primaryimage"},"thumbnailUrl":"https:\/\/www.ayari-racing.com\/wp-content\/uploads\/2023\/04\/7cf7723d-7968-4b06-b75e-521abe9a0ed6.jpg","articleSection":["Ayari classic","Ayari-racing"],"inLanguage":"fr-FR","potentialAction":[{"@type":"CommentAction","name":"Comment","target":["https:\/\/www.ayari-racing.com\/index.php\/2023\/04\/10\/grand-prix-de-france-historique-f1-une-progression-tres-encourageante-ponctuee-par-deux-5e-places\/#respond"]}]},{"@type":"WebPage","@id":"https:\/\/www.ayari-racing.com\/index.php\/2023\/04\/10\/grand-prix-de-france-historique-f1-une-progression-tres-encourageante-ponctuee-par-deux-5e-places\/","url":"https:\/\/www.ayari-racing.com\/index.php\/2023\/04\/10\/grand-prix-de-france-historique-f1-une-progression-tres-encourageante-ponctuee-par-deux-5e-places\/","name":"Grand Prix de France Historique F1 : Une progression tr\u00e8s encourageante ponctu\u00e9e par deux 5e places ! - ayari-racing","isPartOf":{"@id":"https:\/\/www.ayari-racing.com\/#website"},"primaryImageOfPage":{"@id":"https:\/\/www.ayari-racing.com\/index.php\/2023\/04\/10\/grand-prix-de-france-historique-f1-une-progression-tres-encourageante-ponctuee-par-deux-5e-places\/#primaryimage"},"image":{"@id":"https:\/\/www.ayari-racing.com\/index.php\/2023\/04\/10\/grand-prix-de-france-historique-f1-une-progression-tres-encourageante-ponctuee-par-deux-5e-places\/#primaryimage"},"thumbnailUrl":"https:\/\/www.ayari-racing.com\/wp-content\/uploads\/2023\/04\/7cf7723d-7968-4b06-b75e-521abe9a0ed6.jpg","datePublished":"2023-04-10T09:03:05+00:00","dateModified":"2023-10-09T17:19:08+00:00","breadcrumb":{"@id":"https:\/\/www.ayari-racing.com\/index.php\/2023\/04\/10\/grand-prix-de-france-historique-f1-une-progression-tres-encourageante-ponctuee-par-deux-5e-places\/#breadcrumb"},"inLanguage":"fr-FR","potentialAction":[{"@type":"ReadAction","target":["https:\/\/www.ayari-racing.com\/index.php\/2023\/04\/10\/grand-prix-de-france-historique-f1-une-progression-tres-encourageante-ponctuee-par-deux-5e-places\/"]}]},{"@type":"ImageObject","inLanguage":"fr-FR","@id":"https:\/\/www.ayari-racing.com\/index.php\/2023\/04\/10\/grand-prix-de-france-historique-f1-une-progression-tres-encourageante-ponctuee-par-deux-5e-places\/#primaryimage","url":"https:\/\/www.ayari-racing.com\/wp-content\/uploads\/2023\/04\/7cf7723d-7968-4b06-b75e-521abe9a0ed6.jpg","contentUrl":"https:\/\/www.ayari-racing.com\/wp-content\/uploads\/2023\/04\/7cf7723d-7968-4b06-b75e-521abe9a0ed6.jpg","width":1200,"height":900,"caption":"Soheil AYARI Classic Racing Paul Ricard 2023"},{"@type":"BreadcrumbList","@id":"https:\/\/www.ayari-racing.com\/index.php\/2023\/04\/10\/grand-prix-de-france-historique-f1-une-progression-tres-encourageante-ponctuee-par-deux-5e-places\/#breadcrumb","itemListElement":[{"@type":"ListItem","position":1,"name":"Home","item":"https:\/\/www.ayari-racing.com\/"},{"@type":"ListItem","position":2,"name":"Grand Prix de France Historique F1 : Une progression tr\u00e8s encourageante ponctu\u00e9e par deux 5e places !"}]},{"@type":"WebSite","@id":"https:\/\/www.ayari-racing.com\/#website","url":"https:\/\/www.ayari-racing.com\/","name":"ayari-racing","description":"Soheil Ayari, pilote automobile endurance, GT, coach de pilote","publisher":{"@id":"https:\/\/www.ayari-racing.com\/#\/schema\/person\/32075f08efe1cf46ce5349d830333784"},"potentialAction":[{"@type":"SearchAction","target":{"@type":"EntryPoint","urlTemplate":"https:\/\/www.ayari-racing.com\/?s={search_term_string}"},"query-input":{"@type":"PropertyValueSpecification","valueRequired":true,"valueName":"search_term_string"}}],"inLanguage":"fr-FR"},{"@type":["Person","Organization"],"@id":"https:\/\/www.ayari-racing.com\/#\/schema\/person\/32075f08efe1cf46ce5349d830333784","name":"Ayari sassan","image":{"@type":"ImageObject","inLanguage":"fr-FR","@id":"https:\/\/www.ayari-racing.com\/#\/schema\/person\/image\/","url":"https:\/\/secure.gravatar.com\/avatar\/635fd46f213a2db5866407af58082930?s=96&d=mm&r=g","contentUrl":"https:\/\/secure.gravatar.com\/avatar\/635fd46f213a2db5866407af58082930?s=96&d=mm&r=g","caption":"Ayari sassan"},"logo":{"@id":"https:\/\/www.ayari-racing.com\/#\/schema\/person\/image\/"},"sameAs":["http:\/\/www.acom-evenements.com"]}]}},"_links":{"self":[{"href":"https:\/\/www.ayari-racing.com\/index.php\/wp-json\/wp\/v2\/posts\/9171"}],"collection":[{"href":"https:\/\/www.ayari-racing.com\/index.php\/wp-json\/wp\/v2\/posts"}],"about":[{"href":"https:\/\/www.ayari-racing.com\/index.php\/wp-json\/wp\/v2\/types\/post"}],"author":[{"embeddable":true,"href":"https:\/\/www.ayari-racing.com\/index.php\/wp-json\/wp\/v2\/users\/4"}],"replies":[{"embeddable":true,"href":"https:\/\/www.ayari-racing.com\/index.php\/wp-json\/wp\/v2\/comments?post=9171"}],"version-history":[{"count":5,"href":"https:\/\/www.ayari-racing.com\/index.php\/wp-json\/wp\/v2\/posts\/9171\/revisions"}],"predecessor-version":[{"id":9191,"href":"https:\/\/www.ayari-racing.com\/index.php\/wp-json\/wp\/v2\/posts\/9171\/revisions\/9191"}],"wp:featuredmedia":[{"embeddable":true,"href":"https:\/\/www.ayari-racing.com\/index.php\/wp-json\/wp\/v2\/media\/9175"}],"wp:attachment":[{"href":"https:\/\/www.ayari-racing.com\/index.php\/wp-json\/wp\/v2\/media?parent=9171"}],"wp:term":[{"taxonomy":"category","embeddable":true,"href":"https:\/\/www.ayari-racing.com\/index.php\/wp-json\/wp\/v2\/categories?post=9171"},{"taxonomy":"post_tag","embeddable":true,"href":"https:\/\/www.ayari-racing.com\/index.php\/wp-json\/wp\/v2\/tags?post=9171"}],"curies":[{"name":"wp","href":"https:\/\/api.w.org\/{rel}","templated":true}]}}