{"id":9314,"date":"2024-05-14T06:29:34","date_gmt":"2024-05-14T04:29:34","guid":{"rendered":"https:\/\/www.ayari-racing.com\/?p=9314"},"modified":"2024-05-14T06:29:34","modified_gmt":"2024-05-14T04:29:34","slug":"monaco-grand-prix-historique-de-f1-10-au-12-mai-2024-rendez-vous-manque-a-monaco","status":"publish","type":"post","link":"https:\/\/www.ayari-racing.com\/index.php\/2024\/05\/14\/monaco-grand-prix-historique-de-f1-10-au-12-mai-2024-rendez-vous-manque-a-monaco\/","title":{"rendered":"Monaco Grand Prix Historique de F1 \u2013 10 au 12 mai 2024 &#8211; Rendez-vous manqu\u00e9 \u00e0 Monaco"},"content":{"rendered":"<div>Arriv\u00e9 avec beaucoup d\u2019espoir en Principaut\u00e9 de Monaco, sur un trac\u00e9 o\u00f9 les r\u00e9glages de sa Ligier JS-21 et son pilotage avaient de quoi faire merveille, Soheil a connu la douche froide aux essais qualificatifs du samedi, qui ont mis fin \u00e0 son week-end de course.<\/div>\n<div><\/div>\n<div>La veille (essais libres), une crevaison emp\u00eachait le pilote d\u2019Aix-les-Bains de peaufiner sa mise au point, mais il se montrait le plus rapide dans le secteur 2 du circuit, malgr\u00e9 une g\u00eane au niveau de la commande de tringlerie de la boite de vitesses. Le probl\u00e8me persistait en d\u00e9pit de l\u2019intervention de l\u2019\u00e9quipe, et cela allait entacher la s\u00e9ance qualificative de la n\u00b026\u2026 Par deux fois, le pilote du team AYARI F1 Madness s\u2019\u00e9lan\u00e7ait pour un tour rapide mais rentrait au stand en raison d\u2019un passage 4-3 r\u00e9calcitrant. Les minutes s\u2019\u00e9grainaient et lorsque Soheil tentait enfin son premier tour \u00ab qualif \u00bb, il ne restait plus que 8 minutes dans la s\u00e9ance.<\/div>\n<div><\/div>\n<div>Malheureusement le tour chrono de Soheil prenait fin d\u00e8s le virage de Ste-D\u00e9vote \u2026 la suite Soheil nous l\u2019explique : \u00ab <em>Nous avons bataill\u00e9 avec nos soucis de passage de vitesse, et au freinage du virage j\u2019ai r\u00e9trograd\u00e9 de 5 en 4 mais c\u2019est la 2 qui s\u2019est enclench\u00e9e. Cela a bloqu\u00e9 les roues arri\u00e8re et fait partir l\u2019auto en t\u00eate-\u00e0-queue sans que je puisse l\u2019\u00e9viter ! \u00c0 Monaco j\u2019avais besoin d\u2019avoir enti\u00e8re confiance dans la boite mais nous avons train\u00e9 le souci jusqu\u2019aux qualifications.<\/em> \u00bb<\/div>\n<div><\/div>\n<div>Dans son infortune Soheil tapait les pneus et froissait le porte-moyeu de roue arri\u00e8re gauche, une touchette qui sonnait le glas de son \u00e9preuve mon\u00e9gasque !<\/div>\n<div><\/div>\n<div>\u00ab <em>Nous sommes tous tr\u00e8s d\u00e9\u00e7us car nous misions beaucoup sur Monaco et j\u2019ai l\u2019impression de ne pas avoir profit\u00e9 du potentiel de l\u2019auto. \u00c0 nous de revenir plus fort, de r\u00e9gler le souci de boite pour nous battre \u00e0 nouveau devant.<\/em> \u00bb<\/div>\n","protected":false},"excerpt":{"rendered":"<p>Arriv\u00e9 avec beaucoup d\u2019espoir en Principaut\u00e9 de Monaco, sur un trac\u00e9 o\u00f9 les r\u00e9glages de sa Ligier JS-21 et son pilotage avaient de quoi faire merveille, Soheil a connu la douche froide aux essais qualificatifs du samedi, qui ont mis fin \u00e0 son week-end de&#8230;<\/p>\n","protected":false},"author":4,"featured_media":9315,"comment_status":"open","ping_status":"open","sticky":false,"template":"","format":"standard","meta":{"_exactmetrics_skip_tracking":false,"_exactmetrics_sitenote_active":false,"_exactmetrics_sitenote_note":"","_exactmetrics_sitenote_category":0,"footnotes":""},"categories":[6,5,1],"tags":[],"yoast_head":"<!-- This site is optimized with the Yoast SEO plugin v24.5 - https:\/\/yoast.com\/wordpress\/plugins\/seo\/ -->\n<title>Monaco Grand Prix Historique de F1 \u2013 10 au 12 mai 2024 - Rendez-vous manqu\u00e9 \u00e0 Monaco - ayari-racing<\/title>\n<meta name=\"robots\" content=\"index, follow, max-snippet:-1, max-image-preview:large, max-video-preview:-1\" \/>\n<link rel=\"canonical\" href=\"https:\/\/www.ayari-racing.com\/index.php\/2024\/05\/14\/monaco-grand-prix-historique-de-f1-10-au-12-mai-2024-rendez-vous-manque-a-monaco\/\" \/>\n<meta property=\"og:locale\" content=\"fr_FR\" \/>\n<meta property=\"og:type\" content=\"article\" \/>\n<meta property=\"og:title\" content=\"Monaco Grand Prix Historique de F1 \u2013 10 au 12 mai 2024 - Rendez-vous manqu\u00e9 \u00e0 Monaco - ayari-racing\" \/>\n<meta property=\"og:description\" content=\"Arriv\u00e9 avec beaucoup d\u2019espoir en Principaut\u00e9 de Monaco, sur un trac\u00e9 o\u00f9 les r\u00e9glages de sa Ligier JS-21 et son pilotage avaient de quoi faire merveille, Soheil a connu la douche froide aux essais qualificatifs du samedi, qui ont mis fin \u00e0 son week-end de...\" \/>\n<meta property=\"og:url\" content=\"https:\/\/www.ayari-racing.com\/index.php\/2024\/05\/14\/monaco-grand-prix-historique-de-f1-10-au-12-mai-2024-rendez-vous-manque-a-monaco\/\" \/>\n<meta property=\"og:site_name\" content=\"ayari-racing\" \/>\n<meta property=\"article:published_time\" content=\"2024-05-14T04:29:34+00:00\" \/>\n<meta property=\"og:image\" content=\"http:\/\/www.ayari-racing.com\/wp-content\/uploads\/2024\/05\/440778473_941834861279066_4338119380633368344_n.jpg\" \/>\n\t<meta property=\"og:image:width\" content=\"906\" \/>\n\t<meta property=\"og:image:height\" content=\"1002\" \/>\n\t<meta property=\"og:image:type\" content=\"image\/jpeg\" \/>\n<meta name=\"author\" content=\"Ayari sassan\" \/>\n<meta name=\"twitter:card\" content=\"summary_large_image\" \/>\n<meta name=\"twitter:label1\" content=\"\u00c9crit par\" \/>\n\t<meta name=\"twitter:data1\" content=\"Ayari sassan\" \/>\n\t<meta name=\"twitter:label2\" content=\"Dur\u00e9e de lecture estim\u00e9e\" \/>\n\t<meta name=\"twitter:data2\" content=\"2 minutes\" \/>\n<script type=\"application\/ld+json\" class=\"yoast-schema-graph\">{\"@context\":\"https:\/\/schema.org\",\"@graph\":[{\"@type\":\"Article\",\"@id\":\"https:\/\/www.ayari-racing.com\/index.php\/2024\/05\/14\/monaco-grand-prix-historique-de-f1-10-au-12-mai-2024-rendez-vous-manque-a-monaco\/#article\",\"isPartOf\":{\"@id\":\"https:\/\/www.ayari-racing.com\/index.php\/2024\/05\/14\/monaco-grand-prix-historique-de-f1-10-au-12-mai-2024-rendez-vous-manque-a-monaco\/\"},\"author\":{\"name\":\"Ayari sassan\",\"@id\":\"https:\/\/www.ayari-racing.com\/#\/schema\/person\/32075f08efe1cf46ce5349d830333784\"},\"headline\":\"Monaco Grand Prix Historique de F1 \u2013 10 au 12 mai 2024 &#8211; Rendez-vous manqu\u00e9 \u00e0 Monaco\",\"datePublished\":\"2024-05-14T04:29:34+00:00\",\"mainEntityOfPage\":{\"@id\":\"https:\/\/www.ayari-racing.com\/index.php\/2024\/05\/14\/monaco-grand-prix-historique-de-f1-10-au-12-mai-2024-rendez-vous-manque-a-monaco\/\"},\"wordCount\":347,\"commentCount\":0,\"publisher\":{\"@id\":\"https:\/\/www.ayari-racing.com\/#\/schema\/person\/32075f08efe1cf46ce5349d830333784\"},\"image\":{\"@id\":\"https:\/\/www.ayari-racing.com\/index.php\/2024\/05\/14\/monaco-grand-prix-historique-de-f1-10-au-12-mai-2024-rendez-vous-manque-a-monaco\/#primaryimage\"},\"thumbnailUrl\":\"https:\/\/www.ayari-racing.com\/wp-content\/uploads\/2024\/05\/440778473_941834861279066_4338119380633368344_n.jpg\",\"articleSection\":[\"Ayari classic\",\"Ayari-racing\"],\"inLanguage\":\"fr-FR\",\"potentialAction\":[{\"@type\":\"CommentAction\",\"name\":\"Comment\",\"target\":[\"https:\/\/www.ayari-racing.com\/index.php\/2024\/05\/14\/monaco-grand-prix-historique-de-f1-10-au-12-mai-2024-rendez-vous-manque-a-monaco\/#respond\"]}]},{\"@type\":\"WebPage\",\"@id\":\"https:\/\/www.ayari-racing.com\/index.php\/2024\/05\/14\/monaco-grand-prix-historique-de-f1-10-au-12-mai-2024-rendez-vous-manque-a-monaco\/\",\"url\":\"https:\/\/www.ayari-racing.com\/index.php\/2024\/05\/14\/monaco-grand-prix-historique-de-f1-10-au-12-mai-2024-rendez-vous-manque-a-monaco\/\",\"name\":\"Monaco Grand Prix Historique de F1 \u2013 10 au 12 mai 2024 - Rendez-vous manqu\u00e9 \u00e0 Monaco - ayari-racing\",\"isPartOf\":{\"@id\":\"https:\/\/www.ayari-racing.com\/#website\"},\"primaryImageOfPage\":{\"@id\":\"https:\/\/www.ayari-racing.com\/index.php\/2024\/05\/14\/monaco-grand-prix-historique-de-f1-10-au-12-mai-2024-rendez-vous-manque-a-monaco\/#primaryimage\"},\"image\":{\"@id\":\"https:\/\/www.ayari-racing.com\/index.php\/2024\/05\/14\/monaco-grand-prix-historique-de-f1-10-au-12-mai-2024-rendez-vous-manque-a-monaco\/#primaryimage\"},\"thumbnailUrl\":\"https:\/\/www.ayari-racing.com\/wp-content\/uploads\/2024\/05\/440778473_941834861279066_4338119380633368344_n.jpg\",\"datePublished\":\"2024-05-14T04:29:34+00:00\",\"breadcrumb\":{\"@id\":\"https:\/\/www.ayari-racing.com\/index.php\/2024\/05\/14\/monaco-grand-prix-historique-de-f1-10-au-12-mai-2024-rendez-vous-manque-a-monaco\/#breadcrumb\"},\"inLanguage\":\"fr-FR\",\"potentialAction\":[{\"@type\":\"ReadAction\",\"target\":[\"https:\/\/www.ayari-racing.com\/index.php\/2024\/05\/14\/monaco-grand-prix-historique-de-f1-10-au-12-mai-2024-rendez-vous-manque-a-monaco\/\"]}]},{\"@type\":\"ImageObject\",\"inLanguage\":\"fr-FR\",\"@id\":\"https:\/\/www.ayari-racing.com\/index.php\/2024\/05\/14\/monaco-grand-prix-historique-de-f1-10-au-12-mai-2024-rendez-vous-manque-a-monaco\/#primaryimage\",\"url\":\"https:\/\/www.ayari-racing.com\/wp-content\/uploads\/2024\/05\/440778473_941834861279066_4338119380633368344_n.jpg\",\"contentUrl\":\"https:\/\/www.ayari-racing.com\/wp-content\/uploads\/2024\/05\/440778473_941834861279066_4338119380633368344_n.jpg\",\"width\":906,\"height\":1002,\"caption\":\"MONACO GRAND PRIX SOHEIL AYARI\"},{\"@type\":\"BreadcrumbList\",\"@id\":\"https:\/\/www.ayari-racing.com\/index.php\/2024\/05\/14\/monaco-grand-prix-historique-de-f1-10-au-12-mai-2024-rendez-vous-manque-a-monaco\/#breadcrumb\",\"itemListElement\":[{\"@type\":\"ListItem\",\"position\":1,\"name\":\"Home\",\"item\":\"https:\/\/www.ayari-racing.com\/\"},{\"@type\":\"ListItem\",\"position\":2,\"name\":\"Monaco Grand Prix Historique de F1 \u2013 10 au 12 mai 2024 &#8211; Rendez-vous manqu\u00e9 \u00e0 Monaco\"}]},{\"@type\":\"WebSite\",\"@id\":\"https:\/\/www.ayari-racing.com\/#website\",\"url\":\"https:\/\/www.ayari-racing.com\/\",\"name\":\"ayari-racing\",\"description\":\"Soheil Ayari, pilote automobile endurance, GT, coach de pilote\",\"publisher\":{\"@id\":\"https:\/\/www.ayari-racing.com\/#\/schema\/person\/32075f08efe1cf46ce5349d830333784\"},\"potentialAction\":[{\"@type\":\"SearchAction\",\"target\":{\"@type\":\"EntryPoint\",\"urlTemplate\":\"https:\/\/www.ayari-racing.com\/?s={search_term_string}\"},\"query-input\":{\"@type\":\"PropertyValueSpecification\",\"valueRequired\":true,\"valueName\":\"search_term_string\"}}],\"inLanguage\":\"fr-FR\"},{\"@type\":[\"Person\",\"Organization\"],\"@id\":\"https:\/\/www.ayari-racing.com\/#\/schema\/person\/32075f08efe1cf46ce5349d830333784\",\"name\":\"Ayari sassan\",\"image\":{\"@type\":\"ImageObject\",\"inLanguage\":\"fr-FR\",\"@id\":\"https:\/\/www.ayari-racing.com\/#\/schema\/person\/image\/\",\"url\":\"https:\/\/secure.gravatar.com\/avatar\/635fd46f213a2db5866407af58082930?s=96&d=mm&r=g\",\"contentUrl\":\"https:\/\/secure.gravatar.com\/avatar\/635fd46f213a2db5866407af58082930?s=96&d=mm&r=g\",\"caption\":\"Ayari sassan\"},\"logo\":{\"@id\":\"https:\/\/www.ayari-racing.com\/#\/schema\/person\/image\/\"},\"sameAs\":[\"http:\/\/www.acom-evenements.com\"]}]}<\/script>\n<!-- \/ Yoast SEO plugin. -->","yoast_head_json":{"title":"Monaco Grand Prix Historique de F1 \u2013 10 au 12 mai 2024 - Rendez-vous manqu\u00e9 \u00e0 Monaco - ayari-racing","robots":{"index":"index","follow":"follow","max-snippet":"max-snippet:-1","max-image-preview":"max-image-preview:large","max-video-preview":"max-video-preview:-1"},"canonical":"https:\/\/www.ayari-racing.com\/index.php\/2024\/05\/14\/monaco-grand-prix-historique-de-f1-10-au-12-mai-2024-rendez-vous-manque-a-monaco\/","og_locale":"fr_FR","og_type":"article","og_title":"Monaco Grand Prix Historique de F1 \u2013 10 au 12 mai 2024 - Rendez-vous manqu\u00e9 \u00e0 Monaco - ayari-racing","og_description":"Arriv\u00e9 avec beaucoup d\u2019espoir en Principaut\u00e9 de Monaco, sur un trac\u00e9 o\u00f9 les r\u00e9glages de sa Ligier JS-21 et son pilotage avaient de quoi faire merveille, Soheil a connu la douche froide aux essais qualificatifs du samedi, qui ont mis fin \u00e0 son week-end de...","og_url":"https:\/\/www.ayari-racing.com\/index.php\/2024\/05\/14\/monaco-grand-prix-historique-de-f1-10-au-12-mai-2024-rendez-vous-manque-a-monaco\/","og_site_name":"ayari-racing","article_published_time":"2024-05-14T04:29:34+00:00","og_image":[{"width":906,"height":1002,"url":"http:\/\/www.ayari-racing.com\/wp-content\/uploads\/2024\/05\/440778473_941834861279066_4338119380633368344_n.jpg","type":"image\/jpeg"}],"author":"Ayari sassan","twitter_card":"summary_large_image","twitter_misc":{"\u00c9crit par":"Ayari sassan","Dur\u00e9e de lecture estim\u00e9e":"2 minutes"},"schema":{"@context":"https:\/\/schema.org","@graph":[{"@type":"Article","@id":"https:\/\/www.ayari-racing.com\/index.php\/2024\/05\/14\/monaco-grand-prix-historique-de-f1-10-au-12-mai-2024-rendez-vous-manque-a-monaco\/#article","isPartOf":{"@id":"https:\/\/www.ayari-racing.com\/index.php\/2024\/05\/14\/monaco-grand-prix-historique-de-f1-10-au-12-mai-2024-rendez-vous-manque-a-monaco\/"},"author":{"name":"Ayari sassan","@id":"https:\/\/www.ayari-racing.com\/#\/schema\/person\/32075f08efe1cf46ce5349d830333784"},"headline":"Monaco Grand Prix Historique de F1 \u2013 10 au 12 mai 2024 &#8211; Rendez-vous manqu\u00e9 \u00e0 Monaco","datePublished":"2024-05-14T04:29:34+00:00","mainEntityOfPage":{"@id":"https:\/\/www.ayari-racing.com\/index.php\/2024\/05\/14\/monaco-grand-prix-historique-de-f1-10-au-12-mai-2024-rendez-vous-manque-a-monaco\/"},"wordCount":347,"commentCount":0,"publisher":{"@id":"https:\/\/www.ayari-racing.com\/#\/schema\/person\/32075f08efe1cf46ce5349d830333784"},"image":{"@id":"https:\/\/www.ayari-racing.com\/index.php\/2024\/05\/14\/monaco-grand-prix-historique-de-f1-10-au-12-mai-2024-rendez-vous-manque-a-monaco\/#primaryimage"},"thumbnailUrl":"https:\/\/www.ayari-racing.com\/wp-content\/uploads\/2024\/05\/440778473_941834861279066_4338119380633368344_n.jpg","articleSection":["Ayari classic","Ayari-racing"],"inLanguage":"fr-FR","potentialAction":[{"@type":"CommentAction","name":"Comment","target":["https:\/\/www.ayari-racing.com\/index.php\/2024\/05\/14\/monaco-grand-prix-historique-de-f1-10-au-12-mai-2024-rendez-vous-manque-a-monaco\/#respond"]}]},{"@type":"WebPage","@id":"https:\/\/www.ayari-racing.com\/index.php\/2024\/05\/14\/monaco-grand-prix-historique-de-f1-10-au-12-mai-2024-rendez-vous-manque-a-monaco\/","url":"https:\/\/www.ayari-racing.com\/index.php\/2024\/05\/14\/monaco-grand-prix-historique-de-f1-10-au-12-mai-2024-rendez-vous-manque-a-monaco\/","name":"Monaco Grand Prix Historique de F1 \u2013 10 au 12 mai 2024 - Rendez-vous manqu\u00e9 \u00e0 Monaco - ayari-racing","isPartOf":{"@id":"https:\/\/www.ayari-racing.com\/#website"},"primaryImageOfPage":{"@id":"https:\/\/www.ayari-racing.com\/index.php\/2024\/05\/14\/monaco-grand-prix-historique-de-f1-10-au-12-mai-2024-rendez-vous-manque-a-monaco\/#primaryimage"},"image":{"@id":"https:\/\/www.ayari-racing.com\/index.php\/2024\/05\/14\/monaco-grand-prix-historique-de-f1-10-au-12-mai-2024-rendez-vous-manque-a-monaco\/#primaryimage"},"thumbnailUrl":"https:\/\/www.ayari-racing.com\/wp-content\/uploads\/2024\/05\/440778473_941834861279066_4338119380633368344_n.jpg","datePublished":"2024-05-14T04:29:34+00:00","breadcrumb":{"@id":"https:\/\/www.ayari-racing.com\/index.php\/2024\/05\/14\/monaco-grand-prix-historique-de-f1-10-au-12-mai-2024-rendez-vous-manque-a-monaco\/#breadcrumb"},"inLanguage":"fr-FR","potentialAction":[{"@type":"ReadAction","target":["https:\/\/www.ayari-racing.com\/index.php\/2024\/05\/14\/monaco-grand-prix-historique-de-f1-10-au-12-mai-2024-rendez-vous-manque-a-monaco\/"]}]},{"@type":"ImageObject","inLanguage":"fr-FR","@id":"https:\/\/www.ayari-racing.com\/index.php\/2024\/05\/14\/monaco-grand-prix-historique-de-f1-10-au-12-mai-2024-rendez-vous-manque-a-monaco\/#primaryimage","url":"https:\/\/www.ayari-racing.com\/wp-content\/uploads\/2024\/05\/440778473_941834861279066_4338119380633368344_n.jpg","contentUrl":"https:\/\/www.ayari-racing.com\/wp-content\/uploads\/2024\/05\/440778473_941834861279066_4338119380633368344_n.jpg","width":906,"height":1002,"caption":"MONACO GRAND PRIX SOHEIL AYARI"},{"@type":"BreadcrumbList","@id":"https:\/\/www.ayari-racing.com\/index.php\/2024\/05\/14\/monaco-grand-prix-historique-de-f1-10-au-12-mai-2024-rendez-vous-manque-a-monaco\/#breadcrumb","itemListElement":[{"@type":"ListItem","position":1,"name":"Home","item":"https:\/\/www.ayari-racing.com\/"},{"@type":"ListItem","position":2,"name":"Monaco Grand Prix Historique de F1 \u2013 10 au 12 mai 2024 &#8211; Rendez-vous manqu\u00e9 \u00e0 Monaco"}]},{"@type":"WebSite","@id":"https:\/\/www.ayari-racing.com\/#website","url":"https:\/\/www.ayari-racing.com\/","name":"ayari-racing","description":"Soheil Ayari, pilote automobile endurance, GT, coach de pilote","publisher":{"@id":"https:\/\/www.ayari-racing.com\/#\/schema\/person\/32075f08efe1cf46ce5349d830333784"},"potentialAction":[{"@type":"SearchAction","target":{"@type":"EntryPoint","urlTemplate":"https:\/\/www.ayari-racing.com\/?s={search_term_string}"},"query-input":{"@type":"PropertyValueSpecification","valueRequired":true,"valueName":"search_term_string"}}],"inLanguage":"fr-FR"},{"@type":["Person","Organization"],"@id":"https:\/\/www.ayari-racing.com\/#\/schema\/person\/32075f08efe1cf46ce5349d830333784","name":"Ayari sassan","image":{"@type":"ImageObject","inLanguage":"fr-FR","@id":"https:\/\/www.ayari-racing.com\/#\/schema\/person\/image\/","url":"https:\/\/secure.gravatar.com\/avatar\/635fd46f213a2db5866407af58082930?s=96&d=mm&r=g","contentUrl":"https:\/\/secure.gravatar.com\/avatar\/635fd46f213a2db5866407af58082930?s=96&d=mm&r=g","caption":"Ayari sassan"},"logo":{"@id":"https:\/\/www.ayari-racing.com\/#\/schema\/person\/image\/"},"sameAs":["http:\/\/www.acom-evenements.com"]}]}},"_links":{"self":[{"href":"https:\/\/www.ayari-racing.com\/index.php\/wp-json\/wp\/v2\/posts\/9314"}],"collection":[{"href":"https:\/\/www.ayari-racing.com\/index.php\/wp-json\/wp\/v2\/posts"}],"about":[{"href":"https:\/\/www.ayari-racing.com\/index.php\/wp-json\/wp\/v2\/types\/post"}],"author":[{"embeddable":true,"href":"https:\/\/www.ayari-racing.com\/index.php\/wp-json\/wp\/v2\/users\/4"}],"replies":[{"embeddable":true,"href":"https:\/\/www.ayari-racing.com\/index.php\/wp-json\/wp\/v2\/comments?post=9314"}],"version-history":[{"count":1,"href":"https:\/\/www.ayari-racing.com\/index.php\/wp-json\/wp\/v2\/posts\/9314\/revisions"}],"predecessor-version":[{"id":9316,"href":"https:\/\/www.ayari-racing.com\/index.php\/wp-json\/wp\/v2\/posts\/9314\/revisions\/9316"}],"wp:featuredmedia":[{"embeddable":true,"href":"https:\/\/www.ayari-racing.com\/index.php\/wp-json\/wp\/v2\/media\/9315"}],"wp:attachment":[{"href":"https:\/\/www.ayari-racing.com\/index.php\/wp-json\/wp\/v2\/media?parent=9314"}],"wp:term":[{"taxonomy":"category","embeddable":true,"href":"https:\/\/www.ayari-racing.com\/index.php\/wp-json\/wp\/v2\/categories?post=9314"},{"taxonomy":"post_tag","embeddable":true,"href":"https:\/\/www.ayari-racing.com\/index.php\/wp-json\/wp\/v2\/tags?post=9314"}],"curies":[{"name":"wp","href":"https:\/\/api.w.org\/{rel}","templated":true}]}}